{"id":76801,"date":"2022-04-19T20:18:48","date_gmt":"2022-04-19T20:18:48","guid":{"rendered":"https:\/\/gazetaregionalna.com\/?p=76801"},"modified":"2022-04-19T20:18:48","modified_gmt":"2022-04-19T20:18:48","slug":"policjanci-zatrzymali-za-jazde-pod-wplywem-alkoholu","status":"publish","type":"post","link":"https:\/\/gazetaregionalna.com\/?p=76801","title":{"rendered":"Policjanci zatrzymali kolejn\u0105 osob\u0119 za jazd\u0119 pod wp\u0142ywem alkoholu"},"content":{"rendered":"\n<h2 class=\"wp-block-heading\"><strong>W \u015bwi\u0105teczny poniedzia\u0142ek, na terenie gminy K\u0142omnice, cz\u0119stochowscy policjanci zatrzymali jad\u0105cy zygzakiem samoch\u00f3d. Okaza\u0142o si\u0119, \u017ce za kierownic\u0105 siedzia\u0142a kompletnie pijana 52-latka.<\/strong><\/h2>\n\n\n\n<p>Policjanci, w drodze powrotnej do swoich dom\u00f3w, dostrzegli, \u017ce z naprzeciwka zbli\u017ca si\u0119 samoch\u00f3d marki seat, kt\u00f3rego kierowca nagle zjecha\u0142 ze swojego pasa ruchu, co grozi\u0142o zderzeniem czo\u0142owym.<\/p>\n\n\n\n<p>Niebezpieczne manewry kierowcy seata spowodowa\u0142y, \u017ce funkcjonariusze zaryzykowali i zajechali drog\u0119 piratowi drogowemu i dzi\u0119ki temu uda\u0142o si\u0119 go zatrzyma\u0107.<\/p>\n\n\n\n<p>Pirat drogowy okaza\u0142 si\u0119 &#8230;piratk\u0105, poniewa\u017c okaza\u0142o si\u0119, \u017ce za kierownic\u0105 siedzia\u0142a pijana kobieta. Badanie wykaza\u0142o, \u017ce 52- latka mia\u0142a w organizmie a\u017c 2,5 promila alkoholu. Kompletnie pijani okazali si\u0119 tak\u017ce dwaj pozostali pasa\u017cerowie.<\/p>\n\n\n\n<p>Za (za)lany poniedzia\u0142ek kobiecie grozi kara dw\u00f3ch lat wi\u0119zienia. Na ca\u0142e szcz\u0119\u015bcie uda\u0142o si\u0119 unikn\u0105\u0107 wypadku, cho\u0107 niezmiennie zadziwia brak odpowiedzialno\u015bci kierowc\u00f3w.<\/p>\n\n\n\n<p>Osoba kieruj\u0105ca pojazdem w stanie nietrze\u017awo\u015bci musi si\u0119 liczy\u0107 r\u00f3wnie\u017c z dolegliwymi konsekwencjami finansowymi. S\u0105d obligatoryjnie nak\u0142ada na takiego kierowc\u0119 \u015bwiadczenie pieni\u0119\u017cne w wysoko\u015bci od 5 000 do 60 000 z\u0142otych.<\/p>\n","protected":false},"excerpt":{"rendered":"<p>W \u015bwi\u0105teczny poniedzia\u0142ek, na terenie gminy K\u0142omnice, cz\u0119stochowscy policjanci zatrzymali jad\u0105cy zygzakiem samoch\u00f3d. Okaza\u0142o si\u0119, \u017ce za kierownic\u0105 siedzia\u0142a kompletnie pijana 52-latka. Policjanci, w<\/p>\n","protected":false},"author":24,"featured_media":76807,"comment_status":"closed","ping_status":"open","sticky":false,"template":"","format":"standard","meta":{"_monsterinsights_skip_tracking":false,"_monsterinsights_sitenote_active":false,"_monsterinsights_sitenote_note":"","_monsterinsights_sitenote_category":0,"_uf_show_specific_survey":0,"_uf_disable_surveys":false,"footnotes":""},"categories":[44,4],"tags":[1753,1752,304,4532,103,3630],"class_list":["post-76801","post","type-post","status-publish","format-standard","has-post-thumbnail","hentry","category-bezpieczenstwo","category-region","tag-jazda-z-promilami","tag-kierowca","tag-pijany-kierowca","tag-pirat-drogowy","tag-policja","tag-zatrzymanie"],"_links":{"self":[{"href":"https:\/\/gazetaregionalna.com\/index.php?rest_route=\/wp\/v2\/posts\/76801","targetHints":{"allow":["GET"]}}],"collection":[{"href":"https:\/\/gazetaregionalna.com\/index.php?rest_route=\/wp\/v2\/posts"}],"about":[{"href":"https:\/\/gazetaregionalna.com\/index.php?rest_route=\/wp\/v2\/types\/post"}],"author":[{"embeddable":true,"href":"https:\/\/gazetaregionalna.com\/index.php?rest_route=\/wp\/v2\/users\/24"}],"replies":[{"embeddable":true,"href":"https:\/\/gazetaregionalna.com\/index.php?rest_route=%2Fwp%2Fv2%2Fcomments&post=76801"}],"version-history":[{"count":2,"href":"https:\/\/gazetaregionalna.com\/index.php?rest_route=\/wp\/v2\/posts\/76801\/revisions"}],"predecessor-version":[{"id":76803,"href":"https:\/\/gazetaregionalna.com\/index.php?rest_route=\/wp\/v2\/posts\/76801\/revisions\/76803"}],"wp:featuredmedia":[{"embeddable":true,"href":"https:\/\/gazetaregionalna.com\/index.php?rest_route=\/wp\/v2\/media\/76807"}],"wp:attachment":[{"href":"https:\/\/gazetaregionalna.com\/index.php?rest_route=%2Fwp%2Fv2%2Fmedia&parent=76801"}],"wp:term":[{"taxonomy":"category","embeddable":true,"href":"https:\/\/gazetaregionalna.com\/index.php?rest_route=%2Fwp%2Fv2%2Fcategories&post=76801"},{"taxonomy":"post_tag","embeddable":true,"href":"https:\/\/gazetaregionalna.com\/index.php?rest_route=%2Fwp%2Fv2%2Ftags&post=76801"}],"curies":[{"name":"wp","href":"https:\/\/api.w.org\/{rel}","templated":true}]}}