{"id":76730,"date":"2022-04-19T08:51:58","date_gmt":"2022-04-19T08:51:58","guid":{"rendered":"https:\/\/gazetaregionalna.com\/?p=76730"},"modified":"2022-04-19T08:52:27","modified_gmt":"2022-04-19T08:52:27","slug":"poszukiwany-mezczyzna-ujety-w-czasie-wielkanocnego-sniadania","status":"publish","type":"post","link":"https:\/\/gazetaregionalna.com\/?p=76730","title":{"rendered":"Poszukiwany m\u0119\u017cczyzna schwytany przez stra\u017cnik\u00f3w miejskich w czasie wielkanocnego \u015bniadania"},"content":{"rendered":"\n<p><strong>Podczas sobotniego \u201e\u015aniadania Wielkanocnego\u201d dla os\u00f3b bezdomnych, samotnych i potrzebuj\u0105cych cz\u0119stochowscy stra\u017cnicy miejscy rozpoznali i uj\u0119li poszukiwanego m\u0119\u017cczyzn\u0119.<\/strong><\/p>\n\n\n\n<p>W Wielki Pi\u0105tek i w Wielk\u0105 Sobot\u0119 stra\u017cnicy miejscy rozwozili paczki wielkanocne dla os\u00f3b samotnych i potrzebuj\u0105cych. 16 kwietnia stra\u017cnicy miejscy zabezpieczali te\u017c \u201e\u015aniadanie Wielkanocne\u201d dla os\u00f3b, bezdomnych, samotnych i potrzebuj\u0105cych. Uroczyste \u015bwi\u0105teczne \u015bniadanie odby\u0142o si\u0119 na terenie szko\u0142y przy ul. Targowej.<\/p>\n\n\n\n<p>W trakcie trwania \u015bniadania stra\u017cnicy miejscy rozpoznali i uj\u0119li m\u0119\u017cczyzn\u0119, kt\u00f3ry figurowa\u0142 w kartotece os\u00f3b poszukiwanych. O fakcie zostali powiadomieni funkcjonariusze z IV Komendy Policji.<\/p>\n\n\n\n<p><strong>LN\u015a\/SM Cz\u0119stochowa<\/strong><\/p>\n","protected":false},"excerpt":{"rendered":"<p>Podczas sobotniego \u201e\u015aniadania Wielkanocnego\u201d dla os\u00f3b bezdomnych, samotnych i potrzebuj\u0105cych cz\u0119stochowscy stra\u017cnicy miejscy rozpoznali i uj\u0119li poszukiwanego m\u0119\u017cczyzn\u0119. W Wielki Pi\u0105tek i w Wielk\u0105<\/p>\n","protected":false},"author":26,"featured_media":34905,"comment_status":"closed","ping_status":"open","sticky":false,"template":"","format":"standard","meta":{"_monsterinsights_skip_tracking":false,"_monsterinsights_sitenote_active":false,"_monsterinsights_sitenote_note":"","_monsterinsights_sitenote_category":0,"_uf_show_specific_survey":0,"_uf_disable_surveys":false,"footnotes":""},"categories":[44,3,2],"tags":[4526,2423,410],"class_list":["post-76730","post","type-post","status-publish","format-standard","has-post-thumbnail","hentry","category-bezpieczenstwo","category-czestochowa-informacje","category-wiadomosci","tag-iv-kmp-czestochowa","tag-poszukiwany","tag-straz-miejska-w-czestochowie"],"_links":{"self":[{"href":"https:\/\/gazetaregionalna.com\/index.php?rest_route=\/wp\/v2\/posts\/76730","targetHints":{"allow":["GET"]}}],"collection":[{"href":"https:\/\/gazetaregionalna.com\/index.php?rest_route=\/wp\/v2\/posts"}],"about":[{"href":"https:\/\/gazetaregionalna.com\/index.php?rest_route=\/wp\/v2\/types\/post"}],"author":[{"embeddable":true,"href":"https:\/\/gazetaregionalna.com\/index.php?rest_route=\/wp\/v2\/users\/26"}],"replies":[{"embeddable":true,"href":"https:\/\/gazetaregionalna.com\/index.php?rest_route=%2Fwp%2Fv2%2Fcomments&post=76730"}],"version-history":[{"count":1,"href":"https:\/\/gazetaregionalna.com\/index.php?rest_route=\/wp\/v2\/posts\/76730\/revisions"}],"predecessor-version":[{"id":76731,"href":"https:\/\/gazetaregionalna.com\/index.php?rest_route=\/wp\/v2\/posts\/76730\/revisions\/76731"}],"wp:featuredmedia":[{"embeddable":true,"href":"https:\/\/gazetaregionalna.com\/index.php?rest_route=\/wp\/v2\/media\/34905"}],"wp:attachment":[{"href":"https:\/\/gazetaregionalna.com\/index.php?rest_route=%2Fwp%2Fv2%2Fmedia&parent=76730"}],"wp:term":[{"taxonomy":"category","embeddable":true,"href":"https:\/\/gazetaregionalna.com\/index.php?rest_route=%2Fwp%2Fv2%2Fcategories&post=76730"},{"taxonomy":"post_tag","embeddable":true,"href":"https:\/\/gazetaregionalna.com\/index.php?rest_route=%2Fwp%2Fv2%2Ftags&post=76730"}],"curies":[{"name":"wp","href":"https:\/\/api.w.org\/{rel}","templated":true}]}}