{"id":76679,"date":"2022-04-18T14:14:11","date_gmt":"2022-04-18T14:14:11","guid":{"rendered":"https:\/\/gazetaregionalna.com\/?p=76679"},"modified":"2022-04-18T14:14:12","modified_gmt":"2022-04-18T14:14:12","slug":"na-premiere-makbeta-czekamy-od-1984","status":"publish","type":"post","link":"https:\/\/gazetaregionalna.com\/?p=76679","title":{"rendered":"Na premier\u0119 \u201eMakbeta\u201d czekamy w Cz\u0119stochowie od 1984 roku"},"content":{"rendered":"\n<h2 class=\"wp-block-heading\">Po blisko 40 latach Teatr im. A. Mickiewicza zn\u00f3w podj\u0105\u0142 pr\u00f3b\u0119 realizacji \u201eMakbeta\u201d. Premiera, kt\u00f3r\u0105 planowano na 1984 r., nigdy nie dosz\u0142a bowiem do skutku. Ta w re\u017cyserii Andr<em>\u00e9<\/em> H\u00fcbnera\u2013 Ochodlo przewidziana jest na sobot\u0119, 23 kwietnia.<\/h2>\n\n\n\n<p>W ci\u0105gu szesnastoletniej ju\u017c kadencji Roberta Doros\u0142awskiego jako szefa cz\u0119stochowskiej sceny po dzie\u0142a Williama Szekspira si\u0119gano trzykrotnie. Zacz\u0119to od widowiskowego \u201eWieczoru Trzech Kr\u00f3li\u201d w t\u0142umaczeniu Stanis\u0142awa Bara\u0144czaka, kt\u00f3ry w 2011 r. zrealizowa\u0142 rosyjski re\u017cyser Gennady Trostyanetskiy. Trzy lata p\u00f3\u017aniej swoj\u0105 premier\u0119 mia\u0142 \u201eHamlet\u201d w t\u0142umaczeniu Jerzego Sity, kt\u00f3rego wyre\u017cyserowa\u0142 Andr<em>\u00e9<\/em> H\u00fcbner\u2013 Ochodlo. Warto doda\u0107, \u017ce graj\u0105cy tytu\u0142ow\u0105 rol\u0119 Maciej P\u00f3\u0142torak otrzyma\u0142 Nagrod\u0119 im. Zbigniewa Grucy, przyznawan\u0105 przez \u201eDziennik Teatralny&#8221;, a Micha\u0142 Kula Z\u0142ot\u0105 Mask\u0119 za rol\u0119 Grabarza. Sezon 2021\/2022 nale\u017cy za\u015b do \u201eMakbeta\u201d.<\/p>\n\n\n\n<figure class=\"wp-block-image size-large\"><img decoding=\"async\" width=\"435\" height=\"600\" data-src=\"https:\/\/gazetaregionalna.com\/wp-content\/uploads\/2022\/04\/98c615d4c2071197cc6e8cb392abd36f.jpg\" alt=\"\" class=\"wp-image-76690 lazyload\" data-srcset=\"https:\/\/gazetaregionalna.com\/wp-content\/uploads\/2022\/04\/98c615d4c2071197cc6e8cb392abd36f.jpg 435w, https:\/\/gazetaregionalna.com\/wp-content\/uploads\/2022\/04\/98c615d4c2071197cc6e8cb392abd36f-218x300.jpg 218w, https:\/\/gazetaregionalna.com\/wp-content\/uploads\/2022\/04\/98c615d4c2071197cc6e8cb392abd36f-305x420.jpg 305w\" data-sizes=\"(max-width: 435px) 100vw, 435px\" src=\"data:image\/svg+xml;base64,PHN2ZyB3aWR0aD0iMSIgaGVpZ2h0PSIxIiB4bWxucz0iaHR0cDovL3d3dy53My5vcmcvMjAwMC9zdmciPjwvc3ZnPg==\" style=\"--smush-placeholder-width: 435px; --smush-placeholder-aspect-ratio: 435\/600;\" \/><figcaption>Plakat autorstwa Agaty Kulczyk<\/figcaption><\/figure>\n\n\n\n<h4 class=\"wp-block-heading\">Ta premiera si\u0119 nie odby\u0142a<\/h4>\n\n\n\n<p>Co ciekawe, po blisko 40 latach, cz\u0119stochowski teatr zn\u00f3w porywa si\u0119 na ten tytu\u0142. Poprzednia premiera planowana na 1984 r., nigdy si\u0119 nie odby\u0142a.<\/p>\n\n\n\n<p><strong>&#8211; <\/strong>By\u0142em wtedy w klasie maturalnej albo na pierwszym roku studi\u00f3w. Na premier\u0119 um\u00f3wi\u0142em si\u0119 z moj\u0105 by\u0142\u0105 sympati\u0105. Mia\u0142a si\u0119 odby\u0107 w gmachu Filharmonii Cz\u0119stochowskiej (to by\u0142 czas, gdy teatr by\u0142 jeszcze w remoncie i grywa\u0142 na zmian\u0119 w \u201ePolitechniku\u201d i filharmonii). Nie by\u0142o wtedy internetu, Facebooka, na kt\u00f3rym dzi\u015b na pewno znale\u017aliby\u015bmy informacj\u0119 o odwo\u0142anym spektaklu. Nie\u015bwiadomi niczego wybrali\u015bmy si\u0119 na to wydarzenie. Razem ze spor\u0105 grup\u0105 cz\u0119stochowskich widz\u00f3w czekali\u015bmy na otwarcie drzwi na schodach gmachu. Zamiast tego przed budynek wyszed\u0142 jeden z dyrektor\u00f3w (by\u0142 to okres dyrektury Andrzeja Jurczy\u0144skiego i Wojciecha Kopci\u0144skiego), kt\u00f3ry obwie\u015bci\u0142, \u017ce premiera jest odwo\u0142ana. Przeprosi\u0142 zebranych, ale przyczyny nie poda\u0142. My\u015bleli\u015bmy, \u017ce zosta\u0142a tylko op\u00f3\u017aniona, nie odby\u0142a si\u0119 jednak nigdy &#8211; wspomina Robert Doros\u0142awski.<\/p>\n\n\n\n<figure class=\"wp-block-image size-large\"><img decoding=\"async\" width=\"1024\" height=\"684\" data-src=\"https:\/\/gazetaregionalna.com\/wp-content\/uploads\/2022\/04\/DLQ0779-Copy-1024x684.jpg\" alt=\"\" class=\"wp-image-76682 lazyload\" data-srcset=\"https:\/\/gazetaregionalna.com\/wp-content\/uploads\/2022\/04\/DLQ0779-Copy-1024x684.jpg 1024w, https:\/\/gazetaregionalna.com\/wp-content\/uploads\/2022\/04\/DLQ0779-Copy-300x200.jpg 300w, https:\/\/gazetaregionalna.com\/wp-content\/uploads\/2022\/04\/DLQ0779-Copy-768x513.jpg 768w, https:\/\/gazetaregionalna.com\/wp-content\/uploads\/2022\/04\/DLQ0779-Copy-1536x1025.jpg 1536w, https:\/\/gazetaregionalna.com\/wp-content\/uploads\/2022\/04\/DLQ0779-Copy-2048x1367.jpg 2048w, https:\/\/gazetaregionalna.com\/wp-content\/uploads\/2022\/04\/DLQ0779-Copy-696x465.jpg 696w, https:\/\/gazetaregionalna.com\/wp-content\/uploads\/2022\/04\/DLQ0779-Copy-1068x713.jpg 1068w, https:\/\/gazetaregionalna.com\/wp-content\/uploads\/2022\/04\/DLQ0779-Copy-1920x1282.jpg 1920w, https:\/\/gazetaregionalna.com\/wp-content\/uploads\/2022\/04\/DLQ0779-Copy-629x420.jpg 629w, https:\/\/gazetaregionalna.com\/wp-content\/uploads\/2022\/04\/DLQ0779-Copy-scaled.jpg 1600w\" data-sizes=\"(max-width: 1024px) 100vw, 1024px\" src=\"data:image\/svg+xml;base64,PHN2ZyB3aWR0aD0iMSIgaGVpZ2h0PSIxIiB4bWxucz0iaHR0cDovL3d3dy53My5vcmcvMjAwMC9zdmciPjwvc3ZnPg==\" style=\"--smush-placeholder-width: 1024px; --smush-placeholder-aspect-ratio: 1024\/684;\" \/><figcaption>Pr\u00f3by spektaklu &#8222;Makbet&#8221; (fot. Piotr D\u0142ubak\/Teatr im. Mickiewicza)<\/figcaption><\/figure>\n\n\n\n<p>Dlaczego tak si\u0119 sta\u0142o? To stanowi zagadk\u0119 do dzisiaj. \u2013 Takie nag\u0142e sytuacje mo\u017ce spowodowa\u0107 albo choroba aktora (cho\u0107 wtedy termin si\u0119 przesuwa), albo wzgl\u0119dy natury artystycznej b\u0105d\u017a obyczajowej \u2013 zastanawia si\u0119 szef Teatru im. A. Mickiewicza. &#8211; By\u0107 mo\u017ce \u00f3wczesny dyrektor nie ogl\u0105da\u0142 pr\u00f3b i dopiero na tej generalnej zdecydowa\u0142, \u017ce spektakl nie nadaje si\u0119 do pokazania publiczno\u015bci. My nie mieli\u015bmy nigdy takiej sytuacji. Ja przygl\u0105dam si\u0119 naszym produkcjom na etapie pr\u00f3b (i to nie generalnych), na bie\u017c\u0105co ws\u0142uchuj\u0119 si\u0119 w sugestie tw\u00f3rc\u00f3w. Wszystkie rozpocz\u0119te realizacje zawsze doprowadzali\u015bmy dotychczas do fina\u0142u \u2013 dodaje.<\/p>\n\n\n\n<h4 class=\"wp-block-heading\">Tytu\u0142 owiany kl\u0105tw\u0105<\/h4>\n\n\n\n<figure class=\"wp-block-image size-large\"><img decoding=\"async\" width=\"1024\" height=\"683\" data-src=\"https:\/\/gazetaregionalna.com\/wp-content\/uploads\/2022\/04\/DLQ9871a-Copy-Copy-1024x683.jpg\" alt=\"\" class=\"wp-image-76685 lazyload\" data-srcset=\"https:\/\/gazetaregionalna.com\/wp-content\/uploads\/2022\/04\/DLQ9871a-Copy-Copy-1024x683.jpg 1024w, https:\/\/gazetaregionalna.com\/wp-content\/uploads\/2022\/04\/DLQ9871a-Copy-Copy-300x200.jpg 300w, https:\/\/gazetaregionalna.com\/wp-content\/uploads\/2022\/04\/DLQ9871a-Copy-Copy-768x513.jpg 768w, https:\/\/gazetaregionalna.com\/wp-content\/uploads\/2022\/04\/DLQ9871a-Copy-Copy-1536x1025.jpg 1536w, https:\/\/gazetaregionalna.com\/wp-content\/uploads\/2022\/04\/DLQ9871a-Copy-Copy-2048x1367.jpg 2048w, https:\/\/gazetaregionalna.com\/wp-content\/uploads\/2022\/04\/DLQ9871a-Copy-Copy-696x464.jpg 696w, https:\/\/gazetaregionalna.com\/wp-content\/uploads\/2022\/04\/DLQ9871a-Copy-Copy-1068x713.jpg 1068w, https:\/\/gazetaregionalna.com\/wp-content\/uploads\/2022\/04\/DLQ9871a-Copy-Copy-1920x1281.jpg 1920w, https:\/\/gazetaregionalna.com\/wp-content\/uploads\/2022\/04\/DLQ9871a-Copy-Copy-629x420.jpg 629w, https:\/\/gazetaregionalna.com\/wp-content\/uploads\/2022\/04\/DLQ9871a-Copy-Copy-scaled.jpg 1600w\" data-sizes=\"(max-width: 1024px) 100vw, 1024px\" src=\"data:image\/svg+xml;base64,PHN2ZyB3aWR0aD0iMSIgaGVpZ2h0PSIxIiB4bWxucz0iaHR0cDovL3d3dy53My5vcmcvMjAwMC9zdmciPjwvc3ZnPg==\" style=\"--smush-placeholder-width: 1024px; --smush-placeholder-aspect-ratio: 1024\/683;\" \/><figcaption>Pr\u00f3by spektaklu &#8222;Makbet&#8221; (fot. Piotr D\u0142ubak\/Teatr im. Mickiewicza)<\/figcaption><\/figure>\n\n\n\n<p>Ch\u0119\u0107 zobaczenia \u201eMakbeta\u201d na cz\u0119stochowskiej scenie jednak w Doros\u0142awskim pozosta\u0142a. &#8211; Wtedy tej wiedzy nie mia\u0142em, ale gdy zacz\u0105\u0142em si\u0119 mocniej interesowa\u0107 teatrem, dowiedzia\u0142em si\u0119, \u017ce ten tytu\u0142 jest owiany jak\u0105\u015b kl\u0105tw\u0105. Andr<em>\u00e9 <\/em>nie pozwala na przyk\u0142ad w harmonogramie pr\u00f3b u\u017cywa\u0107 w\u0142a\u015bciwego tytu\u0142u. Nazywa spektakl \u201eSzkock\u0105 gr\u0105\u201d. Wszystko po to, \u017ceby nie zapesza\u0107. W \u015brodowisku panuje pogl\u0105d, \u017ce realizacja \u201eMakbeta\u201d jest dosy\u0107 ryzykowna i cz\u0119sto na jej drodze staj\u0105 r\u00f3\u017cne przeszkody. Niemniej odprawiony z kwitkiem z filharmonii, upolowa\u0142em ten tytu\u0142 na innych scenach. Ostatnio ogl\u0105da\u0142em inscenizacj\u0119 Agaty Dudy-Gracz we wroc\u0142awskim Teatrze Capitol. Bardzo mi si\u0119 podoba\u0142a, wi\u0119c to nie jest tak, \u017ce ka\u017cdy tw\u00f3rca, kt\u00f3ry we\u017amie si\u0119 za \u201eMakbeta\u201d, musi polec. Wielu wychodzi z tarcz\u0105. Mam nadziej\u0119, \u017ce i nam si\u0119 uda \u2013 wyja\u015bnia dyrektor.<\/p>\n\n\n\n<h4 class=\"wp-block-heading\">Klasyka na jubileusz<\/h4>\n\n\n\n<figure class=\"wp-block-image size-large\"><img decoding=\"async\" width=\"1024\" height=\"683\" data-src=\"https:\/\/gazetaregionalna.com\/wp-content\/uploads\/2022\/04\/DLQ0790a-Copy-Copy-1024x683.jpg\" alt=\"\" class=\"wp-image-76683 lazyload\" data-srcset=\"https:\/\/gazetaregionalna.com\/wp-content\/uploads\/2022\/04\/DLQ0790a-Copy-Copy-1024x683.jpg 1024w, https:\/\/gazetaregionalna.com\/wp-content\/uploads\/2022\/04\/DLQ0790a-Copy-Copy-300x200.jpg 300w, https:\/\/gazetaregionalna.com\/wp-content\/uploads\/2022\/04\/DLQ0790a-Copy-Copy-768x513.jpg 768w, https:\/\/gazetaregionalna.com\/wp-content\/uploads\/2022\/04\/DLQ0790a-Copy-Copy-1536x1025.jpg 1536w, https:\/\/gazetaregionalna.com\/wp-content\/uploads\/2022\/04\/DLQ0790a-Copy-Copy-2048x1367.jpg 2048w, https:\/\/gazetaregionalna.com\/wp-content\/uploads\/2022\/04\/DLQ0790a-Copy-Copy-696x464.jpg 696w, https:\/\/gazetaregionalna.com\/wp-content\/uploads\/2022\/04\/DLQ0790a-Copy-Copy-1068x713.jpg 1068w, https:\/\/gazetaregionalna.com\/wp-content\/uploads\/2022\/04\/DLQ0790a-Copy-Copy-1920x1281.jpg 1920w, https:\/\/gazetaregionalna.com\/wp-content\/uploads\/2022\/04\/DLQ0790a-Copy-Copy-629x420.jpg 629w, https:\/\/gazetaregionalna.com\/wp-content\/uploads\/2022\/04\/DLQ0790a-Copy-Copy-scaled.jpg 1600w\" data-sizes=\"(max-width: 1024px) 100vw, 1024px\" src=\"data:image\/svg+xml;base64,PHN2ZyB3aWR0aD0iMSIgaGVpZ2h0PSIxIiB4bWxucz0iaHR0cDovL3d3dy53My5vcmcvMjAwMC9zdmciPjwvc3ZnPg==\" style=\"--smush-placeholder-width: 1024px; --smush-placeholder-aspect-ratio: 1024\/683;\" \/><figcaption>Pr\u00f3by spektaklu &#8222;Makbet&#8221; (fot. Piotr D\u0142ubak\/Teatr im. Mickiewicza)<\/figcaption><\/figure>\n\n\n\n<p>Pierwsze rozmowy o tej realizacji, pojawi\u0142y si\u0119 tu\u017c po wspomnianej premierze \u201eHamleta\u201d. \u2013 Andr\u00e9 pozna\u0142em jako pie\u015bniarza. Jako re\u017cysera zobaczy\u0142em go, gdy zaprosi\u0142 nas do Ostrawy na sw\u00f3j spektakl \u201ePrze\u0142amuj\u0105c fale\u201d. Uwa\u017ca\u0142em go za tw\u00f3rc\u0119 poszukuj\u0105cego, wyci\u0105gaj\u0105cego teksty premierowe, kameralne, mocno psychologiczne. Mniej kojarzy\u0142em go jako realizatora, wi\u0119c gdy zaproponowa\u0142 nam \u201eHamleta\u201d, razem z Piotrem Machalic\u0105 podchodzili\u015bmy do tego pomys\u0142u z niepewno\u015bci\u0105. Jednak jego pomys\u0142, by Hamlet \u015bpiewa\u0142 swoje monologi, by\u0142 niezwykle trafiony. Tak zreszt\u0105, jak ca\u0142a ta realizacja \u2013 przyznaje Doros\u0142awski. &#8211; Po premierze siedli\u015bmy z Andr<em>\u00e9<\/em> przy kawie. Powiedzia\u0142em, \u017ce dobrze by\u0142oby kiedy\u015b si\u0119gn\u0105\u0107 po \u201eMakbeta\u201d. Cho\u0107 oczywi\u015bcie zachowuj\u0105c pewn\u0105 przerw\u0119. Odczekali\u015bmy du\u017cej, ni\u017c planowali\u015bmy, ale ziarno dojrzewa\u0142o \u2013 zaznacza.<\/p>\n\n\n\n<p>Pomys\u0142 doczeka\u0142 si\u0119 realizacji w jubileuszowym sezonie 2021\/2022, kt\u00f3ry zdominowa\u0142a klasyka. Za nami premiera spektaklu \u201eKandyd, czyli optymizm\u201d wed\u0142ug Voltaire&#8217;a, przed nami ta \u201eMa\u0142ego Ksi\u0119cia\u201d Antoine&#8217;a de Saint-Exup\u00e9ry&#8217;ego.<\/p>\n\n\n\n<h4 class=\"wp-block-heading\"><strong>Aktorskie analogie<\/strong><\/h4>\n\n\n\n<figure class=\"wp-block-image size-large\"><img decoding=\"async\" width=\"1024\" height=\"684\" data-src=\"https:\/\/gazetaregionalna.com\/wp-content\/uploads\/2022\/04\/DLQ1870-Copy-1024x684.jpg\" alt=\"\" class=\"wp-image-76688 lazyload\" data-srcset=\"https:\/\/gazetaregionalna.com\/wp-content\/uploads\/2022\/04\/DLQ1870-Copy-1024x684.jpg 1024w, https:\/\/gazetaregionalna.com\/wp-content\/uploads\/2022\/04\/DLQ1870-Copy-300x200.jpg 300w, https:\/\/gazetaregionalna.com\/wp-content\/uploads\/2022\/04\/DLQ1870-Copy-768x513.jpg 768w, https:\/\/gazetaregionalna.com\/wp-content\/uploads\/2022\/04\/DLQ1870-Copy-1536x1025.jpg 1536w, https:\/\/gazetaregionalna.com\/wp-content\/uploads\/2022\/04\/DLQ1870-Copy-2048x1367.jpg 2048w, https:\/\/gazetaregionalna.com\/wp-content\/uploads\/2022\/04\/DLQ1870-Copy-696x465.jpg 696w, https:\/\/gazetaregionalna.com\/wp-content\/uploads\/2022\/04\/DLQ1870-Copy-1068x713.jpg 1068w, https:\/\/gazetaregionalna.com\/wp-content\/uploads\/2022\/04\/DLQ1870-Copy-1920x1282.jpg 1920w, https:\/\/gazetaregionalna.com\/wp-content\/uploads\/2022\/04\/DLQ1870-Copy-629x420.jpg 629w, https:\/\/gazetaregionalna.com\/wp-content\/uploads\/2022\/04\/DLQ1870-Copy-scaled.jpg 1600w\" data-sizes=\"(max-width: 1024px) 100vw, 1024px\" src=\"data:image\/svg+xml;base64,PHN2ZyB3aWR0aD0iMSIgaGVpZ2h0PSIxIiB4bWxucz0iaHR0cDovL3d3dy53My5vcmcvMjAwMC9zdmciPjwvc3ZnPg==\" style=\"--smush-placeholder-width: 1024px; --smush-placeholder-aspect-ratio: 1024\/684;\" \/><figcaption>Pr\u00f3by spektaklu &#8222;Makbet&#8221; (fot. Piotr D\u0142ubak\/Teatr im. Mickiewicza)<\/figcaption><\/figure>\n\n\n\n<p>Analogii mi\u0119dzy przytaczanym ju\u017c \u201eHamletem\u201d i \u201eMakbetem\u201d jest sporo. Podobie\u0144stwa nie ko\u0144cz\u0105 si\u0119 na osobie re\u017cysera, t\u0142umaczeniu Sity, wprowadzeniu song\u00f3w, muzyce skomponowanej przez Adama \u017buchowskiego i wsp\u00f3\u0142pracy scenograficznej Stanis\u0142awa Kulczyka.<\/p>\n\n\n\n<p>\u00a0\u2013 Tym, co \u0142\u0105czy obie realizacje jest te\u017c duet aktorski i konfiguracja: aktorka-go\u015bcinna, aktor-tutejszy. W \u201eHamlecie\u201d jako Ofelia wyst\u0105pi\u0142a Martyna Kowalik, a Lady Mabket gra Anna Paliga. Z kolei Adam Machalica, kt\u00f3ry w \u201eHamlecie\u201d go\u015bcinnie wcieli\u0142 si\u0119 w Horacego, dzi\u015b jest pe\u0142noprawnym cz\u0142onkiem naszego zespo\u0142u aktorskiego i gra tytu\u0142owego bohatera \u2013 wylicza Robert Doros\u0142awski.<\/p>\n\n\n\n<p>Paliga jest absolwentk\u0105 Wydzia\u0142u Aktorskiego PWSFTviT w \u0141odzi. Na swoim koncie ma role m.in. w filmie \u201eIluzja\u201d w re\u017cyserii Marty Minorowicz oraz serialu Netflixa \u201eKrakowskie potwory\u201d wyre\u017cyserowanym przez Kasi\u0119 Adamik i Olg\u0119 Chajdas, w kt\u00f3rym gra Ilian\u0119.<\/p>\n\n\n\n<figure class=\"wp-block-image size-large\"><img decoding=\"async\" width=\"684\" height=\"1024\" data-src=\"https:\/\/gazetaregionalna.com\/wp-content\/uploads\/2022\/04\/DLQ3498cac-Copy-684x1024.jpg\" alt=\"\" class=\"wp-image-76686 lazyload\" data-srcset=\"https:\/\/gazetaregionalna.com\/wp-content\/uploads\/2022\/04\/DLQ3498cac-Copy-684x1024.jpg 684w, https:\/\/gazetaregionalna.com\/wp-content\/uploads\/2022\/04\/DLQ3498cac-Copy-200x300.jpg 200w, https:\/\/gazetaregionalna.com\/wp-content\/uploads\/2022\/04\/DLQ3498cac-Copy-768x1151.jpg 768w, https:\/\/gazetaregionalna.com\/wp-content\/uploads\/2022\/04\/DLQ3498cac-Copy-1025x1536.jpg 1025w, https:\/\/gazetaregionalna.com\/wp-content\/uploads\/2022\/04\/DLQ3498cac-Copy-1367x2048.jpg 1367w, https:\/\/gazetaregionalna.com\/wp-content\/uploads\/2022\/04\/DLQ3498cac-Copy-696x1043.jpg 696w, https:\/\/gazetaregionalna.com\/wp-content\/uploads\/2022\/04\/DLQ3498cac-Copy-scaled.jpg 1068w, https:\/\/gazetaregionalna.com\/wp-content\/uploads\/2022\/04\/DLQ3498cac-Copy-1920x2876.jpg 1920w, https:\/\/gazetaregionalna.com\/wp-content\/uploads\/2022\/04\/DLQ3498cac-Copy-280x420.jpg 280w\" data-sizes=\"(max-width: 684px) 100vw, 684px\" src=\"data:image\/svg+xml;base64,PHN2ZyB3aWR0aD0iMSIgaGVpZ2h0PSIxIiB4bWxucz0iaHR0cDovL3d3dy53My5vcmcvMjAwMC9zdmciPjwvc3ZnPg==\" style=\"--smush-placeholder-width: 684px; --smush-placeholder-aspect-ratio: 684\/1024;\" \/><figcaption>Pr\u00f3by spektaklu &#8222;Makbet&#8221; (fot. Piotr D\u0142ubak\/Teatr im. Mickiewicza)<\/figcaption><\/figure>\n\n\n\n<p>Go\u015bcinnie w \u201eMakbecie\u201d wyst\u0119puje r\u00f3wnie\u017c Mariusz Urbaniec kreuj\u0105cy Macduffa. Absolwent warszawskiej Akademii Teatralnej pochodzi z Jaskrowa ko\u0142o Cz\u0119stochowy. Mimo m\u0142odego wieku (ma zaledwie 26 lat) gra\u0142 ju\u017c m.in. na scenach Teatru Collegium Nobilium w \u0141odzi, Teatru Powszechnego w Warszawie czy The Globe Theatre w Londynie. Co ciekawe, na ostatniej z wymienionych, w ramach projektu studenckiego, wcieli\u0142 si\u0119 w\u2026 Hamleta. Urbaniec grywa\u0142 u najlepszych z Agat\u0105 Dud\u0105-Gracz, Janem Englertem i Krystianem Lup\u0105 na czele. Je\u015bli chodzi o filmografi\u0119, to znajdziemy w niej m.in. \u201eLegiony\u201d Dariusza Gajewskiego i \u201eRaport Pileckiego\u201d Leszka Wo\u0142osiewicza. <\/p>\n\n\n\n<h4 class=\"wp-block-heading\"><strong>Kto jest kim w &#8222;Makbecie&#8221;?<\/strong><\/h4>\n\n\n\n<figure class=\"wp-block-image size-large\"><img decoding=\"async\" width=\"1024\" height=\"683\" data-src=\"https:\/\/gazetaregionalna.com\/wp-content\/uploads\/2022\/04\/DLQ0952a-Copy-Copy-1024x683.jpg\" alt=\"\" class=\"wp-image-76687 lazyload\" data-srcset=\"https:\/\/gazetaregionalna.com\/wp-content\/uploads\/2022\/04\/DLQ0952a-Copy-Copy-1024x683.jpg 1024w, https:\/\/gazetaregionalna.com\/wp-content\/uploads\/2022\/04\/DLQ0952a-Copy-Copy-300x200.jpg 300w, https:\/\/gazetaregionalna.com\/wp-content\/uploads\/2022\/04\/DLQ0952a-Copy-Copy-768x513.jpg 768w, https:\/\/gazetaregionalna.com\/wp-content\/uploads\/2022\/04\/DLQ0952a-Copy-Copy-1536x1025.jpg 1536w, https:\/\/gazetaregionalna.com\/wp-content\/uploads\/2022\/04\/DLQ0952a-Copy-Copy-2048x1367.jpg 2048w, https:\/\/gazetaregionalna.com\/wp-content\/uploads\/2022\/04\/DLQ0952a-Copy-Copy-696x464.jpg 696w, https:\/\/gazetaregionalna.com\/wp-content\/uploads\/2022\/04\/DLQ0952a-Copy-Copy-1068x713.jpg 1068w, https:\/\/gazetaregionalna.com\/wp-content\/uploads\/2022\/04\/DLQ0952a-Copy-Copy-1920x1281.jpg 1920w, https:\/\/gazetaregionalna.com\/wp-content\/uploads\/2022\/04\/DLQ0952a-Copy-Copy-629x420.jpg 629w, https:\/\/gazetaregionalna.com\/wp-content\/uploads\/2022\/04\/DLQ0952a-Copy-Copy-scaled.jpg 1600w\" data-sizes=\"(max-width: 1024px) 100vw, 1024px\" src=\"data:image\/svg+xml;base64,PHN2ZyB3aWR0aD0iMSIgaGVpZ2h0PSIxIiB4bWxucz0iaHR0cDovL3d3dy53My5vcmcvMjAwMC9zdmciPjwvc3ZnPg==\" style=\"--smush-placeholder-width: 1024px; --smush-placeholder-aspect-ratio: 1024\/683;\" \/><figcaption>Pr\u00f3by spektaklu &#8222;Makbet&#8221; (fot. Piotr D\u0142ubak\/Teatr im. Mickiewicza)<\/figcaption><\/figure>\n\n\n\n<p>Kto jeszcze tworzy obsad\u0119 \u201eMakbeta\u201d? Z realizacj\u0105 z 1984 r. pokrywa si\u0119 wy\u0142\u0105cznie nazwisko Czes\u0142awy Monczki. Tym razem zobaczymy j\u0105 w roli M. Duncanem jest Micha\u0142 Kula, kt\u00f3ry podobnie jak graj\u0105cy Banko Adam Hutyra, nale\u017cy do ulubionych aktor\u00f3w Andr<em>\u00e9<\/em> H\u00fcbnera\u2013 Ochodlo. Obaj wyst\u0105pili u niego m.in. w \u201eHamlecie\u201d, \u201eSile przyzwyczajenia (Cyrku egzystencjalnym)\u201d czy \u201eWeismanie i Czerwonej Twarzy\u201d.<\/p>\n\n\n\n<p>Gertrud\u0105 w \u201eHamlecie\u201d by\u0142a za\u015b Teresa Dzielska, kt\u00f3ra tym razem gra tana Lennoxa. Jej lista r\u00f3l u tego re\u017cysera, r\u00f3wnie\u017c jest spora. Na jej czele stoi za\u015b Abby ze \u201eStrefy Zero\u201d, za kt\u00f3rej kreacj\u0119 aktorka nominowana zosta\u0142a do Z\u0142otej Maski.<\/p>\n\n\n\n<p>Obsad\u0119 zamyka Sylwia Oksiuta-Warmus, kt\u00f3ra wcze\u015bniej z H\u00fcbnerem\u2013Ochodlo pracowa\u0142a przy wymienionej ju\u017c \u201eSile przyzwyczajenia\u201d i \u201ePla\u017cy\u201d.<\/p>\n\n\n\n<figure class=\"wp-block-image size-large\"><img decoding=\"async\" width=\"1024\" height=\"684\" data-src=\"https:\/\/gazetaregionalna.com\/wp-content\/uploads\/2022\/04\/DLQ0643a-Copy-1024x684.jpg\" alt=\"\" class=\"wp-image-76681 lazyload\" data-srcset=\"https:\/\/gazetaregionalna.com\/wp-content\/uploads\/2022\/04\/DLQ0643a-Copy-1024x684.jpg 1024w, https:\/\/gazetaregionalna.com\/wp-content\/uploads\/2022\/04\/DLQ0643a-Copy-300x200.jpg 300w, https:\/\/gazetaregionalna.com\/wp-content\/uploads\/2022\/04\/DLQ0643a-Copy-768x513.jpg 768w, https:\/\/gazetaregionalna.com\/wp-content\/uploads\/2022\/04\/DLQ0643a-Copy-1536x1025.jpg 1536w, https:\/\/gazetaregionalna.com\/wp-content\/uploads\/2022\/04\/DLQ0643a-Copy-2048x1367.jpg 2048w, https:\/\/gazetaregionalna.com\/wp-content\/uploads\/2022\/04\/DLQ0643a-Copy-696x465.jpg 696w, https:\/\/gazetaregionalna.com\/wp-content\/uploads\/2022\/04\/DLQ0643a-Copy-1068x713.jpg 1068w, https:\/\/gazetaregionalna.com\/wp-content\/uploads\/2022\/04\/DLQ0643a-Copy-1920x1282.jpg 1920w, https:\/\/gazetaregionalna.com\/wp-content\/uploads\/2022\/04\/DLQ0643a-Copy-629x420.jpg 629w, https:\/\/gazetaregionalna.com\/wp-content\/uploads\/2022\/04\/DLQ0643a-Copy-scaled.jpg 1600w\" data-sizes=\"(max-width: 1024px) 100vw, 1024px\" src=\"data:image\/svg+xml;base64,PHN2ZyB3aWR0aD0iMSIgaGVpZ2h0PSIxIiB4bWxucz0iaHR0cDovL3d3dy53My5vcmcvMjAwMC9zdmciPjwvc3ZnPg==\" style=\"--smush-placeholder-width: 1024px; --smush-placeholder-aspect-ratio: 1024\/684;\" \/><figcaption>Pr\u00f3by spektaklu &#8222;Makbet&#8221; (fot. Piotr D\u0142ubak\/Teatr im. Mickiewicza)<\/figcaption><\/figure>\n\n\n\n<h4 class=\"wp-block-heading\"><strong>Premiera ju\u017c 23 kwietnia<\/strong><\/h4>\n\n\n\n<p>Plakat do spektaklu stworzy\u0142a Agata Kulczyk. Sam re\u017cyser odpowiada r\u00f3wnie\u017c za opracowanie tekstu, kostiumy i scenografi\u0119. Asystentem re\u017cysera i inspicjentem jest Mariusz Korek, a asystentk\u0105 kostiumologa i charakteryzatork\u0105 jest Ewa Michalak.<\/p>\n\n\n\n<p>Linie wokalne piosenek, kt\u00f3re zabrzmi\u0105 z Off-u, wykona\u0142a Marta Honzatko, a muzyk\u0119 do spektaklu nagra\u0142 zesp\u00f3\u0142, kt\u00f3ry tworz\u0105 Krystyna Gedzik, Krzysztof Paul, Artur Jurek, Adam \u017buchowski i Piotr G\u00f3ra. Za realizacj\u0119 nagra\u0144 i mastering odpowiada Pawe\u0142 Osicki.<\/p>\n\n\n\n<figure class=\"wp-block-image size-large\"><img decoding=\"async\" width=\"1024\" height=\"684\" data-src=\"https:\/\/gazetaregionalna.com\/wp-content\/uploads\/2022\/04\/DLQ8724a-Copy-1024x684.jpg\" alt=\"\" class=\"wp-image-76689 lazyload\" data-srcset=\"https:\/\/gazetaregionalna.com\/wp-content\/uploads\/2022\/04\/DLQ8724a-Copy-1024x684.jpg 1024w, https:\/\/gazetaregionalna.com\/wp-content\/uploads\/2022\/04\/DLQ8724a-Copy-300x200.jpg 300w, https:\/\/gazetaregionalna.com\/wp-content\/uploads\/2022\/04\/DLQ8724a-Copy-768x513.jpg 768w, https:\/\/gazetaregionalna.com\/wp-content\/uploads\/2022\/04\/DLQ8724a-Copy-1536x1025.jpg 1536w, https:\/\/gazetaregionalna.com\/wp-content\/uploads\/2022\/04\/DLQ8724a-Copy-2048x1367.jpg 2048w, https:\/\/gazetaregionalna.com\/wp-content\/uploads\/2022\/04\/DLQ8724a-Copy-696x465.jpg 696w, https:\/\/gazetaregionalna.com\/wp-content\/uploads\/2022\/04\/DLQ8724a-Copy-1068x713.jpg 1068w, https:\/\/gazetaregionalna.com\/wp-content\/uploads\/2022\/04\/DLQ8724a-Copy-1920x1282.jpg 1920w, https:\/\/gazetaregionalna.com\/wp-content\/uploads\/2022\/04\/DLQ8724a-Copy-629x420.jpg 629w, https:\/\/gazetaregionalna.com\/wp-content\/uploads\/2022\/04\/DLQ8724a-Copy-scaled.jpg 1600w\" data-sizes=\"(max-width: 1024px) 100vw, 1024px\" src=\"data:image\/svg+xml;base64,PHN2ZyB3aWR0aD0iMSIgaGVpZ2h0PSIxIiB4bWxucz0iaHR0cDovL3d3dy53My5vcmcvMjAwMC9zdmciPjwvc3ZnPg==\" style=\"--smush-placeholder-width: 1024px; --smush-placeholder-aspect-ratio: 1024\/684;\" \/><figcaption>Pr\u00f3by spektaklu &#8222;Makbet&#8221; (fot. Piotr D\u0142ubak\/Teatr im. Mickiewicza)<\/figcaption><\/figure>\n\n\n\n<p>Oficjalna premiera odb\u0119dzie si\u0119 23 kwietnia o godz. 19. Dzie\u0144 wcze\u015bniej zaplanowano spektakl przedpremierowy, a dzie\u0144 p\u00f3\u017aniej \u2013 popremierowy (oba grane o godz. 19). Potem odb\u0119d\u0105 si\u0119 trzy spektakle szkolne \u2013 26, 27 i 28 kwietnia o godz. 11. Og\u00f3lnodost\u0119pny pokaz wypada za\u015b 27 kwietnia o godz. 18. W kolejnym miesi\u0105cu \u201eMakbet\u201d b\u0119dzie prezentowany 20 maja o godz. 11 i 19 oraz 21 maja o godz. 19. O bilety nale\u017cy pyta\u0107 w kasie teatru, sprzeda\u017c prowadzona jest r\u00f3wnie\u017c za po\u015brednictwem strony<a href=\"https:\/\/www.teatr-mickiewicza.pl\/\" target=\"_blank\" rel=\"noopener\"> www.teatr-mickiewicza.pl<\/a>.<\/p>\n\n\n\n<p><strong>Zuzanna Suliga<\/strong><\/p>\n\n\n\n<p><strong><a href=\"https:\/\/gazetaregionalna.com\/dzielska-z-nominacja-do-zlotej-maski\/\">Czytaj tak\u017ce: Aktorka cz\u0119stochowskiego teatru Teresa Dzielska z nominacj\u0105 do Z\u0142otej Maski<\/a><\/strong><\/p>\n","protected":false},"excerpt":{"rendered":"<p>Po blisko 40 latach Teatr im. A. Mickiewicza zn\u00f3w podj\u0105\u0142 pr\u00f3b\u0119 realizacji \u201eMakbeta\u201d. Premiera, kt\u00f3r\u0105 planowano na 1984 r., nigdy nie dosz\u0142a bowiem do<\/p>\n","protected":false},"author":18,"featured_media":76684,"comment_status":"closed","ping_status":"open","sticky":false,"template":"","format":"standard","meta":{"_monsterinsights_skip_tracking":false,"_monsterinsights_sitenote_active":false,"_monsterinsights_sitenote_note":"","_monsterinsights_sitenote_category":0,"_uf_show_specific_survey":0,"_uf_disable_surveys":false,"footnotes":""},"categories":[12,3,94,2],"tags":[2871,4517,1918,255],"class_list":["post-76679","post","type-post","status-publish","format-standard","has-post-thumbnail","hentry","category-kultura-i-rozrywka","category-czestochowa-informacje","category-polecane","category-wiadomosci","tag-andre-hubner-ochodlo","tag-makbet","tag-robert-doroslawski","tag-teatr-im-adama-mickiewicza-w-czestochowie"],"_links":{"self":[{"href":"https:\/\/gazetaregionalna.com\/index.php?rest_route=\/wp\/v2\/posts\/76679","targetHints":{"allow":["GET"]}}],"collection":[{"href":"https:\/\/gazetaregionalna.com\/index.php?rest_route=\/wp\/v2\/posts"}],"about":[{"href":"https:\/\/gazetaregionalna.com\/index.php?rest_route=\/wp\/v2\/types\/post"}],"author":[{"embeddable":true,"href":"https:\/\/gazetaregionalna.com\/index.php?rest_route=\/wp\/v2\/users\/18"}],"replies":[{"embeddable":true,"href":"https:\/\/gazetaregionalna.com\/index.php?rest_route=%2Fwp%2Fv2%2Fcomments&post=76679"}],"version-history":[{"count":3,"href":"https:\/\/gazetaregionalna.com\/index.php?rest_route=\/wp\/v2\/posts\/76679\/revisions"}],"predecessor-version":[{"id":76692,"href":"https:\/\/gazetaregionalna.com\/index.php?rest_route=\/wp\/v2\/posts\/76679\/revisions\/76692"}],"wp:featuredmedia":[{"embeddable":true,"href":"https:\/\/gazetaregionalna.com\/index.php?rest_route=\/wp\/v2\/media\/76684"}],"wp:attachment":[{"href":"https:\/\/gazetaregionalna.com\/index.php?rest_route=%2Fwp%2Fv2%2Fmedia&parent=76679"}],"wp:term":[{"taxonomy":"category","embeddable":true,"href":"https:\/\/gazetaregionalna.com\/index.php?rest_route=%2Fwp%2Fv2%2Fcategories&post=76679"},{"taxonomy":"post_tag","embeddable":true,"href":"https:\/\/gazetaregionalna.com\/index.php?rest_route=%2Fwp%2Fv2%2Ftags&post=76679"}],"curies":[{"name":"wp","href":"https:\/\/api.w.org\/{rel}","templated":true}]}}