{"id":76659,"date":"2022-04-18T10:00:00","date_gmt":"2022-04-18T10:00:00","guid":{"rendered":"https:\/\/gazetaregionalna.com\/?p=76659"},"modified":"2022-04-18T10:00:01","modified_gmt":"2022-04-18T10:00:01","slug":"otwarcie-parku-korzonek-w-majowke","status":"publish","type":"post","link":"https:\/\/gazetaregionalna.com\/?p=76659","title":{"rendered":"Otwarcie Parku Korzonek w gminie Konopiska ju\u017c w maj\u00f3wk\u0119"},"content":{"rendered":"\n<h2 class=\"wp-block-heading\">Park Korzonek to niezwyk\u0142e miejsce na mapie atrakcji gminy Konopiska. Oficjalne otwarcie ju\u017c 2 i 3 maja.<\/h2>\n\n\n\n<p>Na rozleg\u0142ym zalesionym 13-hektarowym terenie przygotowywane s\u0105 atrakcje edukacyjne dla dzieci. Dzi\u0119ki nim najm\u0142odsi zyskaj\u0105 wiedz\u0119 na temat ekologii, zdob\u0119d\u0105 umiej\u0119tno\u015bci w zakresie r\u0119kodzie\u0142a, garncarstwa, pszczelarstwa, a nawet przygotowania produkt\u00f3w na trudne czasy z uprawianych ekologicznych warzyw. Opr\u00f3cz tego na zwiedzaj\u0105cych czekaj\u0105 przyjazne zwierz\u0119ta, kawiarnia, kr\u0119gielnia, park linowy i&#8230; ogromna Jaszczurka. <\/p>\n\n\n\n<figure class=\"wp-block-embed is-type-video is-provider-youtube wp-block-embed-youtube wp-embed-aspect-16-9 wp-has-aspect-ratio\"><div class=\"wp-block-embed__wrapper\">\n<div class=\"fitvids-video\"><iframe title=\"Park rozrywki i edukacji W zgodzie z natur\u0105 Park Korzonek CC ENG\" width=\"715\" height=\"402\" data-src=\"https:\/\/www.youtube.com\/embed\/Tktdh13ERBo?feature=oembed\" frameborder=\"0\" allow=\"accelerometer; autoplay; clipboard-write; encrypted-media; gyroscope; picture-in-picture; web-share\" allowfullscreen src=\"data:image\/svg+xml;base64,PHN2ZyB3aWR0aD0iMSIgaGVpZ2h0PSIxIiB4bWxucz0iaHR0cDovL3d3dy53My5vcmcvMjAwMC9zdmciPjwvc3ZnPg==\" class=\"lazyload\" data-load-mode=\"1\"><\/iframe><\/div>\n<\/div><\/figure>\n\n\n\n<p>-W Parku Korzonek wracamy do korzeni, propagujemy ekologi\u0119 i pod\u0105\u017camy za g\u0142osem natury. Odkrywamy pi\u0119kno otaczaj\u0105cego nas krajobrazu, b\u0119d\u0105cego cz\u0119\u015bci\u0105 Parku Krajobrazowego Las\u00f3w nad G\u00f3rn\u0105 Liswart\u0105. Nasz Park jest miejscem, w kt\u00f3rym edukujemy poprzez bezpo\u015bredni kontakt z otaczaj\u0105c\u0105 nas faun\u0105 i flor\u0105, wdra\u017caj\u0105c w \u017cycie zasady permakultury, czyli ga\u0142\u0119zi projektowania ekologicznego, kt\u00f3rej koncepcj\u0105 jest na\u015bladowanie Matki Natury. W naszej codziennej pracy skupiamy si\u0119 na tworzeniu takich warunk\u00f3w, w kt\u00f3rych przyroda swoj\u0105 w\u0142asn\u0105 moc\u0105 wr\u00f3ci do stanu, kt\u00f3ry stanowi\u0142 jej urok dawno, dawno temu\u2026 &#8211; opisuj\u0105 tw\u00f3rcy Parku na stronie <\/p>\n\n\n\n<figure class=\"wp-block-image size-large\"><img decoding=\"async\" width=\"1024\" height=\"379\" data-src=\"https:\/\/gazetaregionalna.com\/wp-content\/uploads\/2022\/04\/275921928_930191967671195_6071517981027851590_n-1024x379.jpg\" alt=\"\" class=\"wp-image-76662 lazyload\" data-srcset=\"https:\/\/gazetaregionalna.com\/wp-content\/uploads\/2022\/04\/275921928_930191967671195_6071517981027851590_n-1024x379.jpg 1024w, https:\/\/gazetaregionalna.com\/wp-content\/uploads\/2022\/04\/275921928_930191967671195_6071517981027851590_n-300x111.jpg 300w, https:\/\/gazetaregionalna.com\/wp-content\/uploads\/2022\/04\/275921928_930191967671195_6071517981027851590_n-768x284.jpg 768w, https:\/\/gazetaregionalna.com\/wp-content\/uploads\/2022\/04\/275921928_930191967671195_6071517981027851590_n-1536x569.jpg 1536w, https:\/\/gazetaregionalna.com\/wp-content\/uploads\/2022\/04\/275921928_930191967671195_6071517981027851590_n-696x258.jpg 696w, https:\/\/gazetaregionalna.com\/wp-content\/uploads\/2022\/04\/275921928_930191967671195_6071517981027851590_n-1068x395.jpg 1068w, https:\/\/gazetaregionalna.com\/wp-content\/uploads\/2022\/04\/275921928_930191967671195_6071517981027851590_n-1134x420.jpg 1134w, https:\/\/gazetaregionalna.com\/wp-content\/uploads\/2022\/04\/275921928_930191967671195_6071517981027851590_n.jpg 1600w\" data-sizes=\"(max-width: 1024px) 100vw, 1024px\" src=\"data:image\/svg+xml;base64,PHN2ZyB3aWR0aD0iMSIgaGVpZ2h0PSIxIiB4bWxucz0iaHR0cDovL3d3dy53My5vcmcvMjAwMC9zdmciPjwvc3ZnPg==\" style=\"--smush-placeholder-width: 1024px; --smush-placeholder-aspect-ratio: 1024\/379;\" \/><figcaption>mat. Park Korzonek<\/figcaption><\/figure>\n\n\n\n<p> Oficjalne otwarcie Parku Korzonek ju\u017c 2 i 3 maja. Jednak ju\u017c wcze\u015bniej &#8211; za spraw\u0105 wizyt zorganizowanych &#8211; uroki tego miejsca mog\u0142y ju\u017c pozna\u0107 dzieci i m\u0142odzie\u017c. Wi\u0119cej na: <a href=\"https:\/\/www.facebook.com\/parkkorzonek\" target=\"_blank\" rel=\"noopener\">www.facebook.com\/parkkorzonek<\/a><\/p>\n\n\n\n<p><strong>ZS<\/strong><\/p>\n\n\n\n<figure class=\"wp-block-gallery columns-3 is-cropped wp-block-gallery-1 is-layout-flex wp-block-gallery-is-layout-flex\"><ul class=\"blocks-gallery-grid\"><li class=\"blocks-gallery-item\"><figure><a href=\"https:\/\/gazetaregionalna.com\/wp-content\/uploads\/2022\/04\/439.jpg\"><img decoding=\"async\" width=\"1024\" height=\"683\" data-src=\"https:\/\/gazetaregionalna.com\/wp-content\/uploads\/2022\/04\/439-1024x683.jpg\" alt=\"\" data-id=\"76676\" data-full-url=\"https:\/\/gazetaregionalna.com\/wp-content\/uploads\/2022\/04\/439.jpg\" data-link=\"https:\/\/gazetaregionalna.com\/?attachment_id=76676\" class=\"wp-image-76676 lazyload\" data-srcset=\"https:\/\/gazetaregionalna.com\/wp-content\/uploads\/2022\/04\/439-1024x683.jpg 1024w, https:\/\/gazetaregionalna.com\/wp-content\/uploads\/2022\/04\/439-300x200.jpg 300w, https:\/\/gazetaregionalna.com\/wp-content\/uploads\/2022\/04\/439-768x512.jpg 768w, https:\/\/gazetaregionalna.com\/wp-content\/uploads\/2022\/04\/439-696x464.jpg 696w, https:\/\/gazetaregionalna.com\/wp-content\/uploads\/2022\/04\/439-1068x712.jpg 1068w, https:\/\/gazetaregionalna.com\/wp-content\/uploads\/2022\/04\/439-630x420.jpg 630w, https:\/\/gazetaregionalna.com\/wp-content\/uploads\/2022\/04\/439.jpg 1350w\" data-sizes=\"(max-width: 1024px) 100vw, 1024px\" src=\"data:image\/svg+xml;base64,PHN2ZyB3aWR0aD0iMSIgaGVpZ2h0PSIxIiB4bWxucz0iaHR0cDovL3d3dy53My5vcmcvMjAwMC9zdmciPjwvc3ZnPg==\" style=\"--smush-placeholder-width: 1024px; --smush-placeholder-aspect-ratio: 1024\/683;\" \/><\/a><\/figure><\/li><li class=\"blocks-gallery-item\"><figure><a href=\"https:\/\/gazetaregionalna.com\/wp-content\/uploads\/2022\/04\/182.jpg\"><img decoding=\"async\" width=\"1024\" height=\"683\" data-src=\"https:\/\/gazetaregionalna.com\/wp-content\/uploads\/2022\/04\/182-1024x683.jpg\" alt=\"\" data-id=\"76666\" data-full-url=\"https:\/\/gazetaregionalna.com\/wp-content\/uploads\/2022\/04\/182.jpg\" data-link=\"https:\/\/gazetaregionalna.com\/?attachment_id=76666\" class=\"wp-image-76666 lazyload\" data-srcset=\"https:\/\/gazetaregionalna.com\/wp-content\/uploads\/2022\/04\/182-1024x683.jpg 1024w, https:\/\/gazetaregionalna.com\/wp-content\/uploads\/2022\/04\/182-300x200.jpg 300w, https:\/\/gazetaregionalna.com\/wp-content\/uploads\/2022\/04\/182-768x512.jpg 768w, https:\/\/gazetaregionalna.com\/wp-content\/uploads\/2022\/04\/182-696x464.jpg 696w, https:\/\/gazetaregionalna.com\/wp-content\/uploads\/2022\/04\/182-1068x712.jpg 1068w, https:\/\/gazetaregionalna.com\/wp-content\/uploads\/2022\/04\/182-630x420.jpg 630w, https:\/\/gazetaregionalna.com\/wp-content\/uploads\/2022\/04\/182.jpg 1350w\" data-sizes=\"(max-width: 1024px) 100vw, 1024px\" src=\"data:image\/svg+xml;base64,PHN2ZyB3aWR0aD0iMSIgaGVpZ2h0PSIxIiB4bWxucz0iaHR0cDovL3d3dy53My5vcmcvMjAwMC9zdmciPjwvc3ZnPg==\" style=\"--smush-placeholder-width: 1024px; --smush-placeholder-aspect-ratio: 1024\/683;\" \/><\/a><\/figure><\/li><li class=\"blocks-gallery-item\"><figure><a href=\"https:\/\/gazetaregionalna.com\/wp-content\/uploads\/2022\/04\/241.jpg\"><img decoding=\"async\" width=\"1024\" height=\"683\" data-src=\"https:\/\/gazetaregionalna.com\/wp-content\/uploads\/2022\/04\/241-1024x683.jpg\" alt=\"\" data-id=\"76668\" data-full-url=\"https:\/\/gazetaregionalna.com\/wp-content\/uploads\/2022\/04\/241.jpg\" data-link=\"https:\/\/gazetaregionalna.com\/?attachment_id=76668\" class=\"wp-image-76668 lazyload\" data-srcset=\"https:\/\/gazetaregionalna.com\/wp-content\/uploads\/2022\/04\/241-1024x683.jpg 1024w, https:\/\/gazetaregionalna.com\/wp-content\/uploads\/2022\/04\/241-300x200.jpg 300w, https:\/\/gazetaregionalna.com\/wp-content\/uploads\/2022\/04\/241-768x512.jpg 768w, https:\/\/gazetaregionalna.com\/wp-content\/uploads\/2022\/04\/241-696x464.jpg 696w, https:\/\/gazetaregionalna.com\/wp-content\/uploads\/2022\/04\/241-1068x712.jpg 1068w, https:\/\/gazetaregionalna.com\/wp-content\/uploads\/2022\/04\/241-630x420.jpg 630w, https:\/\/gazetaregionalna.com\/wp-content\/uploads\/2022\/04\/241.jpg 1350w\" data-sizes=\"(max-width: 1024px) 100vw, 1024px\" src=\"data:image\/svg+xml;base64,PHN2ZyB3aWR0aD0iMSIgaGVpZ2h0PSIxIiB4bWxucz0iaHR0cDovL3d3dy53My5vcmcvMjAwMC9zdmciPjwvc3ZnPg==\" style=\"--smush-placeholder-width: 1024px; --smush-placeholder-aspect-ratio: 1024\/683;\" \/><\/a><\/figure><\/li><li class=\"blocks-gallery-item\"><figure><a href=\"https:\/\/gazetaregionalna.com\/wp-content\/uploads\/2022\/04\/201.jpg\"><img decoding=\"async\" width=\"1024\" height=\"683\" data-src=\"https:\/\/gazetaregionalna.com\/wp-content\/uploads\/2022\/04\/201-1024x683.jpg\" alt=\"\" data-id=\"76667\" data-full-url=\"https:\/\/gazetaregionalna.com\/wp-content\/uploads\/2022\/04\/201.jpg\" data-link=\"https:\/\/gazetaregionalna.com\/?attachment_id=76667\" class=\"wp-image-76667 lazyload\" data-srcset=\"https:\/\/gazetaregionalna.com\/wp-content\/uploads\/2022\/04\/201-1024x683.jpg 1024w, https:\/\/gazetaregionalna.com\/wp-content\/uploads\/2022\/04\/201-300x200.jpg 300w, https:\/\/gazetaregionalna.com\/wp-content\/uploads\/2022\/04\/201-768x512.jpg 768w, https:\/\/gazetaregionalna.com\/wp-content\/uploads\/2022\/04\/201-696x464.jpg 696w, https:\/\/gazetaregionalna.com\/wp-content\/uploads\/2022\/04\/201-1068x712.jpg 1068w, https:\/\/gazetaregionalna.com\/wp-content\/uploads\/2022\/04\/201-630x420.jpg 630w, https:\/\/gazetaregionalna.com\/wp-content\/uploads\/2022\/04\/201.jpg 1350w\" data-sizes=\"(max-width: 1024px) 100vw, 1024px\" src=\"data:image\/svg+xml;base64,PHN2ZyB3aWR0aD0iMSIgaGVpZ2h0PSIxIiB4bWxucz0iaHR0cDovL3d3dy53My5vcmcvMjAwMC9zdmciPjwvc3ZnPg==\" style=\"--smush-placeholder-width: 1024px; --smush-placeholder-aspect-ratio: 1024\/683;\" \/><\/a><\/figure><\/li><li class=\"blocks-gallery-item\"><figure><a href=\"https:\/\/gazetaregionalna.com\/wp-content\/uploads\/2022\/04\/287.jpg\"><img decoding=\"async\" width=\"1024\" height=\"879\" data-src=\"https:\/\/gazetaregionalna.com\/wp-content\/uploads\/2022\/04\/287-1024x879.jpg\" alt=\"\" data-id=\"76669\" data-full-url=\"https:\/\/gazetaregionalna.com\/wp-content\/uploads\/2022\/04\/287.jpg\" data-link=\"https:\/\/gazetaregionalna.com\/?attachment_id=76669\" class=\"wp-image-76669 lazyload\" data-srcset=\"https:\/\/gazetaregionalna.com\/wp-content\/uploads\/2022\/04\/287-1024x879.jpg 1024w, https:\/\/gazetaregionalna.com\/wp-content\/uploads\/2022\/04\/287-300x258.jpg 300w, https:\/\/gazetaregionalna.com\/wp-content\/uploads\/2022\/04\/287-768x660.jpg 768w, https:\/\/gazetaregionalna.com\/wp-content\/uploads\/2022\/04\/287-696x598.jpg 696w, https:\/\/gazetaregionalna.com\/wp-content\/uploads\/2022\/04\/287-489x420.jpg 489w, https:\/\/gazetaregionalna.com\/wp-content\/uploads\/2022\/04\/287.jpg 1048w\" data-sizes=\"(max-width: 1024px) 100vw, 1024px\" src=\"data:image\/svg+xml;base64,PHN2ZyB3aWR0aD0iMSIgaGVpZ2h0PSIxIiB4bWxucz0iaHR0cDovL3d3dy53My5vcmcvMjAwMC9zdmciPjwvc3ZnPg==\" style=\"--smush-placeholder-width: 1024px; --smush-placeholder-aspect-ratio: 1024\/879;\" \/><\/a><\/figure><\/li><li class=\"blocks-gallery-item\"><figure><a href=\"https:\/\/gazetaregionalna.com\/wp-content\/uploads\/2022\/04\/392.jpg\"><img decoding=\"async\" width=\"1024\" height=\"683\" data-src=\"https:\/\/gazetaregionalna.com\/wp-content\/uploads\/2022\/04\/392-1024x683.jpg\" alt=\"\" data-id=\"76670\" data-full-url=\"https:\/\/gazetaregionalna.com\/wp-content\/uploads\/2022\/04\/392.jpg\" data-link=\"https:\/\/gazetaregionalna.com\/?attachment_id=76670\" class=\"wp-image-76670 lazyload\" data-srcset=\"https:\/\/gazetaregionalna.com\/wp-content\/uploads\/2022\/04\/392-1024x683.jpg 1024w, https:\/\/gazetaregionalna.com\/wp-content\/uploads\/2022\/04\/392-300x200.jpg 300w, https:\/\/gazetaregionalna.com\/wp-content\/uploads\/2022\/04\/392-768x512.jpg 768w, https:\/\/gazetaregionalna.com\/wp-content\/uploads\/2022\/04\/392-696x464.jpg 696w, https:\/\/gazetaregionalna.com\/wp-content\/uploads\/2022\/04\/392-1068x712.jpg 1068w, https:\/\/gazetaregionalna.com\/wp-content\/uploads\/2022\/04\/392-630x420.jpg 630w, https:\/\/gazetaregionalna.com\/wp-content\/uploads\/2022\/04\/392.jpg 1350w\" data-sizes=\"(max-width: 1024px) 100vw, 1024px\" src=\"data:image\/svg+xml;base64,PHN2ZyB3aWR0aD0iMSIgaGVpZ2h0PSIxIiB4bWxucz0iaHR0cDovL3d3dy53My5vcmcvMjAwMC9zdmciPjwvc3ZnPg==\" style=\"--smush-placeholder-width: 1024px; --smush-placeholder-aspect-ratio: 1024\/683;\" \/><\/a><\/figure><\/li><li class=\"blocks-gallery-item\"><figure><a href=\"https:\/\/gazetaregionalna.com\/wp-content\/uploads\/2022\/04\/428.jpg\"><img decoding=\"async\" width=\"1024\" height=\"683\" data-src=\"https:\/\/gazetaregionalna.com\/wp-content\/uploads\/2022\/04\/428-1024x683.jpg\" alt=\"\" data-id=\"76672\" data-full-url=\"https:\/\/gazetaregionalna.com\/wp-content\/uploads\/2022\/04\/428.jpg\" data-link=\"https:\/\/gazetaregionalna.com\/?attachment_id=76672\" class=\"wp-image-76672 lazyload\" data-srcset=\"https:\/\/gazetaregionalna.com\/wp-content\/uploads\/2022\/04\/428-1024x683.jpg 1024w, https:\/\/gazetaregionalna.com\/wp-content\/uploads\/2022\/04\/428-300x200.jpg 300w, https:\/\/gazetaregionalna.com\/wp-content\/uploads\/2022\/04\/428-768x512.jpg 768w, https:\/\/gazetaregionalna.com\/wp-content\/uploads\/2022\/04\/428-696x464.jpg 696w, https:\/\/gazetaregionalna.com\/wp-content\/uploads\/2022\/04\/428-1068x712.jpg 1068w, https:\/\/gazetaregionalna.com\/wp-content\/uploads\/2022\/04\/428-630x420.jpg 630w, https:\/\/gazetaregionalna.com\/wp-content\/uploads\/2022\/04\/428.jpg 1350w\" data-sizes=\"(max-width: 1024px) 100vw, 1024px\" src=\"data:image\/svg+xml;base64,PHN2ZyB3aWR0aD0iMSIgaGVpZ2h0PSIxIiB4bWxucz0iaHR0cDovL3d3dy53My5vcmcvMjAwMC9zdmciPjwvc3ZnPg==\" style=\"--smush-placeholder-width: 1024px; --smush-placeholder-aspect-ratio: 1024\/683;\" \/><\/a><\/figure><\/li><li class=\"blocks-gallery-item\"><figure><a href=\"https:\/\/gazetaregionalna.com\/wp-content\/uploads\/2022\/04\/431.jpg\"><img decoding=\"async\" width=\"1024\" height=\"683\" data-src=\"https:\/\/gazetaregionalna.com\/wp-content\/uploads\/2022\/04\/431-1024x683.jpg\" alt=\"\" data-id=\"76674\" data-full-url=\"https:\/\/gazetaregionalna.com\/wp-content\/uploads\/2022\/04\/431.jpg\" data-link=\"https:\/\/gazetaregionalna.com\/?attachment_id=76674\" class=\"wp-image-76674 lazyload\" data-srcset=\"https:\/\/gazetaregionalna.com\/wp-content\/uploads\/2022\/04\/431-1024x683.jpg 1024w, https:\/\/gazetaregionalna.com\/wp-content\/uploads\/2022\/04\/431-300x200.jpg 300w, https:\/\/gazetaregionalna.com\/wp-content\/uploads\/2022\/04\/431-768x512.jpg 768w, https:\/\/gazetaregionalna.com\/wp-content\/uploads\/2022\/04\/431-696x464.jpg 696w, https:\/\/gazetaregionalna.com\/wp-content\/uploads\/2022\/04\/431-1068x712.jpg 1068w, https:\/\/gazetaregionalna.com\/wp-content\/uploads\/2022\/04\/431-630x420.jpg 630w, https:\/\/gazetaregionalna.com\/wp-content\/uploads\/2022\/04\/431.jpg 1350w\" data-sizes=\"(max-width: 1024px) 100vw, 1024px\" src=\"data:image\/svg+xml;base64,PHN2ZyB3aWR0aD0iMSIgaGVpZ2h0PSIxIiB4bWxucz0iaHR0cDovL3d3dy53My5vcmcvMjAwMC9zdmciPjwvc3ZnPg==\" style=\"--smush-placeholder-width: 1024px; --smush-placeholder-aspect-ratio: 1024\/683;\" \/><\/a><\/figure><\/li><li class=\"blocks-gallery-item\"><figure><a href=\"https:\/\/gazetaregionalna.com\/wp-content\/uploads\/2022\/04\/430.jpg\"><img decoding=\"async\" width=\"1024\" height=\"683\" data-src=\"https:\/\/gazetaregionalna.com\/wp-content\/uploads\/2022\/04\/430-1024x683.jpg\" alt=\"\" data-id=\"76673\" data-full-url=\"https:\/\/gazetaregionalna.com\/wp-content\/uploads\/2022\/04\/430.jpg\" data-link=\"https:\/\/gazetaregionalna.com\/?attachment_id=76673\" class=\"wp-image-76673 lazyload\" data-srcset=\"https:\/\/gazetaregionalna.com\/wp-content\/uploads\/2022\/04\/430-1024x683.jpg 1024w, https:\/\/gazetaregionalna.com\/wp-content\/uploads\/2022\/04\/430-300x200.jpg 300w, https:\/\/gazetaregionalna.com\/wp-content\/uploads\/2022\/04\/430-768x512.jpg 768w, https:\/\/gazetaregionalna.com\/wp-content\/uploads\/2022\/04\/430-696x464.jpg 696w, https:\/\/gazetaregionalna.com\/wp-content\/uploads\/2022\/04\/430-1068x712.jpg 1068w, https:\/\/gazetaregionalna.com\/wp-content\/uploads\/2022\/04\/430-630x420.jpg 630w, https:\/\/gazetaregionalna.com\/wp-content\/uploads\/2022\/04\/430.jpg 1350w\" data-sizes=\"(max-width: 1024px) 100vw, 1024px\" src=\"data:image\/svg+xml;base64,PHN2ZyB3aWR0aD0iMSIgaGVpZ2h0PSIxIiB4bWxucz0iaHR0cDovL3d3dy53My5vcmcvMjAwMC9zdmciPjwvc3ZnPg==\" style=\"--smush-placeholder-width: 1024px; --smush-placeholder-aspect-ratio: 1024\/683;\" \/><\/a><\/figure><\/li><li class=\"blocks-gallery-item\"><figure><a href=\"https:\/\/gazetaregionalna.com\/wp-content\/uploads\/2022\/04\/426.jpg\"><img decoding=\"async\" width=\"1024\" height=\"683\" data-src=\"https:\/\/gazetaregionalna.com\/wp-content\/uploads\/2022\/04\/426-1024x683.jpg\" alt=\"\" data-id=\"76671\" data-full-url=\"https:\/\/gazetaregionalna.com\/wp-content\/uploads\/2022\/04\/426.jpg\" data-link=\"https:\/\/gazetaregionalna.com\/?attachment_id=76671\" class=\"wp-image-76671 lazyload\" data-srcset=\"https:\/\/gazetaregionalna.com\/wp-content\/uploads\/2022\/04\/426-1024x683.jpg 1024w, https:\/\/gazetaregionalna.com\/wp-content\/uploads\/2022\/04\/426-300x200.jpg 300w, https:\/\/gazetaregionalna.com\/wp-content\/uploads\/2022\/04\/426-768x512.jpg 768w, https:\/\/gazetaregionalna.com\/wp-content\/uploads\/2022\/04\/426-696x464.jpg 696w, https:\/\/gazetaregionalna.com\/wp-content\/uploads\/2022\/04\/426-1068x712.jpg 1068w, https:\/\/gazetaregionalna.com\/wp-content\/uploads\/2022\/04\/426-630x420.jpg 630w, https:\/\/gazetaregionalna.com\/wp-content\/uploads\/2022\/04\/426.jpg 1350w\" data-sizes=\"(max-width: 1024px) 100vw, 1024px\" src=\"data:image\/svg+xml;base64,PHN2ZyB3aWR0aD0iMSIgaGVpZ2h0PSIxIiB4bWxucz0iaHR0cDovL3d3dy53My5vcmcvMjAwMC9zdmciPjwvc3ZnPg==\" style=\"--smush-placeholder-width: 1024px; --smush-placeholder-aspect-ratio: 1024\/683;\" \/><\/a><\/figure><\/li><\/ul><figcaption class=\"blocks-gallery-caption\">mat. Park Korzonek<\/figcaption><\/figure>\n","protected":false},"excerpt":{"rendered":"<p>Park Korzonek to niezwyk\u0142e miejsce na mapie atrakcji gminy Konopiska. Oficjalne otwarcie ju\u017c 2 i 3 maja. Na rozleg\u0142ym zalesionym 13-hektarowym terenie przygotowywane s\u0105<\/p>\n","protected":false},"author":18,"featured_media":76664,"comment_status":"closed","ping_status":"open","sticky":false,"template":"","format":"standard","meta":{"_monsterinsights_skip_tracking":false,"_monsterinsights_sitenote_active":false,"_monsterinsights_sitenote_note":"","_monsterinsights_sitenote_category":0,"_uf_show_specific_survey":0,"_uf_disable_surveys":false,"footnotes":""},"categories":[30,41,12,4,97,2],"tags":[362,4516],"class_list":["post-76659","post","type-post","status-publish","format-standard","has-post-thumbnail","hentry","category-wypoczynek","category-edukacja","category-kultura-i-rozrywka","category-region","category-rodzina","category-wiadomosci","tag-gmina-konopiska","tag-park-korzonek"],"_links":{"self":[{"href":"https:\/\/gazetaregionalna.com\/index.php?rest_route=\/wp\/v2\/posts\/76659","targetHints":{"allow":["GET"]}}],"collection":[{"href":"https:\/\/gazetaregionalna.com\/index.php?rest_route=\/wp\/v2\/posts"}],"about":[{"href":"https:\/\/gazetaregionalna.com\/index.php?rest_route=\/wp\/v2\/types\/post"}],"author":[{"embeddable":true,"href":"https:\/\/gazetaregionalna.com\/index.php?rest_route=\/wp\/v2\/users\/18"}],"replies":[{"embeddable":true,"href":"https:\/\/gazetaregionalna.com\/index.php?rest_route=%2Fwp%2Fv2%2Fcomments&post=76659"}],"version-history":[{"count":3,"href":"https:\/\/gazetaregionalna.com\/index.php?rest_route=\/wp\/v2\/posts\/76659\/revisions"}],"predecessor-version":[{"id":76677,"href":"https:\/\/gazetaregionalna.com\/index.php?rest_route=\/wp\/v2\/posts\/76659\/revisions\/76677"}],"wp:featuredmedia":[{"embeddable":true,"href":"https:\/\/gazetaregionalna.com\/index.php?rest_route=\/wp\/v2\/media\/76664"}],"wp:attachment":[{"href":"https:\/\/gazetaregionalna.com\/index.php?rest_route=%2Fwp%2Fv2%2Fmedia&parent=76659"}],"wp:term":[{"taxonomy":"category","embeddable":true,"href":"https:\/\/gazetaregionalna.com\/index.php?rest_route=%2Fwp%2Fv2%2Fcategories&post=76659"},{"taxonomy":"post_tag","embeddable":true,"href":"https:\/\/gazetaregionalna.com\/index.php?rest_route=%2Fwp%2Fv2%2Ftags&post=76659"}],"curies":[{"name":"wp","href":"https:\/\/api.w.org\/{rel}","templated":true}]}}