{"id":76632,"date":"2022-04-18T06:30:47","date_gmt":"2022-04-18T06:30:47","guid":{"rendered":"https:\/\/gazetaregionalna.com\/?p=76632"},"modified":"2022-04-18T06:30:48","modified_gmt":"2022-04-18T06:30:48","slug":"trzech-zuzlowcow-zielona-energia-com-wlokniarz-pojedzie-w-lany-poniedzialek-w-opolu-o-zloty-kask-jest-o-co-walczyc","status":"publish","type":"post","link":"https:\/\/gazetaregionalna.com\/?p=76632","title":{"rendered":"Trzech \u017cu\u017clowc\u00f3w zielona-energia.com W\u0142\u00f3kniarz pojedzie w lany poniedzia\u0142ek w Opolu o Z\u0142oty Kask. Jest o co walczy\u0107&#8230;"},"content":{"rendered":"\n<p>W wielkanocny poniedzia\u0142ek w Opolu zaplanowany jest fina\u0142 Z\u0142otego Kasku. Na li\u015bcie startowej jest trzech \u017cu\u017clowc\u00f3w zielona-energia.com W\u0142\u00f3kniarz: Kacper Woryna. Bartosz Smekta\u0142a i Jakub Mi\u015bkowiak.<\/p>\n\n\n\n<p>Po niedzielnym meczu z Lublinie, gdzie zielona-energia.com W\u0142\u00f3kniarz przegra\u0142 z Motorem 43:47 cz\u0119stochowianie musieli szybko si\u0119 pakowa\u0107 i wyrusza\u0107 w stron\u0119 Opola, gdzie w wielkanocny poniedzia\u0142ek odb\u0119dzie si\u0119 fina\u0142 Z\u0142otego Kasku. Pojad\u0105 w nim: Bartosz Smekta\u0142a, Kacper Woryna i Jakub Mi\u015bkowiak. Stawka jest du\u017ca, bo opr\u00f3cz zwyci\u0119stwa w finale ZK turniej jest te\u017c eliminacj\u0105 do przysz\u0142orocznego cyklu SGP i SEC. Udzia\u0142 w eliminacjach do cyklu Speedway Grand Prix 2023 zagwarantuje sobie 4 najlepszych zawodnik\u00f3w z dzisiejszego fina\u0142u w Opolu. Dodatkowo jeden wybrany zawodnik b\u0119dzie m\u00f3g\u0142 liczy\u0107 na \u201edzik\u0105 kart\u0119\u201d.<\/p>\n\n\n\n<p>Fina\u0142 Z\u0142otego Kasku b\u0119dzie te\u017c eliminacj\u0105 do cyklu Speedway European Championship 2023. Z opolskiego turnieju awans wywalczy 3 \u017cu\u017clowc\u00f3w, a jednemu zostanie \u201eprzyznana dzika karta\u201d.<\/p>\n\n\n\n<p>Warto wi\u0119c znale\u017a\u0107 si\u0119 w czo\u0142owej si\u00f3demce turnieju&#8230; Z\u0142otego Kasku broni Bartosz Zmarzlik.<\/p>\n\n\n\n<p>Nie odby\u0142 si\u0119 natomiast planowany na miniony pi\u0105tek fina\u0142 Srebrnego Kasku, w kt\u00f3rym mieli startowa\u0107 Jakub Mi\u015bkowiak i Mateusz \u015awidnicki. Z uwagi na opady deszczu turniej zosta\u0142 odwo\u0142any.<\/p>\n\n\n\n<p>AK, foto: AK<\/p>\n\n\n\n<p>Lista startowa<\/p>\n\n\n\n<p>1. Jaros\u0142aw Hampel (MOTOR Lublin)<\/p>\n\n\n\n<p>2. Bartosz Smekta\u0142a (ZIELONA-ENERGIA.COM W\u0141\u00d3KNIARZ Cz\u0119stochowa) \u2013 dzika karta<\/p>\n\n\n\n<p>3. Kacper Woryna (ZIELONA-ENERGIA.COM W\u0141\u00d3KNIARZ Cz\u0119stochowa)<\/p>\n\n\n\n<p>4. Gleb Chugunov (BETARD SPARTA Wroc\u0142aw)<\/p>\n\n\n\n<p>5. Patryk Dudek (FOR NATURE SOLUTIONS APATOR Toru\u0144)<\/p>\n\n\n\n<p>6. Dominik Kubera (MOTOR Lublin)<\/p>\n\n\n\n<p>7. Tobiasz Musielak (CELLFAST WILKI Krosno)<\/p>\n\n\n\n<p>8. Pawe\u0142 Przedpe\u0142ski (FOR NATURE SOLUTIONS APATOR Toru\u0144)<\/p>\n\n\n\n<p>9. Przemys\u0142aw Pawlicki (ZOOLESZCZ GKM Grudzi\u0105dz)<\/p>\n\n\n\n<p>10. Janusz Ko\u0142odziej (FOGO UNIA Leszno)<\/p>\n\n\n\n<p>11. Bartosz Zmarzlik (MOJE BERMUDY STAL Gorz\u00f3w)<\/p>\n\n\n\n<p>12. Szymon Wo\u017aniak (MOJE BERMUDY STAL Gorz\u00f3w)<\/p>\n\n\n\n<p>13. Wiktor Lampart (MOTOR Lublin)<\/p>\n\n\n\n<p>14. Piotr Pawlicki (FOGO UNIA Leszno)<\/p>\n\n\n\n<p>15. Jakub Mi\u015bkowiak (ZIELONA-ENERGIA.COM W\u0141\u00d3KNIARZ Cz\u0119stochowa)<\/p>\n\n\n\n<p>16. Maciej Janowski (BETARD SPARTA Wroc\u0142aw)<\/p>\n\n\n\n<p>17. Krzysztof Kasprzak (ZOOLESZCZ GKM Grudzi\u0105dz)<\/p>\n\n\n\n<p>18. Bart\u0142omiej Kowalski (BETARD SPARTA Wroc\u0142aw)<\/p>\n\n\n\n<figure class=\"wp-block-image size-large\"><img decoding=\"async\" width=\"1024\" height=\"683\" data-src=\"https:\/\/gazetaregionalna.com\/wp-content\/uploads\/2022\/04\/CKM-Wilki-JakubMiskowiak53-1024x683.jpg\" alt=\"\" class=\"wp-image-76031 lazyload\" data-srcset=\"https:\/\/gazetaregionalna.com\/wp-content\/uploads\/2022\/04\/CKM-Wilki-JakubMiskowiak53-1024x683.jpg 1024w, https:\/\/gazetaregionalna.com\/wp-content\/uploads\/2022\/04\/CKM-Wilki-JakubMiskowiak53-300x200.jpg 300w, https:\/\/gazetaregionalna.com\/wp-content\/uploads\/2022\/04\/CKM-Wilki-JakubMiskowiak53-768x512.jpg 768w, https:\/\/gazetaregionalna.com\/wp-content\/uploads\/2022\/04\/CKM-Wilki-JakubMiskowiak53-1536x1024.jpg 1536w, https:\/\/gazetaregionalna.com\/wp-content\/uploads\/2022\/04\/CKM-Wilki-JakubMiskowiak53-2048x1365.jpg 2048w, https:\/\/gazetaregionalna.com\/wp-content\/uploads\/2022\/04\/CKM-Wilki-JakubMiskowiak53-696x464.jpg 696w, https:\/\/gazetaregionalna.com\/wp-content\/uploads\/2022\/04\/CKM-Wilki-JakubMiskowiak53-1068x712.jpg 1068w, https:\/\/gazetaregionalna.com\/wp-content\/uploads\/2022\/04\/CKM-Wilki-JakubMiskowiak53-1920x1280.jpg 1920w, https:\/\/gazetaregionalna.com\/wp-content\/uploads\/2022\/04\/CKM-Wilki-JakubMiskowiak53-630x420.jpg 630w, https:\/\/gazetaregionalna.com\/wp-content\/uploads\/2022\/04\/CKM-Wilki-JakubMiskowiak53-scaled.jpg 1600w\" data-sizes=\"(max-width: 1024px) 100vw, 1024px\" src=\"data:image\/svg+xml;base64,PHN2ZyB3aWR0aD0iMSIgaGVpZ2h0PSIxIiB4bWxucz0iaHR0cDovL3d3dy53My5vcmcvMjAwMC9zdmciPjwvc3ZnPg==\" style=\"--smush-placeholder-width: 1024px; --smush-placeholder-aspect-ratio: 1024\/683;\" \/><\/figure>\n\n\n\n<figure class=\"wp-block-image size-large\"><img decoding=\"async\" width=\"1024\" height=\"683\" data-src=\"https:\/\/gazetaregionalna.com\/wp-content\/uploads\/2022\/03\/CKM-Wilki-51-1024x683.jpg\" alt=\"\" class=\"wp-image-74648 lazyload\" data-srcset=\"https:\/\/gazetaregionalna.com\/wp-content\/uploads\/2022\/03\/CKM-Wilki-51-1024x683.jpg 1024w, https:\/\/gazetaregionalna.com\/wp-content\/uploads\/2022\/03\/CKM-Wilki-51-300x200.jpg 300w, https:\/\/gazetaregionalna.com\/wp-content\/uploads\/2022\/03\/CKM-Wilki-51-768x512.jpg 768w, https:\/\/gazetaregionalna.com\/wp-content\/uploads\/2022\/03\/CKM-Wilki-51-1536x1024.jpg 1536w, https:\/\/gazetaregionalna.com\/wp-content\/uploads\/2022\/03\/CKM-Wilki-51-2048x1365.jpg 2048w, https:\/\/gazetaregionalna.com\/wp-content\/uploads\/2022\/03\/CKM-Wilki-51-696x464.jpg 696w, https:\/\/gazetaregionalna.com\/wp-content\/uploads\/2022\/03\/CKM-Wilki-51-1068x712.jpg 1068w, https:\/\/gazetaregionalna.com\/wp-content\/uploads\/2022\/03\/CKM-Wilki-51-1920x1280.jpg 1920w, https:\/\/gazetaregionalna.com\/wp-content\/uploads\/2022\/03\/CKM-Wilki-51-630x420.jpg 630w, https:\/\/gazetaregionalna.com\/wp-content\/uploads\/2022\/03\/CKM-Wilki-51-scaled.jpg 1600w\" data-sizes=\"(max-width: 1024px) 100vw, 1024px\" src=\"data:image\/svg+xml;base64,PHN2ZyB3aWR0aD0iMSIgaGVpZ2h0PSIxIiB4bWxucz0iaHR0cDovL3d3dy53My5vcmcvMjAwMC9zdmciPjwvc3ZnPg==\" style=\"--smush-placeholder-width: 1024px; --smush-placeholder-aspect-ratio: 1024\/683;\" \/><\/figure>\n\n\n\n<figure class=\"wp-block-image size-large\"><img decoding=\"async\" width=\"1024\" height=\"683\" data-src=\"https:\/\/gazetaregionalna.com\/wp-content\/uploads\/2022\/04\/CKM-Smektala-1024x683.jpg\" alt=\"\" class=\"wp-image-75085 lazyload\" data-srcset=\"https:\/\/gazetaregionalna.com\/wp-content\/uploads\/2022\/04\/CKM-Smektala-1024x683.jpg 1024w, https:\/\/gazetaregionalna.com\/wp-content\/uploads\/2022\/04\/CKM-Smektala-300x200.jpg 300w, https:\/\/gazetaregionalna.com\/wp-content\/uploads\/2022\/04\/CKM-Smektala-768x512.jpg 768w, https:\/\/gazetaregionalna.com\/wp-content\/uploads\/2022\/04\/CKM-Smektala-1536x1024.jpg 1536w, https:\/\/gazetaregionalna.com\/wp-content\/uploads\/2022\/04\/CKM-Smektala-2048x1365.jpg 2048w, https:\/\/gazetaregionalna.com\/wp-content\/uploads\/2022\/04\/CKM-Smektala-696x464.jpg 696w, https:\/\/gazetaregionalna.com\/wp-content\/uploads\/2022\/04\/CKM-Smektala-1068x712.jpg 1068w, https:\/\/gazetaregionalna.com\/wp-content\/uploads\/2022\/04\/CKM-Smektala-1920x1280.jpg 1920w, https:\/\/gazetaregionalna.com\/wp-content\/uploads\/2022\/04\/CKM-Smektala-630x420.jpg 630w, https:\/\/gazetaregionalna.com\/wp-content\/uploads\/2022\/04\/CKM-Smektala-scaled.jpg 1600w\" data-sizes=\"(max-width: 1024px) 100vw, 1024px\" src=\"data:image\/svg+xml;base64,PHN2ZyB3aWR0aD0iMSIgaGVpZ2h0PSIxIiB4bWxucz0iaHR0cDovL3d3dy53My5vcmcvMjAwMC9zdmciPjwvc3ZnPg==\" style=\"--smush-placeholder-width: 1024px; --smush-placeholder-aspect-ratio: 1024\/683;\" \/><\/figure>\n\n\n\n<figure class=\"wp-block-image size-large\"><img decoding=\"async\" width=\"300\" height=\"250\" data-src=\"https:\/\/gazetaregionalna.com\/wp-content\/uploads\/2021\/10\/DMKInvest2.jpg\" alt=\"\" class=\"wp-image-58380 lazyload\" src=\"data:image\/svg+xml;base64,PHN2ZyB3aWR0aD0iMSIgaGVpZ2h0PSIxIiB4bWxucz0iaHR0cDovL3d3dy53My5vcmcvMjAwMC9zdmciPjwvc3ZnPg==\" style=\"--smush-placeholder-width: 300px; --smush-placeholder-aspect-ratio: 300\/250;\"><\/figure>\n\n\n\n<figure class=\"wp-block-image size-large\"><img decoding=\"async\" width=\"1024\" height=\"683\" data-src=\"https:\/\/gazetaregionalna.com\/wp-content\/uploads\/2022\/03\/CKM-Wilki-32-1024x683.jpg\" alt=\"\" class=\"wp-image-74632 lazyload\" data-srcset=\"https:\/\/gazetaregionalna.com\/wp-content\/uploads\/2022\/03\/CKM-Wilki-32-1024x683.jpg 1024w, https:\/\/gazetaregionalna.com\/wp-content\/uploads\/2022\/03\/CKM-Wilki-32-300x200.jpg 300w, https:\/\/gazetaregionalna.com\/wp-content\/uploads\/2022\/03\/CKM-Wilki-32-768x512.jpg 768w, https:\/\/gazetaregionalna.com\/wp-content\/uploads\/2022\/03\/CKM-Wilki-32-1536x1024.jpg 1536w, https:\/\/gazetaregionalna.com\/wp-content\/uploads\/2022\/03\/CKM-Wilki-32-2048x1365.jpg 2048w, https:\/\/gazetaregionalna.com\/wp-content\/uploads\/2022\/03\/CKM-Wilki-32-696x464.jpg 696w, https:\/\/gazetaregionalna.com\/wp-content\/uploads\/2022\/03\/CKM-Wilki-32-1068x712.jpg 1068w, https:\/\/gazetaregionalna.com\/wp-content\/uploads\/2022\/03\/CKM-Wilki-32-1920x1280.jpg 1920w, https:\/\/gazetaregionalna.com\/wp-content\/uploads\/2022\/03\/CKM-Wilki-32-630x420.jpg 630w, https:\/\/gazetaregionalna.com\/wp-content\/uploads\/2022\/03\/CKM-Wilki-32-scaled.jpg 1600w\" data-sizes=\"(max-width: 1024px) 100vw, 1024px\" src=\"data:image\/svg+xml;base64,PHN2ZyB3aWR0aD0iMSIgaGVpZ2h0PSIxIiB4bWxucz0iaHR0cDovL3d3dy53My5vcmcvMjAwMC9zdmciPjwvc3ZnPg==\" style=\"--smush-placeholder-width: 1024px; --smush-placeholder-aspect-ratio: 1024\/683;\" \/><\/figure>\n\n\n\n<figure class=\"wp-block-image size-large\"><img decoding=\"async\" width=\"1024\" height=\"683\" data-src=\"https:\/\/gazetaregionalna.com\/wp-content\/uploads\/2022\/04\/CKM-Unia-1-1024x683.jpg\" alt=\"\" class=\"wp-image-75666 lazyload\" data-srcset=\"https:\/\/gazetaregionalna.com\/wp-content\/uploads\/2022\/04\/CKM-Unia-1-1024x683.jpg 1024w, https:\/\/gazetaregionalna.com\/wp-content\/uploads\/2022\/04\/CKM-Unia-1-300x200.jpg 300w, https:\/\/gazetaregionalna.com\/wp-content\/uploads\/2022\/04\/CKM-Unia-1-768x512.jpg 768w, https:\/\/gazetaregionalna.com\/wp-content\/uploads\/2022\/04\/CKM-Unia-1-1536x1024.jpg 1536w, https:\/\/gazetaregionalna.com\/wp-content\/uploads\/2022\/04\/CKM-Unia-1-2048x1365.jpg 2048w, https:\/\/gazetaregionalna.com\/wp-content\/uploads\/2022\/04\/CKM-Unia-1-696x464.jpg 696w, https:\/\/gazetaregionalna.com\/wp-content\/uploads\/2022\/04\/CKM-Unia-1-1068x712.jpg 1068w, https:\/\/gazetaregionalna.com\/wp-content\/uploads\/2022\/04\/CKM-Unia-1-1920x1280.jpg 1920w, https:\/\/gazetaregionalna.com\/wp-content\/uploads\/2022\/04\/CKM-Unia-1-630x420.jpg 630w, https:\/\/gazetaregionalna.com\/wp-content\/uploads\/2022\/04\/CKM-Unia-1-scaled.jpg 1600w\" data-sizes=\"(max-width: 1024px) 100vw, 1024px\" src=\"data:image\/svg+xml;base64,PHN2ZyB3aWR0aD0iMSIgaGVpZ2h0PSIxIiB4bWxucz0iaHR0cDovL3d3dy53My5vcmcvMjAwMC9zdmciPjwvc3ZnPg==\" style=\"--smush-placeholder-width: 1024px; --smush-placeholder-aspect-ratio: 1024\/683;\" \/><\/figure>\n\n\n\n<figure class=\"wp-block-image size-large\"><img decoding=\"async\" width=\"1024\" height=\"683\" data-src=\"https:\/\/gazetaregionalna.com\/wp-content\/uploads\/2022\/04\/CKM-Unia-2-1024x683.jpg\" alt=\"\" class=\"wp-image-75667 lazyload\" data-srcset=\"https:\/\/gazetaregionalna.com\/wp-content\/uploads\/2022\/04\/CKM-Unia-2-1024x683.jpg 1024w, https:\/\/gazetaregionalna.com\/wp-content\/uploads\/2022\/04\/CKM-Unia-2-300x200.jpg 300w, https:\/\/gazetaregionalna.com\/wp-content\/uploads\/2022\/04\/CKM-Unia-2-768x512.jpg 768w, https:\/\/gazetaregionalna.com\/wp-content\/uploads\/2022\/04\/CKM-Unia-2-1536x1024.jpg 1536w, https:\/\/gazetaregionalna.com\/wp-content\/uploads\/2022\/04\/CKM-Unia-2-2048x1366.jpg 2048w, https:\/\/gazetaregionalna.com\/wp-content\/uploads\/2022\/04\/CKM-Unia-2-696x464.jpg 696w, https:\/\/gazetaregionalna.com\/wp-content\/uploads\/2022\/04\/CKM-Unia-2-1068x712.jpg 1068w, https:\/\/gazetaregionalna.com\/wp-content\/uploads\/2022\/04\/CKM-Unia-2-1920x1280.jpg 1920w, https:\/\/gazetaregionalna.com\/wp-content\/uploads\/2022\/04\/CKM-Unia-2-630x420.jpg 630w, https:\/\/gazetaregionalna.com\/wp-content\/uploads\/2022\/04\/CKM-Unia-2-scaled.jpg 1600w\" data-sizes=\"(max-width: 1024px) 100vw, 1024px\" src=\"data:image\/svg+xml;base64,PHN2ZyB3aWR0aD0iMSIgaGVpZ2h0PSIxIiB4bWxucz0iaHR0cDovL3d3dy53My5vcmcvMjAwMC9zdmciPjwvc3ZnPg==\" style=\"--smush-placeholder-width: 1024px; --smush-placeholder-aspect-ratio: 1024\/683;\" \/><\/figure>\n","protected":false},"excerpt":{"rendered":"<p>W wielkanocny poniedzia\u0142ek w Opolu zaplanowany jest fina\u0142 Z\u0142otego Kasku. Na li\u015bcie startowej jest trzech \u017cu\u017clowc\u00f3w zielona-energia.com W\u0142\u00f3kniarz: Kacper Woryna. Bartosz Smekta\u0142a i Jakub<\/p>\n","protected":false},"author":15,"featured_media":76031,"comment_status":"closed","ping_status":"open","sticky":false,"template":"","format":"standard","meta":{"_monsterinsights_skip_tracking":false,"_monsterinsights_sitenote_active":false,"_monsterinsights_sitenote_note":"","_monsterinsights_sitenote_category":0,"_uf_show_specific_survey":0,"_uf_disable_surveys":false,"footnotes":""},"categories":[5,7],"tags":[],"class_list":["post-76632","post","type-post","status-publish","format-standard","has-post-thumbnail","hentry","category-sport","category-zuzel"],"_links":{"self":[{"href":"https:\/\/gazetaregionalna.com\/index.php?rest_route=\/wp\/v2\/posts\/76632","targetHints":{"allow":["GET"]}}],"collection":[{"href":"https:\/\/gazetaregionalna.com\/index.php?rest_route=\/wp\/v2\/posts"}],"about":[{"href":"https:\/\/gazetaregionalna.com\/index.php?rest_route=\/wp\/v2\/types\/post"}],"author":[{"embeddable":true,"href":"https:\/\/gazetaregionalna.com\/index.php?rest_route=\/wp\/v2\/users\/15"}],"replies":[{"embeddable":true,"href":"https:\/\/gazetaregionalna.com\/index.php?rest_route=%2Fwp%2Fv2%2Fcomments&post=76632"}],"version-history":[{"count":1,"href":"https:\/\/gazetaregionalna.com\/index.php?rest_route=\/wp\/v2\/posts\/76632\/revisions"}],"predecessor-version":[{"id":76633,"href":"https:\/\/gazetaregionalna.com\/index.php?rest_route=\/wp\/v2\/posts\/76632\/revisions\/76633"}],"wp:featuredmedia":[{"embeddable":true,"href":"https:\/\/gazetaregionalna.com\/index.php?rest_route=\/wp\/v2\/media\/76031"}],"wp:attachment":[{"href":"https:\/\/gazetaregionalna.com\/index.php?rest_route=%2Fwp%2Fv2%2Fmedia&parent=76632"}],"wp:term":[{"taxonomy":"category","embeddable":true,"href":"https:\/\/gazetaregionalna.com\/index.php?rest_route=%2Fwp%2Fv2%2Fcategories&post=76632"},{"taxonomy":"post_tag","embeddable":true,"href":"https:\/\/gazetaregionalna.com\/index.php?rest_route=%2Fwp%2Fv2%2Ftags&post=76632"}],"curies":[{"name":"wp","href":"https:\/\/api.w.org\/{rel}","templated":true}]}}