{"id":76564,"date":"2022-04-16T12:33:20","date_gmt":"2022-04-16T12:33:20","guid":{"rendered":"https:\/\/gazetaregionalna.com\/?p=76564"},"modified":"2022-04-16T12:33:21","modified_gmt":"2022-04-16T12:33:21","slug":"wielkanocna-akcja-siostry-mileny","status":"publish","type":"post","link":"https:\/\/gazetaregionalna.com\/?p=76564","title":{"rendered":"Wielkanocna akcja siostry Mileny na pl. Biega\u0144skiego. To wyraz solidarno\u015bci i braterstwa"},"content":{"rendered":"\n<h2 class=\"wp-block-heading\">To ju\u017c si\u00f3dma wielkanocna akcja, kt\u00f3r\u0105 zorganizowa\u0142a siostra Milena. Tym razem wzi\u0119\u0142o w niej udzia\u0142 blisko 60 plac\u00f3wek.<\/h2>\n\n\n\n<p>Siostra Milena ze Zgromadzenia Si\u00f3str \u015bw. J\u00f3zefa wprowadzi\u0142a w Cz\u0119stochowie pewn\u0105 tradycj\u0119. Na Bo\u017ce Narodzenie na pl. Biega\u0144skiego buduje ze wsp\u00f3\u0142pracownikami szopk\u0119, kt\u00f3rej otoczenia stanowi\u0105 stroiki z bombkami. Z kolei na Wielkanoc bombki zast\u0119puj\u0105 pisanki i zaj\u0105czki.<\/p>\n\n\n\n<p>W efekcie w centrum miasta jest kolorowo i rado\u015bnie. Tegoroczna akcja wielkanocna jest ju\u017c si\u00f3dm\u0105 z kolei. \u2013 Raz przystrajali\u015bmy palmami \u015brodkow\u0105 Alej\u0119 NMP, pozosta\u0142e wydarzenia odbywa\u0142y si\u0119 za\u015b na pl. Biega\u0144skiego \u2013 przyznaje inicjatorka \u015bwi\u0105tecznego przedsi\u0119wzi\u0119cia.<\/p>\n\n\n\n<figure class=\"wp-block-image size-large\"><img decoding=\"async\" width=\"1024\" height=\"768\" data-src=\"https:\/\/gazetaregionalna.com\/wp-content\/uploads\/2022\/04\/IMG_20220407_115039-1024x768.jpg\" alt=\"\" class=\"wp-image-76569 lazyload\" data-srcset=\"https:\/\/gazetaregionalna.com\/wp-content\/uploads\/2022\/04\/IMG_20220407_115039-1024x768.jpg 1024w, https:\/\/gazetaregionalna.com\/wp-content\/uploads\/2022\/04\/IMG_20220407_115039-300x225.jpg 300w, https:\/\/gazetaregionalna.com\/wp-content\/uploads\/2022\/04\/IMG_20220407_115039-768x576.jpg 768w, https:\/\/gazetaregionalna.com\/wp-content\/uploads\/2022\/04\/IMG_20220407_115039-1536x1152.jpg 1536w, https:\/\/gazetaregionalna.com\/wp-content\/uploads\/2022\/04\/IMG_20220407_115039-2048x1536.jpg 2048w, https:\/\/gazetaregionalna.com\/wp-content\/uploads\/2022\/04\/IMG_20220407_115039-696x522.jpg 696w, https:\/\/gazetaregionalna.com\/wp-content\/uploads\/2022\/04\/IMG_20220407_115039-1068x801.jpg 1068w, https:\/\/gazetaregionalna.com\/wp-content\/uploads\/2022\/04\/IMG_20220407_115039-1920x1440.jpg 1920w, https:\/\/gazetaregionalna.com\/wp-content\/uploads\/2022\/04\/IMG_20220407_115039-560x420.jpg 560w, https:\/\/gazetaregionalna.com\/wp-content\/uploads\/2022\/04\/IMG_20220407_115039-80x60.jpg 80w, https:\/\/gazetaregionalna.com\/wp-content\/uploads\/2022\/04\/IMG_20220407_115039-265x198.jpg 265w, https:\/\/gazetaregionalna.com\/wp-content\/uploads\/2022\/04\/IMG_20220407_115039-scaled.jpg 1600w\" data-sizes=\"(max-width: 1024px) 100vw, 1024px\" src=\"data:image\/svg+xml;base64,PHN2ZyB3aWR0aD0iMSIgaGVpZ2h0PSIxIiB4bWxucz0iaHR0cDovL3d3dy53My5vcmcvMjAwMC9zdmciPjwvc3ZnPg==\" style=\"--smush-placeholder-width: 1024px; --smush-placeholder-aspect-ratio: 1024\/768;\" \/><figcaption>Wielkanocna akcja na pl. Biega\u0144skiego (fot. ZS)<\/figcaption><\/figure>\n\n\n\n<p>Tym razem swoje ozdoby przygotowali przedstawiciele ok. 60 plac\u00f3wek wychowawczo-o\u015bwiatowych. Do akcji do\u0142\u0105czy\u0142y przedszkola, szko\u0142y podstawowe oraz \u015brednie, a tak\u017ce o\u015brodki wychowawcze z Cz\u0119stochowy i okolic.<\/p>\n\n\n\n<p>&#8211; Specjalnymi go\u015b\u0107mi, co jest dla nas bardzo wa\u017cne, by\u0142a klasa, kt\u00f3r\u0105 tworz\u0105 dzieci pochodz\u0105ce z Ukrainy. Ich skrzyni\u0119 zdominowa\u0142y niebieskie i \u017c\u00f3\u0142te barwy. Ta pi\u0119kna tw\u00f3rczo\u015b\u0107 m\u00f3wi o wielkiej solidarno\u015bci i braterstwie. Podczas uroczystego strojenia, dzieci \u015bpiewa\u0142y nam swoj\u0105 ulubion\u0105 pie\u015b\u0144 ukrai\u0144sk\u0105. Pozostali uczniowie mieli chor\u0105giewki i balony w kolorach rodem z ukrai\u0144skiej flagi. To nasi s\u0105siedzi, musimy by\u0107 zjednoczeni. Wsp\u00f3lnie starali\u015bmy si\u0119 stworzy\u0107 jedn\u0105 rodzin\u0119. Modlili\u015bmy si\u0119 o pok\u00f3j i o to, by nasze niebo by\u0142o bezpieczne \u2013 m\u00f3wi siostra Milena.<\/p>\n\n\n\n<figure class=\"wp-block-image size-large\"><img decoding=\"async\" width=\"1024\" height=\"768\" data-src=\"https:\/\/gazetaregionalna.com\/wp-content\/uploads\/2022\/04\/IMG_20220407_115744-1024x768.jpg\" alt=\"\" class=\"wp-image-76580 lazyload\" data-srcset=\"https:\/\/gazetaregionalna.com\/wp-content\/uploads\/2022\/04\/IMG_20220407_115744-1024x768.jpg 1024w, https:\/\/gazetaregionalna.com\/wp-content\/uploads\/2022\/04\/IMG_20220407_115744-300x225.jpg 300w, https:\/\/gazetaregionalna.com\/wp-content\/uploads\/2022\/04\/IMG_20220407_115744-768x576.jpg 768w, https:\/\/gazetaregionalna.com\/wp-content\/uploads\/2022\/04\/IMG_20220407_115744-1536x1152.jpg 1536w, https:\/\/gazetaregionalna.com\/wp-content\/uploads\/2022\/04\/IMG_20220407_115744-2048x1536.jpg 2048w, https:\/\/gazetaregionalna.com\/wp-content\/uploads\/2022\/04\/IMG_20220407_115744-696x522.jpg 696w, https:\/\/gazetaregionalna.com\/wp-content\/uploads\/2022\/04\/IMG_20220407_115744-1068x801.jpg 1068w, https:\/\/gazetaregionalna.com\/wp-content\/uploads\/2022\/04\/IMG_20220407_115744-1920x1440.jpg 1920w, https:\/\/gazetaregionalna.com\/wp-content\/uploads\/2022\/04\/IMG_20220407_115744-560x420.jpg 560w, https:\/\/gazetaregionalna.com\/wp-content\/uploads\/2022\/04\/IMG_20220407_115744-80x60.jpg 80w, https:\/\/gazetaregionalna.com\/wp-content\/uploads\/2022\/04\/IMG_20220407_115744-265x198.jpg 265w, https:\/\/gazetaregionalna.com\/wp-content\/uploads\/2022\/04\/IMG_20220407_115744-scaled.jpg 1600w\" data-sizes=\"(max-width: 1024px) 100vw, 1024px\" src=\"data:image\/svg+xml;base64,PHN2ZyB3aWR0aD0iMSIgaGVpZ2h0PSIxIiB4bWxucz0iaHR0cDovL3d3dy53My5vcmcvMjAwMC9zdmciPjwvc3ZnPg==\" style=\"--smush-placeholder-width: 1024px; --smush-placeholder-aspect-ratio: 1024\/768;\" \/><figcaption>Wielkanocna akcja na pl. Biega\u0144skiego (fot. ZS)<\/figcaption><\/figure>\n\n\n\n<p>Podczas otwarcia wypuszczono w niebo 16 go\u0142\u0119bi. \u2013 Zrobili\u015bmy to po raz pierwszy. By\u0142 to znak, \u017ce wsp\u00f3lnie musimy troszczy\u0107 si\u0119 o pok\u00f3j. Tak\u017ce ten w naszych sercach, rodzinach, domach. Musimy troszczy\u0107 si\u0119 o to, by tego pokoju nigdy nie zabrak\u0142o \u2013 dodaje organizatorka akcji.<\/p>\n\n\n\n<p>Siostra Milena podkre\u015bla\u0142a, \u017ce Cz\u0119stochowa jest dobrym miastem. Takim, jakim okre\u015bla\u0142 j\u0105 \u015bw. Jan Pawe\u0142 II. &#8211; Cz\u0119stochowa jest tak bardzo \u017cyczliwym miastem, otworzy\u0142a szeroko swoje serca, by przyj\u0105\u0107 uciekinier\u00f3w, kt\u00f3rzy do\u015bwiadczyli wojny. Wielkim wzruszeniem s\u0105 dla nas dzieci, kt\u00f3re pytaj\u0105 o to, czy tatu\u015b \u017cyje, kiedy przyjedzie, kiedy wr\u00f3c\u0105 do domu. One bardzo potrzebuj\u0105 naszego wsparcia \u2013 m\u00f3wi.<\/p>\n\n\n\n<figure class=\"wp-block-image size-large\"><img decoding=\"async\" width=\"1024\" height=\"768\" data-src=\"https:\/\/gazetaregionalna.com\/wp-content\/uploads\/2022\/04\/IMG_20220407_115252-1024x768.jpg\" alt=\"\" class=\"wp-image-76575 lazyload\" data-srcset=\"https:\/\/gazetaregionalna.com\/wp-content\/uploads\/2022\/04\/IMG_20220407_115252-1024x768.jpg 1024w, https:\/\/gazetaregionalna.com\/wp-content\/uploads\/2022\/04\/IMG_20220407_115252-300x225.jpg 300w, https:\/\/gazetaregionalna.com\/wp-content\/uploads\/2022\/04\/IMG_20220407_115252-768x576.jpg 768w, https:\/\/gazetaregionalna.com\/wp-content\/uploads\/2022\/04\/IMG_20220407_115252-1536x1152.jpg 1536w, https:\/\/gazetaregionalna.com\/wp-content\/uploads\/2022\/04\/IMG_20220407_115252-2048x1536.jpg 2048w, https:\/\/gazetaregionalna.com\/wp-content\/uploads\/2022\/04\/IMG_20220407_115252-696x522.jpg 696w, https:\/\/gazetaregionalna.com\/wp-content\/uploads\/2022\/04\/IMG_20220407_115252-1068x801.jpg 1068w, https:\/\/gazetaregionalna.com\/wp-content\/uploads\/2022\/04\/IMG_20220407_115252-1920x1440.jpg 1920w, https:\/\/gazetaregionalna.com\/wp-content\/uploads\/2022\/04\/IMG_20220407_115252-560x420.jpg 560w, https:\/\/gazetaregionalna.com\/wp-content\/uploads\/2022\/04\/IMG_20220407_115252-80x60.jpg 80w, https:\/\/gazetaregionalna.com\/wp-content\/uploads\/2022\/04\/IMG_20220407_115252-265x198.jpg 265w, https:\/\/gazetaregionalna.com\/wp-content\/uploads\/2022\/04\/IMG_20220407_115252-scaled.jpg 1600w\" data-sizes=\"(max-width: 1024px) 100vw, 1024px\" src=\"data:image\/svg+xml;base64,PHN2ZyB3aWR0aD0iMSIgaGVpZ2h0PSIxIiB4bWxucz0iaHR0cDovL3d3dy53My5vcmcvMjAwMC9zdmciPjwvc3ZnPg==\" style=\"--smush-placeholder-width: 1024px; --smush-placeholder-aspect-ratio: 1024\/768;\" \/><figcaption>Wielkanocna akcja na pl. Biega\u0144skiego (fot. ZS)<\/figcaption><\/figure>\n\n\n\n<p>A czego \u017cyczy na \u015bwi\u0119ta Czytelnikom \u201eGazety Regionalnej\u201d? \u2013 Kochanym Czytelnikom i wszystkim mieszka\u0144com Cz\u0119stochowy \u017cycz\u0119, \u017ceby pok\u00f3j Jezusa zago\u015bci\u0142 wsz\u0119dzie, aby\u015bmy byli dla siebie \u017cyczliwi, przyja\u017ani i tworzyli wielk\u0105 przestrze\u0144 mi\u0142o\u015bci \u2013 zaznacza siostra Milena.<\/p>\n\n\n\n<p><strong>ZS<\/strong><\/p>\n\n\n\n<figure class=\"wp-block-gallery columns-3 is-cropped wp-block-gallery-1 is-layout-flex wp-block-gallery-is-layout-flex\"><ul class=\"blocks-gallery-grid\"><li class=\"blocks-gallery-item\"><figure><a href=\"https:\/\/gazetaregionalna.com\/wp-content\/uploads\/2022\/04\/IMG_20220407_115032-scaled.jpg\"><img decoding=\"async\" width=\"1024\" height=\"768\" data-src=\"https:\/\/gazetaregionalna.com\/wp-content\/uploads\/2022\/04\/IMG_20220407_115032-1024x768.jpg\" alt=\"\" data-id=\"76568\" data-full-url=\"https:\/\/gazetaregionalna.com\/wp-content\/uploads\/2022\/04\/IMG_20220407_115032-scaled.jpg\" data-link=\"https:\/\/gazetaregionalna.com\/?attachment_id=76568\" class=\"wp-image-76568 lazyload\" data-srcset=\"https:\/\/gazetaregionalna.com\/wp-content\/uploads\/2022\/04\/IMG_20220407_115032-1024x768.jpg 1024w, https:\/\/gazetaregionalna.com\/wp-content\/uploads\/2022\/04\/IMG_20220407_115032-300x225.jpg 300w, https:\/\/gazetaregionalna.com\/wp-content\/uploads\/2022\/04\/IMG_20220407_115032-768x576.jpg 768w, https:\/\/gazetaregionalna.com\/wp-content\/uploads\/2022\/04\/IMG_20220407_115032-1536x1152.jpg 1536w, https:\/\/gazetaregionalna.com\/wp-content\/uploads\/2022\/04\/IMG_20220407_115032-2048x1536.jpg 2048w, https:\/\/gazetaregionalna.com\/wp-content\/uploads\/2022\/04\/IMG_20220407_115032-696x522.jpg 696w, https:\/\/gazetaregionalna.com\/wp-content\/uploads\/2022\/04\/IMG_20220407_115032-1068x801.jpg 1068w, https:\/\/gazetaregionalna.com\/wp-content\/uploads\/2022\/04\/IMG_20220407_115032-1920x1440.jpg 1920w, https:\/\/gazetaregionalna.com\/wp-content\/uploads\/2022\/04\/IMG_20220407_115032-560x420.jpg 560w, https:\/\/gazetaregionalna.com\/wp-content\/uploads\/2022\/04\/IMG_20220407_115032-80x60.jpg 80w, https:\/\/gazetaregionalna.com\/wp-content\/uploads\/2022\/04\/IMG_20220407_115032-265x198.jpg 265w, https:\/\/gazetaregionalna.com\/wp-content\/uploads\/2022\/04\/IMG_20220407_115032-scaled.jpg 1600w\" data-sizes=\"(max-width: 1024px) 100vw, 1024px\" src=\"data:image\/svg+xml;base64,PHN2ZyB3aWR0aD0iMSIgaGVpZ2h0PSIxIiB4bWxucz0iaHR0cDovL3d3dy53My5vcmcvMjAwMC9zdmciPjwvc3ZnPg==\" style=\"--smush-placeholder-width: 1024px; --smush-placeholder-aspect-ratio: 1024\/768;\" \/><\/a><\/figure><\/li><li class=\"blocks-gallery-item\"><figure><a href=\"https:\/\/gazetaregionalna.com\/wp-content\/uploads\/2022\/04\/IMG_20220407_115749-scaled.jpg\"><img decoding=\"async\" width=\"1024\" height=\"768\" data-src=\"https:\/\/gazetaregionalna.com\/wp-content\/uploads\/2022\/04\/IMG_20220407_115749-1024x768.jpg\" alt=\"\" data-id=\"76581\" data-full-url=\"https:\/\/gazetaregionalna.com\/wp-content\/uploads\/2022\/04\/IMG_20220407_115749-scaled.jpg\" data-link=\"https:\/\/gazetaregionalna.com\/?attachment_id=76581\" class=\"wp-image-76581 lazyload\" data-srcset=\"https:\/\/gazetaregionalna.com\/wp-content\/uploads\/2022\/04\/IMG_20220407_115749-1024x768.jpg 1024w, https:\/\/gazetaregionalna.com\/wp-content\/uploads\/2022\/04\/IMG_20220407_115749-300x225.jpg 300w, https:\/\/gazetaregionalna.com\/wp-content\/uploads\/2022\/04\/IMG_20220407_115749-768x576.jpg 768w, https:\/\/gazetaregionalna.com\/wp-content\/uploads\/2022\/04\/IMG_20220407_115749-1536x1152.jpg 1536w, https:\/\/gazetaregionalna.com\/wp-content\/uploads\/2022\/04\/IMG_20220407_115749-2048x1536.jpg 2048w, https:\/\/gazetaregionalna.com\/wp-content\/uploads\/2022\/04\/IMG_20220407_115749-696x522.jpg 696w, https:\/\/gazetaregionalna.com\/wp-content\/uploads\/2022\/04\/IMG_20220407_115749-1068x801.jpg 1068w, https:\/\/gazetaregionalna.com\/wp-content\/uploads\/2022\/04\/IMG_20220407_115749-1920x1440.jpg 1920w, https:\/\/gazetaregionalna.com\/wp-content\/uploads\/2022\/04\/IMG_20220407_115749-560x420.jpg 560w, https:\/\/gazetaregionalna.com\/wp-content\/uploads\/2022\/04\/IMG_20220407_115749-80x60.jpg 80w, https:\/\/gazetaregionalna.com\/wp-content\/uploads\/2022\/04\/IMG_20220407_115749-265x198.jpg 265w, https:\/\/gazetaregionalna.com\/wp-content\/uploads\/2022\/04\/IMG_20220407_115749-scaled.jpg 1600w\" data-sizes=\"(max-width: 1024px) 100vw, 1024px\" src=\"data:image\/svg+xml;base64,PHN2ZyB3aWR0aD0iMSIgaGVpZ2h0PSIxIiB4bWxucz0iaHR0cDovL3d3dy53My5vcmcvMjAwMC9zdmciPjwvc3ZnPg==\" style=\"--smush-placeholder-width: 1024px; --smush-placeholder-aspect-ratio: 1024\/768;\" \/><\/a><\/figure><\/li><li class=\"blocks-gallery-item\"><figure><a href=\"https:\/\/gazetaregionalna.com\/wp-content\/uploads\/2022\/04\/IMG_20220407_115716-scaled.jpg\"><img decoding=\"async\" width=\"1024\" height=\"768\" data-src=\"https:\/\/gazetaregionalna.com\/wp-content\/uploads\/2022\/04\/IMG_20220407_115716-1024x768.jpg\" alt=\"\" data-id=\"76579\" data-full-url=\"https:\/\/gazetaregionalna.com\/wp-content\/uploads\/2022\/04\/IMG_20220407_115716-scaled.jpg\" data-link=\"https:\/\/gazetaregionalna.com\/?attachment_id=76579\" class=\"wp-image-76579 lazyload\" data-srcset=\"https:\/\/gazetaregionalna.com\/wp-content\/uploads\/2022\/04\/IMG_20220407_115716-1024x768.jpg 1024w, https:\/\/gazetaregionalna.com\/wp-content\/uploads\/2022\/04\/IMG_20220407_115716-300x225.jpg 300w, https:\/\/gazetaregionalna.com\/wp-content\/uploads\/2022\/04\/IMG_20220407_115716-768x576.jpg 768w, https:\/\/gazetaregionalna.com\/wp-content\/uploads\/2022\/04\/IMG_20220407_115716-1536x1152.jpg 1536w, https:\/\/gazetaregionalna.com\/wp-content\/uploads\/2022\/04\/IMG_20220407_115716-2048x1536.jpg 2048w, https:\/\/gazetaregionalna.com\/wp-content\/uploads\/2022\/04\/IMG_20220407_115716-696x522.jpg 696w, https:\/\/gazetaregionalna.com\/wp-content\/uploads\/2022\/04\/IMG_20220407_115716-1068x801.jpg 1068w, https:\/\/gazetaregionalna.com\/wp-content\/uploads\/2022\/04\/IMG_20220407_115716-1920x1440.jpg 1920w, https:\/\/gazetaregionalna.com\/wp-content\/uploads\/2022\/04\/IMG_20220407_115716-560x420.jpg 560w, https:\/\/gazetaregionalna.com\/wp-content\/uploads\/2022\/04\/IMG_20220407_115716-80x60.jpg 80w, https:\/\/gazetaregionalna.com\/wp-content\/uploads\/2022\/04\/IMG_20220407_115716-265x198.jpg 265w, https:\/\/gazetaregionalna.com\/wp-content\/uploads\/2022\/04\/IMG_20220407_115716-scaled.jpg 1600w\" data-sizes=\"(max-width: 1024px) 100vw, 1024px\" src=\"data:image\/svg+xml;base64,PHN2ZyB3aWR0aD0iMSIgaGVpZ2h0PSIxIiB4bWxucz0iaHR0cDovL3d3dy53My5vcmcvMjAwMC9zdmciPjwvc3ZnPg==\" style=\"--smush-placeholder-width: 1024px; --smush-placeholder-aspect-ratio: 1024\/768;\" \/><\/a><\/figure><\/li><li class=\"blocks-gallery-item\"><figure><a href=\"https:\/\/gazetaregionalna.com\/wp-content\/uploads\/2022\/04\/IMG_20220407_115707-scaled.jpg\"><img decoding=\"async\" width=\"1024\" height=\"768\" data-src=\"https:\/\/gazetaregionalna.com\/wp-content\/uploads\/2022\/04\/IMG_20220407_115707-1024x768.jpg\" alt=\"\" data-id=\"76578\" data-full-url=\"https:\/\/gazetaregionalna.com\/wp-content\/uploads\/2022\/04\/IMG_20220407_115707-scaled.jpg\" data-link=\"https:\/\/gazetaregionalna.com\/?attachment_id=76578\" class=\"wp-image-76578 lazyload\" data-srcset=\"https:\/\/gazetaregionalna.com\/wp-content\/uploads\/2022\/04\/IMG_20220407_115707-1024x768.jpg 1024w, https:\/\/gazetaregionalna.com\/wp-content\/uploads\/2022\/04\/IMG_20220407_115707-300x225.jpg 300w, https:\/\/gazetaregionalna.com\/wp-content\/uploads\/2022\/04\/IMG_20220407_115707-768x576.jpg 768w, https:\/\/gazetaregionalna.com\/wp-content\/uploads\/2022\/04\/IMG_20220407_115707-1536x1152.jpg 1536w, https:\/\/gazetaregionalna.com\/wp-content\/uploads\/2022\/04\/IMG_20220407_115707-2048x1536.jpg 2048w, https:\/\/gazetaregionalna.com\/wp-content\/uploads\/2022\/04\/IMG_20220407_115707-696x522.jpg 696w, https:\/\/gazetaregionalna.com\/wp-content\/uploads\/2022\/04\/IMG_20220407_115707-1068x801.jpg 1068w, https:\/\/gazetaregionalna.com\/wp-content\/uploads\/2022\/04\/IMG_20220407_115707-1920x1440.jpg 1920w, https:\/\/gazetaregionalna.com\/wp-content\/uploads\/2022\/04\/IMG_20220407_115707-560x420.jpg 560w, https:\/\/gazetaregionalna.com\/wp-content\/uploads\/2022\/04\/IMG_20220407_115707-80x60.jpg 80w, https:\/\/gazetaregionalna.com\/wp-content\/uploads\/2022\/04\/IMG_20220407_115707-265x198.jpg 265w, https:\/\/gazetaregionalna.com\/wp-content\/uploads\/2022\/04\/IMG_20220407_115707-scaled.jpg 1600w\" data-sizes=\"(max-width: 1024px) 100vw, 1024px\" src=\"data:image\/svg+xml;base64,PHN2ZyB3aWR0aD0iMSIgaGVpZ2h0PSIxIiB4bWxucz0iaHR0cDovL3d3dy53My5vcmcvMjAwMC9zdmciPjwvc3ZnPg==\" style=\"--smush-placeholder-width: 1024px; --smush-placeholder-aspect-ratio: 1024\/768;\" \/><\/a><\/figure><\/li><li class=\"blocks-gallery-item\"><figure><a href=\"https:\/\/gazetaregionalna.com\/wp-content\/uploads\/2022\/04\/IMG_20220407_115648-scaled.jpg\"><img decoding=\"async\" width=\"1024\" height=\"768\" data-src=\"https:\/\/gazetaregionalna.com\/wp-content\/uploads\/2022\/04\/IMG_20220407_115648-1024x768.jpg\" alt=\"\" data-id=\"76576\" data-full-url=\"https:\/\/gazetaregionalna.com\/wp-content\/uploads\/2022\/04\/IMG_20220407_115648-scaled.jpg\" data-link=\"https:\/\/gazetaregionalna.com\/?attachment_id=76576\" class=\"wp-image-76576 lazyload\" data-srcset=\"https:\/\/gazetaregionalna.com\/wp-content\/uploads\/2022\/04\/IMG_20220407_115648-1024x768.jpg 1024w, https:\/\/gazetaregionalna.com\/wp-content\/uploads\/2022\/04\/IMG_20220407_115648-300x225.jpg 300w, https:\/\/gazetaregionalna.com\/wp-content\/uploads\/2022\/04\/IMG_20220407_115648-768x576.jpg 768w, https:\/\/gazetaregionalna.com\/wp-content\/uploads\/2022\/04\/IMG_20220407_115648-1536x1152.jpg 1536w, https:\/\/gazetaregionalna.com\/wp-content\/uploads\/2022\/04\/IMG_20220407_115648-2048x1536.jpg 2048w, https:\/\/gazetaregionalna.com\/wp-content\/uploads\/2022\/04\/IMG_20220407_115648-696x522.jpg 696w, https:\/\/gazetaregionalna.com\/wp-content\/uploads\/2022\/04\/IMG_20220407_115648-1068x801.jpg 1068w, https:\/\/gazetaregionalna.com\/wp-content\/uploads\/2022\/04\/IMG_20220407_115648-1920x1440.jpg 1920w, https:\/\/gazetaregionalna.com\/wp-content\/uploads\/2022\/04\/IMG_20220407_115648-560x420.jpg 560w, https:\/\/gazetaregionalna.com\/wp-content\/uploads\/2022\/04\/IMG_20220407_115648-80x60.jpg 80w, https:\/\/gazetaregionalna.com\/wp-content\/uploads\/2022\/04\/IMG_20220407_115648-265x198.jpg 265w, https:\/\/gazetaregionalna.com\/wp-content\/uploads\/2022\/04\/IMG_20220407_115648-scaled.jpg 1600w\" data-sizes=\"(max-width: 1024px) 100vw, 1024px\" src=\"data:image\/svg+xml;base64,PHN2ZyB3aWR0aD0iMSIgaGVpZ2h0PSIxIiB4bWxucz0iaHR0cDovL3d3dy53My5vcmcvMjAwMC9zdmciPjwvc3ZnPg==\" style=\"--smush-placeholder-width: 1024px; --smush-placeholder-aspect-ratio: 1024\/768;\" \/><\/a><\/figure><\/li><li class=\"blocks-gallery-item\"><figure><a href=\"https:\/\/gazetaregionalna.com\/wp-content\/uploads\/2022\/04\/IMG_20220407_115701-scaled.jpg\"><img decoding=\"async\" width=\"1024\" height=\"768\" data-src=\"https:\/\/gazetaregionalna.com\/wp-content\/uploads\/2022\/04\/IMG_20220407_115701-1024x768.jpg\" alt=\"\" data-id=\"76577\" data-full-url=\"https:\/\/gazetaregionalna.com\/wp-content\/uploads\/2022\/04\/IMG_20220407_115701-scaled.jpg\" data-link=\"https:\/\/gazetaregionalna.com\/?attachment_id=76577\" class=\"wp-image-76577 lazyload\" data-srcset=\"https:\/\/gazetaregionalna.com\/wp-content\/uploads\/2022\/04\/IMG_20220407_115701-1024x768.jpg 1024w, https:\/\/gazetaregionalna.com\/wp-content\/uploads\/2022\/04\/IMG_20220407_115701-300x225.jpg 300w, https:\/\/gazetaregionalna.com\/wp-content\/uploads\/2022\/04\/IMG_20220407_115701-768x576.jpg 768w, https:\/\/gazetaregionalna.com\/wp-content\/uploads\/2022\/04\/IMG_20220407_115701-1536x1152.jpg 1536w, https:\/\/gazetaregionalna.com\/wp-content\/uploads\/2022\/04\/IMG_20220407_115701-2048x1536.jpg 2048w, https:\/\/gazetaregionalna.com\/wp-content\/uploads\/2022\/04\/IMG_20220407_115701-696x522.jpg 696w, https:\/\/gazetaregionalna.com\/wp-content\/uploads\/2022\/04\/IMG_20220407_115701-1068x801.jpg 1068w, https:\/\/gazetaregionalna.com\/wp-content\/uploads\/2022\/04\/IMG_20220407_115701-1920x1440.jpg 1920w, https:\/\/gazetaregionalna.com\/wp-content\/uploads\/2022\/04\/IMG_20220407_115701-560x420.jpg 560w, https:\/\/gazetaregionalna.com\/wp-content\/uploads\/2022\/04\/IMG_20220407_115701-80x60.jpg 80w, https:\/\/gazetaregionalna.com\/wp-content\/uploads\/2022\/04\/IMG_20220407_115701-265x198.jpg 265w, https:\/\/gazetaregionalna.com\/wp-content\/uploads\/2022\/04\/IMG_20220407_115701-scaled.jpg 1600w\" data-sizes=\"(max-width: 1024px) 100vw, 1024px\" src=\"data:image\/svg+xml;base64,PHN2ZyB3aWR0aD0iMSIgaGVpZ2h0PSIxIiB4bWxucz0iaHR0cDovL3d3dy53My5vcmcvMjAwMC9zdmciPjwvc3ZnPg==\" style=\"--smush-placeholder-width: 1024px; --smush-placeholder-aspect-ratio: 1024\/768;\" \/><\/a><\/figure><\/li><li class=\"blocks-gallery-item\"><figure><a href=\"https:\/\/gazetaregionalna.com\/wp-content\/uploads\/2022\/04\/IMG_20220407_115249-scaled.jpg\"><img decoding=\"async\" width=\"1024\" height=\"768\" data-src=\"https:\/\/gazetaregionalna.com\/wp-content\/uploads\/2022\/04\/IMG_20220407_115249-1024x768.jpg\" alt=\"\" data-id=\"76574\" data-full-url=\"https:\/\/gazetaregionalna.com\/wp-content\/uploads\/2022\/04\/IMG_20220407_115249-scaled.jpg\" data-link=\"https:\/\/gazetaregionalna.com\/?attachment_id=76574\" class=\"wp-image-76574 lazyload\" data-srcset=\"https:\/\/gazetaregionalna.com\/wp-content\/uploads\/2022\/04\/IMG_20220407_115249-1024x768.jpg 1024w, https:\/\/gazetaregionalna.com\/wp-content\/uploads\/2022\/04\/IMG_20220407_115249-300x225.jpg 300w, https:\/\/gazetaregionalna.com\/wp-content\/uploads\/2022\/04\/IMG_20220407_115249-768x576.jpg 768w, https:\/\/gazetaregionalna.com\/wp-content\/uploads\/2022\/04\/IMG_20220407_115249-1536x1152.jpg 1536w, https:\/\/gazetaregionalna.com\/wp-content\/uploads\/2022\/04\/IMG_20220407_115249-2048x1536.jpg 2048w, https:\/\/gazetaregionalna.com\/wp-content\/uploads\/2022\/04\/IMG_20220407_115249-696x522.jpg 696w, https:\/\/gazetaregionalna.com\/wp-content\/uploads\/2022\/04\/IMG_20220407_115249-1068x801.jpg 1068w, https:\/\/gazetaregionalna.com\/wp-content\/uploads\/2022\/04\/IMG_20220407_115249-1920x1440.jpg 1920w, https:\/\/gazetaregionalna.com\/wp-content\/uploads\/2022\/04\/IMG_20220407_115249-560x420.jpg 560w, https:\/\/gazetaregionalna.com\/wp-content\/uploads\/2022\/04\/IMG_20220407_115249-80x60.jpg 80w, https:\/\/gazetaregionalna.com\/wp-content\/uploads\/2022\/04\/IMG_20220407_115249-265x198.jpg 265w, https:\/\/gazetaregionalna.com\/wp-content\/uploads\/2022\/04\/IMG_20220407_115249-scaled.jpg 1600w\" data-sizes=\"(max-width: 1024px) 100vw, 1024px\" src=\"data:image\/svg+xml;base64,PHN2ZyB3aWR0aD0iMSIgaGVpZ2h0PSIxIiB4bWxucz0iaHR0cDovL3d3dy53My5vcmcvMjAwMC9zdmciPjwvc3ZnPg==\" style=\"--smush-placeholder-width: 1024px; --smush-placeholder-aspect-ratio: 1024\/768;\" \/><\/a><\/figure><\/li><li class=\"blocks-gallery-item\"><figure><a href=\"https:\/\/gazetaregionalna.com\/wp-content\/uploads\/2022\/04\/IMG_20220407_115239-scaled.jpg\"><img decoding=\"async\" width=\"1024\" height=\"768\" data-src=\"https:\/\/gazetaregionalna.com\/wp-content\/uploads\/2022\/04\/IMG_20220407_115239-1024x768.jpg\" alt=\"\" data-id=\"76572\" data-full-url=\"https:\/\/gazetaregionalna.com\/wp-content\/uploads\/2022\/04\/IMG_20220407_115239-scaled.jpg\" data-link=\"https:\/\/gazetaregionalna.com\/?attachment_id=76572\" class=\"wp-image-76572 lazyload\" data-srcset=\"https:\/\/gazetaregionalna.com\/wp-content\/uploads\/2022\/04\/IMG_20220407_115239-1024x768.jpg 1024w, https:\/\/gazetaregionalna.com\/wp-content\/uploads\/2022\/04\/IMG_20220407_115239-300x225.jpg 300w, https:\/\/gazetaregionalna.com\/wp-content\/uploads\/2022\/04\/IMG_20220407_115239-768x576.jpg 768w, https:\/\/gazetaregionalna.com\/wp-content\/uploads\/2022\/04\/IMG_20220407_115239-1536x1152.jpg 1536w, https:\/\/gazetaregionalna.com\/wp-content\/uploads\/2022\/04\/IMG_20220407_115239-2048x1536.jpg 2048w, https:\/\/gazetaregionalna.com\/wp-content\/uploads\/2022\/04\/IMG_20220407_115239-696x522.jpg 696w, https:\/\/gazetaregionalna.com\/wp-content\/uploads\/2022\/04\/IMG_20220407_115239-1068x801.jpg 1068w, https:\/\/gazetaregionalna.com\/wp-content\/uploads\/2022\/04\/IMG_20220407_115239-1920x1440.jpg 1920w, https:\/\/gazetaregionalna.com\/wp-content\/uploads\/2022\/04\/IMG_20220407_115239-560x420.jpg 560w, https:\/\/gazetaregionalna.com\/wp-content\/uploads\/2022\/04\/IMG_20220407_115239-80x60.jpg 80w, https:\/\/gazetaregionalna.com\/wp-content\/uploads\/2022\/04\/IMG_20220407_115239-265x198.jpg 265w, https:\/\/gazetaregionalna.com\/wp-content\/uploads\/2022\/04\/IMG_20220407_115239-scaled.jpg 1600w\" data-sizes=\"(max-width: 1024px) 100vw, 1024px\" src=\"data:image\/svg+xml;base64,PHN2ZyB3aWR0aD0iMSIgaGVpZ2h0PSIxIiB4bWxucz0iaHR0cDovL3d3dy53My5vcmcvMjAwMC9zdmciPjwvc3ZnPg==\" style=\"--smush-placeholder-width: 1024px; --smush-placeholder-aspect-ratio: 1024\/768;\" \/><\/a><\/figure><\/li><li class=\"blocks-gallery-item\"><figure><a href=\"https:\/\/gazetaregionalna.com\/wp-content\/uploads\/2022\/04\/IMG_20220407_115045-scaled.jpg\"><img decoding=\"async\" width=\"1024\" height=\"768\" data-src=\"https:\/\/gazetaregionalna.com\/wp-content\/uploads\/2022\/04\/IMG_20220407_115045-1024x768.jpg\" alt=\"\" data-id=\"76570\" data-full-url=\"https:\/\/gazetaregionalna.com\/wp-content\/uploads\/2022\/04\/IMG_20220407_115045-scaled.jpg\" data-link=\"https:\/\/gazetaregionalna.com\/?attachment_id=76570\" class=\"wp-image-76570 lazyload\" data-srcset=\"https:\/\/gazetaregionalna.com\/wp-content\/uploads\/2022\/04\/IMG_20220407_115045-1024x768.jpg 1024w, https:\/\/gazetaregionalna.com\/wp-content\/uploads\/2022\/04\/IMG_20220407_115045-300x225.jpg 300w, https:\/\/gazetaregionalna.com\/wp-content\/uploads\/2022\/04\/IMG_20220407_115045-768x576.jpg 768w, https:\/\/gazetaregionalna.com\/wp-content\/uploads\/2022\/04\/IMG_20220407_115045-1536x1152.jpg 1536w, https:\/\/gazetaregionalna.com\/wp-content\/uploads\/2022\/04\/IMG_20220407_115045-2048x1536.jpg 2048w, https:\/\/gazetaregionalna.com\/wp-content\/uploads\/2022\/04\/IMG_20220407_115045-696x522.jpg 696w, https:\/\/gazetaregionalna.com\/wp-content\/uploads\/2022\/04\/IMG_20220407_115045-1068x801.jpg 1068w, https:\/\/gazetaregionalna.com\/wp-content\/uploads\/2022\/04\/IMG_20220407_115045-1920x1440.jpg 1920w, https:\/\/gazetaregionalna.com\/wp-content\/uploads\/2022\/04\/IMG_20220407_115045-560x420.jpg 560w, https:\/\/gazetaregionalna.com\/wp-content\/uploads\/2022\/04\/IMG_20220407_115045-80x60.jpg 80w, https:\/\/gazetaregionalna.com\/wp-content\/uploads\/2022\/04\/IMG_20220407_115045-265x198.jpg 265w, https:\/\/gazetaregionalna.com\/wp-content\/uploads\/2022\/04\/IMG_20220407_115045-scaled.jpg 1600w\" data-sizes=\"(max-width: 1024px) 100vw, 1024px\" src=\"data:image\/svg+xml;base64,PHN2ZyB3aWR0aD0iMSIgaGVpZ2h0PSIxIiB4bWxucz0iaHR0cDovL3d3dy53My5vcmcvMjAwMC9zdmciPjwvc3ZnPg==\" style=\"--smush-placeholder-width: 1024px; --smush-placeholder-aspect-ratio: 1024\/768;\" \/><\/a><\/figure><\/li><li class=\"blocks-gallery-item\"><figure><a href=\"https:\/\/gazetaregionalna.com\/wp-content\/uploads\/2022\/04\/IMG_20220407_115026-scaled.jpg\"><img decoding=\"async\" width=\"1024\" height=\"768\" data-src=\"https:\/\/gazetaregionalna.com\/wp-content\/uploads\/2022\/04\/IMG_20220407_115026-1024x768.jpg\" alt=\"\" data-id=\"76567\" data-full-url=\"https:\/\/gazetaregionalna.com\/wp-content\/uploads\/2022\/04\/IMG_20220407_115026-scaled.jpg\" data-link=\"https:\/\/gazetaregionalna.com\/?attachment_id=76567\" class=\"wp-image-76567 lazyload\" data-srcset=\"https:\/\/gazetaregionalna.com\/wp-content\/uploads\/2022\/04\/IMG_20220407_115026-1024x768.jpg 1024w, https:\/\/gazetaregionalna.com\/wp-content\/uploads\/2022\/04\/IMG_20220407_115026-300x225.jpg 300w, https:\/\/gazetaregionalna.com\/wp-content\/uploads\/2022\/04\/IMG_20220407_115026-768x576.jpg 768w, https:\/\/gazetaregionalna.com\/wp-content\/uploads\/2022\/04\/IMG_20220407_115026-1536x1152.jpg 1536w, https:\/\/gazetaregionalna.com\/wp-content\/uploads\/2022\/04\/IMG_20220407_115026-2048x1536.jpg 2048w, https:\/\/gazetaregionalna.com\/wp-content\/uploads\/2022\/04\/IMG_20220407_115026-696x522.jpg 696w, https:\/\/gazetaregionalna.com\/wp-content\/uploads\/2022\/04\/IMG_20220407_115026-1068x801.jpg 1068w, https:\/\/gazetaregionalna.com\/wp-content\/uploads\/2022\/04\/IMG_20220407_115026-1920x1440.jpg 1920w, https:\/\/gazetaregionalna.com\/wp-content\/uploads\/2022\/04\/IMG_20220407_115026-560x420.jpg 560w, https:\/\/gazetaregionalna.com\/wp-content\/uploads\/2022\/04\/IMG_20220407_115026-80x60.jpg 80w, https:\/\/gazetaregionalna.com\/wp-content\/uploads\/2022\/04\/IMG_20220407_115026-265x198.jpg 265w, https:\/\/gazetaregionalna.com\/wp-content\/uploads\/2022\/04\/IMG_20220407_115026-scaled.jpg 1600w\" data-sizes=\"(max-width: 1024px) 100vw, 1024px\" src=\"data:image\/svg+xml;base64,PHN2ZyB3aWR0aD0iMSIgaGVpZ2h0PSIxIiB4bWxucz0iaHR0cDovL3d3dy53My5vcmcvMjAwMC9zdmciPjwvc3ZnPg==\" style=\"--smush-placeholder-width: 1024px; --smush-placeholder-aspect-ratio: 1024\/768;\" \/><\/a><\/figure><\/li><li class=\"blocks-gallery-item\"><figure><a href=\"https:\/\/gazetaregionalna.com\/wp-content\/uploads\/2022\/04\/IMG_20220407_115234-scaled.jpg\"><img decoding=\"async\" width=\"1024\" height=\"768\" data-src=\"https:\/\/gazetaregionalna.com\/wp-content\/uploads\/2022\/04\/IMG_20220407_115234-1024x768.jpg\" alt=\"\" data-id=\"76571\" data-full-url=\"https:\/\/gazetaregionalna.com\/wp-content\/uploads\/2022\/04\/IMG_20220407_115234-scaled.jpg\" data-link=\"https:\/\/gazetaregionalna.com\/?attachment_id=76571\" class=\"wp-image-76571 lazyload\" data-srcset=\"https:\/\/gazetaregionalna.com\/wp-content\/uploads\/2022\/04\/IMG_20220407_115234-1024x768.jpg 1024w, https:\/\/gazetaregionalna.com\/wp-content\/uploads\/2022\/04\/IMG_20220407_115234-300x225.jpg 300w, https:\/\/gazetaregionalna.com\/wp-content\/uploads\/2022\/04\/IMG_20220407_115234-768x576.jpg 768w, https:\/\/gazetaregionalna.com\/wp-content\/uploads\/2022\/04\/IMG_20220407_115234-1536x1152.jpg 1536w, https:\/\/gazetaregionalna.com\/wp-content\/uploads\/2022\/04\/IMG_20220407_115234-2048x1536.jpg 2048w, https:\/\/gazetaregionalna.com\/wp-content\/uploads\/2022\/04\/IMG_20220407_115234-696x522.jpg 696w, https:\/\/gazetaregionalna.com\/wp-content\/uploads\/2022\/04\/IMG_20220407_115234-1068x801.jpg 1068w, https:\/\/gazetaregionalna.com\/wp-content\/uploads\/2022\/04\/IMG_20220407_115234-1920x1440.jpg 1920w, https:\/\/gazetaregionalna.com\/wp-content\/uploads\/2022\/04\/IMG_20220407_115234-560x420.jpg 560w, https:\/\/gazetaregionalna.com\/wp-content\/uploads\/2022\/04\/IMG_20220407_115234-80x60.jpg 80w, https:\/\/gazetaregionalna.com\/wp-content\/uploads\/2022\/04\/IMG_20220407_115234-265x198.jpg 265w, https:\/\/gazetaregionalna.com\/wp-content\/uploads\/2022\/04\/IMG_20220407_115234-scaled.jpg 1600w\" data-sizes=\"(max-width: 1024px) 100vw, 1024px\" src=\"data:image\/svg+xml;base64,PHN2ZyB3aWR0aD0iMSIgaGVpZ2h0PSIxIiB4bWxucz0iaHR0cDovL3d3dy53My5vcmcvMjAwMC9zdmciPjwvc3ZnPg==\" style=\"--smush-placeholder-width: 1024px; --smush-placeholder-aspect-ratio: 1024\/768;\" \/><\/a><\/figure><\/li><li class=\"blocks-gallery-item\"><figure><a href=\"https:\/\/gazetaregionalna.com\/wp-content\/uploads\/2022\/04\/IMG_20220407_115807-scaled.jpg\"><img decoding=\"async\" width=\"1024\" height=\"768\" data-src=\"https:\/\/gazetaregionalna.com\/wp-content\/uploads\/2022\/04\/IMG_20220407_115807-1024x768.jpg\" alt=\"\" data-id=\"76583\" data-full-url=\"https:\/\/gazetaregionalna.com\/wp-content\/uploads\/2022\/04\/IMG_20220407_115807-scaled.jpg\" data-link=\"https:\/\/gazetaregionalna.com\/?attachment_id=76583\" class=\"wp-image-76583 lazyload\" data-srcset=\"https:\/\/gazetaregionalna.com\/wp-content\/uploads\/2022\/04\/IMG_20220407_115807-1024x768.jpg 1024w, https:\/\/gazetaregionalna.com\/wp-content\/uploads\/2022\/04\/IMG_20220407_115807-300x225.jpg 300w, https:\/\/gazetaregionalna.com\/wp-content\/uploads\/2022\/04\/IMG_20220407_115807-768x576.jpg 768w, https:\/\/gazetaregionalna.com\/wp-content\/uploads\/2022\/04\/IMG_20220407_115807-1536x1152.jpg 1536w, https:\/\/gazetaregionalna.com\/wp-content\/uploads\/2022\/04\/IMG_20220407_115807-2048x1536.jpg 2048w, https:\/\/gazetaregionalna.com\/wp-content\/uploads\/2022\/04\/IMG_20220407_115807-696x522.jpg 696w, https:\/\/gazetaregionalna.com\/wp-content\/uploads\/2022\/04\/IMG_20220407_115807-1068x801.jpg 1068w, https:\/\/gazetaregionalna.com\/wp-content\/uploads\/2022\/04\/IMG_20220407_115807-1920x1440.jpg 1920w, https:\/\/gazetaregionalna.com\/wp-content\/uploads\/2022\/04\/IMG_20220407_115807-560x420.jpg 560w, https:\/\/gazetaregionalna.com\/wp-content\/uploads\/2022\/04\/IMG_20220407_115807-80x60.jpg 80w, https:\/\/gazetaregionalna.com\/wp-content\/uploads\/2022\/04\/IMG_20220407_115807-265x198.jpg 265w, https:\/\/gazetaregionalna.com\/wp-content\/uploads\/2022\/04\/IMG_20220407_115807-scaled.jpg 1600w\" data-sizes=\"(max-width: 1024px) 100vw, 1024px\" src=\"data:image\/svg+xml;base64,PHN2ZyB3aWR0aD0iMSIgaGVpZ2h0PSIxIiB4bWxucz0iaHR0cDovL3d3dy53My5vcmcvMjAwMC9zdmciPjwvc3ZnPg==\" style=\"--smush-placeholder-width: 1024px; --smush-placeholder-aspect-ratio: 1024\/768;\" \/><\/a><\/figure><\/li><li class=\"blocks-gallery-item\"><figure><a href=\"https:\/\/gazetaregionalna.com\/wp-content\/uploads\/2022\/04\/IMG_20220407_115751-scaled.jpg\"><img decoding=\"async\" width=\"1024\" height=\"768\" data-src=\"https:\/\/gazetaregionalna.com\/wp-content\/uploads\/2022\/04\/IMG_20220407_115751-1024x768.jpg\" alt=\"\" data-id=\"76582\" data-full-url=\"https:\/\/gazetaregionalna.com\/wp-content\/uploads\/2022\/04\/IMG_20220407_115751-scaled.jpg\" data-link=\"https:\/\/gazetaregionalna.com\/?attachment_id=76582\" class=\"wp-image-76582 lazyload\" data-srcset=\"https:\/\/gazetaregionalna.com\/wp-content\/uploads\/2022\/04\/IMG_20220407_115751-1024x768.jpg 1024w, https:\/\/gazetaregionalna.com\/wp-content\/uploads\/2022\/04\/IMG_20220407_115751-300x225.jpg 300w, https:\/\/gazetaregionalna.com\/wp-content\/uploads\/2022\/04\/IMG_20220407_115751-768x576.jpg 768w, https:\/\/gazetaregionalna.com\/wp-content\/uploads\/2022\/04\/IMG_20220407_115751-1536x1152.jpg 1536w, https:\/\/gazetaregionalna.com\/wp-content\/uploads\/2022\/04\/IMG_20220407_115751-2048x1536.jpg 2048w, https:\/\/gazetaregionalna.com\/wp-content\/uploads\/2022\/04\/IMG_20220407_115751-696x522.jpg 696w, https:\/\/gazetaregionalna.com\/wp-content\/uploads\/2022\/04\/IMG_20220407_115751-1068x801.jpg 1068w, https:\/\/gazetaregionalna.com\/wp-content\/uploads\/2022\/04\/IMG_20220407_115751-1920x1440.jpg 1920w, https:\/\/gazetaregionalna.com\/wp-content\/uploads\/2022\/04\/IMG_20220407_115751-560x420.jpg 560w, https:\/\/gazetaregionalna.com\/wp-content\/uploads\/2022\/04\/IMG_20220407_115751-80x60.jpg 80w, https:\/\/gazetaregionalna.com\/wp-content\/uploads\/2022\/04\/IMG_20220407_115751-265x198.jpg 265w, https:\/\/gazetaregionalna.com\/wp-content\/uploads\/2022\/04\/IMG_20220407_115751-scaled.jpg 1600w\" data-sizes=\"(max-width: 1024px) 100vw, 1024px\" src=\"data:image\/svg+xml;base64,PHN2ZyB3aWR0aD0iMSIgaGVpZ2h0PSIxIiB4bWxucz0iaHR0cDovL3d3dy53My5vcmcvMjAwMC9zdmciPjwvc3ZnPg==\" style=\"--smush-placeholder-width: 1024px; --smush-placeholder-aspect-ratio: 1024\/768;\" \/><\/a><\/figure><\/li><li class=\"blocks-gallery-item\"><figure><a href=\"https:\/\/gazetaregionalna.com\/wp-content\/uploads\/2022\/04\/IMG_20220407_115809-scaled.jpg\"><img decoding=\"async\" width=\"1024\" height=\"768\" data-src=\"https:\/\/gazetaregionalna.com\/wp-content\/uploads\/2022\/04\/IMG_20220407_115809-1024x768.jpg\" alt=\"\" data-id=\"76584\" data-full-url=\"https:\/\/gazetaregionalna.com\/wp-content\/uploads\/2022\/04\/IMG_20220407_115809-scaled.jpg\" data-link=\"https:\/\/gazetaregionalna.com\/?attachment_id=76584\" class=\"wp-image-76584 lazyload\" data-srcset=\"https:\/\/gazetaregionalna.com\/wp-content\/uploads\/2022\/04\/IMG_20220407_115809-1024x768.jpg 1024w, https:\/\/gazetaregionalna.com\/wp-content\/uploads\/2022\/04\/IMG_20220407_115809-300x225.jpg 300w, https:\/\/gazetaregionalna.com\/wp-content\/uploads\/2022\/04\/IMG_20220407_115809-768x576.jpg 768w, https:\/\/gazetaregionalna.com\/wp-content\/uploads\/2022\/04\/IMG_20220407_115809-1536x1152.jpg 1536w, https:\/\/gazetaregionalna.com\/wp-content\/uploads\/2022\/04\/IMG_20220407_115809-2048x1536.jpg 2048w, https:\/\/gazetaregionalna.com\/wp-content\/uploads\/2022\/04\/IMG_20220407_115809-696x522.jpg 696w, https:\/\/gazetaregionalna.com\/wp-content\/uploads\/2022\/04\/IMG_20220407_115809-1068x801.jpg 1068w, https:\/\/gazetaregionalna.com\/wp-content\/uploads\/2022\/04\/IMG_20220407_115809-1920x1440.jpg 1920w, https:\/\/gazetaregionalna.com\/wp-content\/uploads\/2022\/04\/IMG_20220407_115809-560x420.jpg 560w, https:\/\/gazetaregionalna.com\/wp-content\/uploads\/2022\/04\/IMG_20220407_115809-80x60.jpg 80w, https:\/\/gazetaregionalna.com\/wp-content\/uploads\/2022\/04\/IMG_20220407_115809-265x198.jpg 265w, https:\/\/gazetaregionalna.com\/wp-content\/uploads\/2022\/04\/IMG_20220407_115809-scaled.jpg 1600w\" data-sizes=\"(max-width: 1024px) 100vw, 1024px\" src=\"data:image\/svg+xml;base64,PHN2ZyB3aWR0aD0iMSIgaGVpZ2h0PSIxIiB4bWxucz0iaHR0cDovL3d3dy53My5vcmcvMjAwMC9zdmciPjwvc3ZnPg==\" style=\"--smush-placeholder-width: 1024px; --smush-placeholder-aspect-ratio: 1024\/768;\" \/><\/a><\/figure><\/li><li class=\"blocks-gallery-item\"><figure><a href=\"https:\/\/gazetaregionalna.com\/wp-content\/uploads\/2022\/04\/IMG_20220407_115814-scaled.jpg\"><img decoding=\"async\" width=\"1024\" height=\"768\" data-src=\"https:\/\/gazetaregionalna.com\/wp-content\/uploads\/2022\/04\/IMG_20220407_115814-1024x768.jpg\" alt=\"\" data-id=\"76586\" data-full-url=\"https:\/\/gazetaregionalna.com\/wp-content\/uploads\/2022\/04\/IMG_20220407_115814-scaled.jpg\" data-link=\"https:\/\/gazetaregionalna.com\/?attachment_id=76586\" class=\"wp-image-76586 lazyload\" data-srcset=\"https:\/\/gazetaregionalna.com\/wp-content\/uploads\/2022\/04\/IMG_20220407_115814-1024x768.jpg 1024w, https:\/\/gazetaregionalna.com\/wp-content\/uploads\/2022\/04\/IMG_20220407_115814-300x225.jpg 300w, https:\/\/gazetaregionalna.com\/wp-content\/uploads\/2022\/04\/IMG_20220407_115814-768x576.jpg 768w, https:\/\/gazetaregionalna.com\/wp-content\/uploads\/2022\/04\/IMG_20220407_115814-1536x1152.jpg 1536w, https:\/\/gazetaregionalna.com\/wp-content\/uploads\/2022\/04\/IMG_20220407_115814-2048x1536.jpg 2048w, https:\/\/gazetaregionalna.com\/wp-content\/uploads\/2022\/04\/IMG_20220407_115814-696x522.jpg 696w, https:\/\/gazetaregionalna.com\/wp-content\/uploads\/2022\/04\/IMG_20220407_115814-1068x801.jpg 1068w, https:\/\/gazetaregionalna.com\/wp-content\/uploads\/2022\/04\/IMG_20220407_115814-1920x1440.jpg 1920w, https:\/\/gazetaregionalna.com\/wp-content\/uploads\/2022\/04\/IMG_20220407_115814-560x420.jpg 560w, https:\/\/gazetaregionalna.com\/wp-content\/uploads\/2022\/04\/IMG_20220407_115814-80x60.jpg 80w, https:\/\/gazetaregionalna.com\/wp-content\/uploads\/2022\/04\/IMG_20220407_115814-265x198.jpg 265w, https:\/\/gazetaregionalna.com\/wp-content\/uploads\/2022\/04\/IMG_20220407_115814-scaled.jpg 1600w\" data-sizes=\"(max-width: 1024px) 100vw, 1024px\" src=\"data:image\/svg+xml;base64,PHN2ZyB3aWR0aD0iMSIgaGVpZ2h0PSIxIiB4bWxucz0iaHR0cDovL3d3dy53My5vcmcvMjAwMC9zdmciPjwvc3ZnPg==\" style=\"--smush-placeholder-width: 1024px; --smush-placeholder-aspect-ratio: 1024\/768;\" \/><\/a><\/figure><\/li><\/ul><figcaption class=\"blocks-gallery-caption\">Wielkanocna akcja na pl. Biega\u0144skiego (fot. ZS)<\/figcaption><\/figure>\n","protected":false},"excerpt":{"rendered":"<p>To ju\u017c si\u00f3dma wielkanocna akcja, kt\u00f3r\u0105 zorganizowa\u0142a siostra Milena. Tym razem wzi\u0119\u0142o w niej udzia\u0142 blisko 60 plac\u00f3wek. Siostra Milena ze Zgromadzenia Si\u00f3str \u015bw.<\/p>\n","protected":false},"author":18,"featured_media":76573,"comment_status":"closed","ping_status":"open","sticky":false,"template":"","format":"standard","meta":{"_monsterinsights_skip_tracking":false,"_monsterinsights_sitenote_active":false,"_monsterinsights_sitenote_note":"","_monsterinsights_sitenote_category":0,"_uf_show_specific_survey":0,"_uf_disable_surveys":false,"footnotes":""},"categories":[41,3,94,4027,2],"tags":[],"class_list":["post-76564","post","type-post","status-publish","format-standard","has-post-thumbnail","hentry","category-edukacja","category-czestochowa-informacje","category-polecane","category-pomoc-dla-ukrainy","category-wiadomosci"],"_links":{"self":[{"href":"https:\/\/gazetaregionalna.com\/index.php?rest_route=\/wp\/v2\/posts\/76564","targetHints":{"allow":["GET"]}}],"collection":[{"href":"https:\/\/gazetaregionalna.com\/index.php?rest_route=\/wp\/v2\/posts"}],"about":[{"href":"https:\/\/gazetaregionalna.com\/index.php?rest_route=\/wp\/v2\/types\/post"}],"author":[{"embeddable":true,"href":"https:\/\/gazetaregionalna.com\/index.php?rest_route=\/wp\/v2\/users\/18"}],"replies":[{"embeddable":true,"href":"https:\/\/gazetaregionalna.com\/index.php?rest_route=%2Fwp%2Fv2%2Fcomments&post=76564"}],"version-history":[{"count":3,"href":"https:\/\/gazetaregionalna.com\/index.php?rest_route=\/wp\/v2\/posts\/76564\/revisions"}],"predecessor-version":[{"id":76587,"href":"https:\/\/gazetaregionalna.com\/index.php?rest_route=\/wp\/v2\/posts\/76564\/revisions\/76587"}],"wp:featuredmedia":[{"embeddable":true,"href":"https:\/\/gazetaregionalna.com\/index.php?rest_route=\/wp\/v2\/media\/76573"}],"wp:attachment":[{"href":"https:\/\/gazetaregionalna.com\/index.php?rest_route=%2Fwp%2Fv2%2Fmedia&parent=76564"}],"wp:term":[{"taxonomy":"category","embeddable":true,"href":"https:\/\/gazetaregionalna.com\/index.php?rest_route=%2Fwp%2Fv2%2Fcategories&post=76564"},{"taxonomy":"post_tag","embeddable":true,"href":"https:\/\/gazetaregionalna.com\/index.php?rest_route=%2Fwp%2Fv2%2Ftags&post=76564"}],"curies":[{"name":"wp","href":"https:\/\/api.w.org\/{rel}","templated":true}]}}