{"id":76318,"date":"2022-04-15T09:50:10","date_gmt":"2022-04-15T09:50:10","guid":{"rendered":"https:\/\/gazetaregionalna.com\/?p=76318"},"modified":"2022-04-15T09:50:11","modified_gmt":"2022-04-15T09:50:11","slug":"bezplatny-kurs-jezyka-polskiego-dla-osob-z-ukrainy","status":"publish","type":"post","link":"https:\/\/gazetaregionalna.com\/?p=76318","title":{"rendered":"Trwaj\u0105 zapisy na bezp\u0142atny kurs j\u0119zyka polskiego dla os\u00f3b z Ukrainy"},"content":{"rendered":"\n<h2 class=\"wp-block-heading\">Urz\u0105d Miasta Cz\u0119stochowy prowadzi  zapisy na kurs j\u0119zyka polskiego dla uchod\u017ac\u00f3w. Kurs jest bezp\u0142atny.<\/h2>\n\n\n\n<p>Zapisy potrwaj\u0105 do pi\u0105tku 22 kwietnia, zatem zosta\u0142o ju\u017c niewiele czasu. Drugi kurs prowadzony jest w Bibliotece Publicznej im. W\u0142. Biega\u0144skiego.<\/p>\n\n\n\n<p>Znajomo\u015b\u0107 j\u0119zyka polskiego z pewno\u015bci\u0105 u\u0142atwi osobom z Ukrainy znalezienie pracy. Swobodna komunikacja pomo\u017ce nawi\u0105za\u0107 nowe relacje i pozna\u0107 lokalne \u017cycie.<\/p>\n\n\n\n<p>Zaj\u0119cia b\u0119d\u0119 odbywa\u0142y si\u0119 stacjonarnie przy ul. \u015al\u0105skiej 3\/5. Informacje o terminach i godzinach lekcji, zostan\u0105 przekazane uczestnikom w momencie rejestracji.<\/p>\n\n\n\n<p>Warunkiem, kt\u00f3ry trzeba spe\u0142ni\u0107 aby skorzysta\u0107 z bezp\u0142atnych zaj\u0119\u0107 j\u0119zyka polskiego, jest posiadanie numeru PESEL.<\/p>\n\n\n\n<p>Wszyscy zainteresowani kursem powinni osobi\u015bcie zapisa\u0107 si\u0119 w Punkcie Informacyjno- Pomocowym (sala nr 1).<\/p>\n\n\n\n<p>Warto przypomnie\u0107, \u017ce punkcie mo\u017cna uzyska\u0107 wszelkie informacje potrzebne osobom, kt\u00f3re przyby\u0142y z Ukrainy. Koordynatorzy i wolontariusze s\u0142u\u017c\u0105 wskaz\u00f3wkami i wsparciem. Mo\u017cna m.in. dowiedzie\u0107 si\u0119, gdzie wydawane s\u0105 posi\u0142ki, jak znale\u017a\u0107 mieszkanie, a tak\u017ce w jakich miejscach prowadzone s\u0105 zaj\u0119cia dla dzieci.<\/p>\n\n\n\n<p> <\/p>\n","protected":false},"excerpt":{"rendered":"<p>Urz\u0105d Miasta Cz\u0119stochowy prowadzi zapisy na kurs j\u0119zyka polskiego dla uchod\u017ac\u00f3w. Kurs jest bezp\u0142atny. Zapisy potrwaj\u0105 do pi\u0105tku 22 kwietnia, zatem zosta\u0142o ju\u017c niewiele<\/p>\n","protected":false},"author":24,"featured_media":76327,"comment_status":"closed","ping_status":"open","sticky":false,"template":"","format":"standard","meta":{"_monsterinsights_skip_tracking":false,"_monsterinsights_sitenote_active":false,"_monsterinsights_sitenote_note":"","_monsterinsights_sitenote_category":0,"_uf_show_specific_survey":0,"_uf_disable_surveys":false,"footnotes":""},"categories":[4027,3,41],"tags":[4503,4502,467,4372,1640],"class_list":["post-76318","post","type-post","status-publish","format-standard","has-post-thumbnail","hentry","category-pomoc-dla-ukrainy","category-czestochowa-informacje","category-edukacja","tag-bezplatny-kurs","tag-kurs-jezyka-polskiego","tag-pomoc","tag-pomoc-dla-ukrainy","tag-urzad-miasta-czestochowy"],"_links":{"self":[{"href":"https:\/\/gazetaregionalna.com\/index.php?rest_route=\/wp\/v2\/posts\/76318","targetHints":{"allow":["GET"]}}],"collection":[{"href":"https:\/\/gazetaregionalna.com\/index.php?rest_route=\/wp\/v2\/posts"}],"about":[{"href":"https:\/\/gazetaregionalna.com\/index.php?rest_route=\/wp\/v2\/types\/post"}],"author":[{"embeddable":true,"href":"https:\/\/gazetaregionalna.com\/index.php?rest_route=\/wp\/v2\/users\/24"}],"replies":[{"embeddable":true,"href":"https:\/\/gazetaregionalna.com\/index.php?rest_route=%2Fwp%2Fv2%2Fcomments&post=76318"}],"version-history":[{"count":3,"href":"https:\/\/gazetaregionalna.com\/index.php?rest_route=\/wp\/v2\/posts\/76318\/revisions"}],"predecessor-version":[{"id":76328,"href":"https:\/\/gazetaregionalna.com\/index.php?rest_route=\/wp\/v2\/posts\/76318\/revisions\/76328"}],"wp:featuredmedia":[{"embeddable":true,"href":"https:\/\/gazetaregionalna.com\/index.php?rest_route=\/wp\/v2\/media\/76327"}],"wp:attachment":[{"href":"https:\/\/gazetaregionalna.com\/index.php?rest_route=%2Fwp%2Fv2%2Fmedia&parent=76318"}],"wp:term":[{"taxonomy":"category","embeddable":true,"href":"https:\/\/gazetaregionalna.com\/index.php?rest_route=%2Fwp%2Fv2%2Fcategories&post=76318"},{"taxonomy":"post_tag","embeddable":true,"href":"https:\/\/gazetaregionalna.com\/index.php?rest_route=%2Fwp%2Fv2%2Ftags&post=76318"}],"curies":[{"name":"wp","href":"https:\/\/api.w.org\/{rel}","templated":true}]}}