{"id":75855,"date":"2022-04-12T07:34:01","date_gmt":"2022-04-12T07:34:01","guid":{"rendered":"https:\/\/gazetaregionalna.com\/?p=75855"},"modified":"2022-04-12T07:34:02","modified_gmt":"2022-04-12T07:34:02","slug":"nagroda-za-wydarzenie-muzealne-2021","status":"publish","type":"post","link":"https:\/\/gazetaregionalna.com\/?p=75855","title":{"rendered":"Do 11 maja mo\u017cna sk\u0142ada\u0107 wnioski do nagrody za wydarzenie muzealne 2021 roku"},"content":{"rendered":"\n<p><strong>Ustanowiona w 2006 roku Nagroda Marsza\u0142ka Wojew\u00f3dztwa \u015al\u0105skiego za Wydarzenie Muzealne Roku, przyznawana jest za osi\u0105gni\u0119cia w zakresie dzia\u0142alno\u015bci muzealnej, w roku poprzedzaj\u0105cym nagrod\u0119 dla podkre\u015blenia wagi ochrony i upowszechniania dziedzictwa kulturowego i naturalnego.<\/strong><\/p>\n\n\n\n<p>Nagrody przyznawane s\u0105 zwykle w czterech kategoriach, mianowicie: wystawy, publikacje ksi\u0105\u017ckowe, dokonania z zakresu inicjatyw edukacyjnych oraz popularyzacji dziedzictwa kulturowego (w tym wydawnictwa multimedialne) i dokonania z zakresu konserwacji.<\/p>\n\n\n\n<p>W 2022 r. \u0142\u0105czna pula nagr\u00f3d we wszystkich kategoriach wynosi 40 000 z\u0142. Wnioski o przyznanie nagrody mog\u0105 sk\u0142ada\u0107 muzea, kt\u00f3re s\u0105 organizatorami lub wsp\u00f3\u0142organizatorami przedsi\u0119wzi\u0119cia zg\u0142aszanego do nagrody. Instytucja mo\u017ce zg\u0142osi\u0107 maksymalnie dwa wnioski w ka\u017cdej z kategorii.<\/p>\n\n\n\n<p>Nagrod\u0105 honoruje si\u0119 instytucje muzealne dzia\u0142aj\u0105ce na terenie wojew\u00f3dztwa \u015bl\u0105skiego, kt\u00f3rych statut lub regulamin zosta\u0142 uzgodniony z Ministrem Kultury i Dziedzictwa Narodowego. Obs\u0142ug\u0119 konkursu zapewnia Muzeum \u015al\u0105skie w Katowicach. Wype\u0142nione wnioski zg\u0142oszeniowe wraz z dokumentacj\u0105 nale\u017cy przes\u0142a\u0107 poczt\u0105 lub dostarczy\u0107 w terminie do 11 maja 2022 r. na adres Muzeum \u015al\u0105skiego w Katowicach (decyduje data stempla pocztowego).<\/p>\n\n\n\n<p>Do wniosku nale\u017cy do\u0142\u0105czy\u0107 kr\u00f3tk\u0105, maksymalnie 3-minutow\u0105 prezentacj\u0119 multimedialn\u0105 (do 25 slajd\u00f3w).<\/p>\n\n\n\n<p>Zarz\u0105d Wojew\u00f3dztwa \u015al\u0105skiego rozda tak\u017ce stypendia w dziedzinie kultury w 2022 roku. Aby stara\u0107 si\u0119 o stypendium, wystarczy w tym celu z\u0142o\u017cy\u0107 odpowiedni wniosek. Wi\u0119cej przeczytasz o tym <a href=\"https:\/\/gazetaregionalna.com\/stypendia-z-dziedziny-kultury\/\">tutaj<\/a>. <\/p>\n\n\n\n<p>W ostatnim czasie Prezydent Miasta rozda\u0142 12 stypendi\u00f3w artystycznych najbardziej uzdolnionym mieszka\u0144com Cz\u0119stochowy. Szczeg\u00f3\u0142y znajdziesz <a href=\"https:\/\/gazetaregionalna.com\/prezydent-czestochowy-rozdal-12-stypendiow-artystycznych\/\">pod tym linkiem<\/a>.<\/p>\n\n\n\n<p><strong>LN\u015a\/Urz\u0105d Marsza\u0142kowski Wojew\u00f3dztwa \u015al\u0105skiego<\/strong><\/p>\n","protected":false},"excerpt":{"rendered":"<p>Ustanowiona w 2006 roku Nagroda Marsza\u0142ka Wojew\u00f3dztwa \u015al\u0105skiego za Wydarzenie Muzealne Roku, przyznawana jest za osi\u0105gni\u0119cia w zakresie dzia\u0142alno\u015bci muzealnej, w roku poprzedzaj\u0105cym nagrod\u0119<\/p>\n","protected":false},"author":26,"featured_media":64117,"comment_status":"closed","ping_status":"open","sticky":false,"template":"","format":"standard","meta":{"_monsterinsights_skip_tracking":false,"_monsterinsights_sitenote_active":false,"_monsterinsights_sitenote_note":"","_monsterinsights_sitenote_category":0,"_uf_show_specific_survey":0,"_uf_disable_surveys":false,"footnotes":""},"categories":[1829,4,2],"tags":[4435,974,1688,4434,4436],"class_list":["post-75855","post","type-post","status-publish","format-standard","has-post-thumbnail","hentry","category-muzeum","category-region","category-wiadomosci","tag-nagroda-marszalka-wojewodztwa-slaskiego","tag-nagrody","tag-wnioski","tag-wydarzenie-muzealne-2021","tag-wydarzenie-muzealne-roku"],"_links":{"self":[{"href":"https:\/\/gazetaregionalna.com\/index.php?rest_route=\/wp\/v2\/posts\/75855","targetHints":{"allow":["GET"]}}],"collection":[{"href":"https:\/\/gazetaregionalna.com\/index.php?rest_route=\/wp\/v2\/posts"}],"about":[{"href":"https:\/\/gazetaregionalna.com\/index.php?rest_route=\/wp\/v2\/types\/post"}],"author":[{"embeddable":true,"href":"https:\/\/gazetaregionalna.com\/index.php?rest_route=\/wp\/v2\/users\/26"}],"replies":[{"embeddable":true,"href":"https:\/\/gazetaregionalna.com\/index.php?rest_route=%2Fwp%2Fv2%2Fcomments&post=75855"}],"version-history":[{"count":1,"href":"https:\/\/gazetaregionalna.com\/index.php?rest_route=\/wp\/v2\/posts\/75855\/revisions"}],"predecessor-version":[{"id":75856,"href":"https:\/\/gazetaregionalna.com\/index.php?rest_route=\/wp\/v2\/posts\/75855\/revisions\/75856"}],"wp:featuredmedia":[{"embeddable":true,"href":"https:\/\/gazetaregionalna.com\/index.php?rest_route=\/wp\/v2\/media\/64117"}],"wp:attachment":[{"href":"https:\/\/gazetaregionalna.com\/index.php?rest_route=%2Fwp%2Fv2%2Fmedia&parent=75855"}],"wp:term":[{"taxonomy":"category","embeddable":true,"href":"https:\/\/gazetaregionalna.com\/index.php?rest_route=%2Fwp%2Fv2%2Fcategories&post=75855"},{"taxonomy":"post_tag","embeddable":true,"href":"https:\/\/gazetaregionalna.com\/index.php?rest_route=%2Fwp%2Fv2%2Ftags&post=75855"}],"curies":[{"name":"wp","href":"https:\/\/api.w.org\/{rel}","templated":true}]}}