{"id":75660,"date":"2022-04-08T22:04:00","date_gmt":"2022-04-08T22:04:00","guid":{"rendered":"https:\/\/gazetaregionalna.com\/?p=75660"},"modified":"2022-04-09T06:24:32","modified_gmt":"2022-04-09T06:24:32","slug":"nieudana-inauguracja-pge-ekstraligi-w-czestochowie","status":"publish","type":"post","link":"https:\/\/gazetaregionalna.com\/?p=75660","title":{"rendered":"Nieudana inauguracja PGE Ekstraligi w Cz\u0119stochowie"},"content":{"rendered":"\n<p>\u017bu\u017clowcy zielona-energia.com W\u0142\u00f3kniarz nieoczekiwanie przegrali z Fogo Unia Leszno 44:46. Start sezonu mia\u0142 wygl\u0105da\u0107 pozytywnie&#8230;<\/p>\n\n\n\n<p>Nie tak wyobra\u017cali sobie kibice zielona-energia.com W\u0142\u00f3kniarz Cz\u0119stochowa mecz z Fogo Unia Leszno. Cz\u0119stochowianie powinni wykorzysta\u0107 os\u0142abienie go\u015bci. Tymczasem Fogo Unia wykorzysta\u0142a stan cz\u0119stochowskiego toru. Nawet bieg junior\u00f3w nie zako\u0144czy\u0142 si\u0119 planowanym zwyci\u0119stwem 5:1 dla gospodarzy&#8230;<\/p>\n\n\n\n<p> Po 13. wy\u015bcigach cz\u0119stochowianie przegrywali 36:42. W 14. wy\u015bcigu Leon Madsen z Kacprem Woryn\u0105 wygrali 4:2 i zmniejszyli straty na 40:44. W 15. gonitwie dnia ponownie Madsen z Woryn\u0105 wygrali 4:2 z Jason Doyle i Januszem Ko\u0142odziejem, ale zwyci\u0119stwo odjecha\u0142o do Leszna&#8230; Gdyby pad\u0142 wynik 5:1 mecz zako\u0144czy\u0142by si\u0119 remisem 45:45 i podzia\u0142em punkt\u00f3w&#8230;<\/p>\n\n\n\n<p>AK, foto: AK<\/p>\n\n\n\n<p><strong>zielona-energia.com W\u0142\u00f3kniarz Cz\u0119stochowa \u2013 Fogo Unia Leszno 44:46<\/strong><\/p>\n\n\n\n<p><strong>zielona-energia.com W\u0142\u00f3kniarz: 44<\/strong><\/p>\n\n\n\n<p>Leon Madsen 15 (2,3,2,2,3,3)<\/p>\n\n\n\n<p>Bartosz Smekta\u0142a 4 (2,2,0,0)<\/p>\n\n\n\n<p>Kacper Woryna 10 (u,3,3,2,1,1)<\/p>\n\n\n\n<p>Jonas Jeppsesen 1 (1,0,-,-)<\/p>\n\n\n\n<p>Fredrik Lindgren 6 (2,3,0,1)<\/p>\n\n\n\n<p>Mateusz \u015awidnicki 4 (1,1,1 1)<\/p>\n\n\n\n<p>Jakub Mi\u015bkowiak 4 (3,0,0,1)<\/p>\n\n\n\n<p>Kajetan Kupiec &#8211; ns<\/p>\n\n\n\n<p><strong>Fogo Unia Leszno: 46<\/strong><\/p>\n\n\n\n<p>Jason Doyle 11 (3,2,1,3,2)<\/p>\n\n\n\n<p>Janusz Ko\u0142odziej 10 (3,1,3,3,0)<\/p>\n\n\n\n<p>David Bellego 7 (1,1,3,2,0)<\/p>\n\n\n\n<p>Jaimon Lidsey 4 (0,2,2,0)<\/p>\n\n\n\n<p>Piotr Pawlicki 8 (0,1,2,3,2)<\/p>\n\n\n\n<p>Hubert Jab\u0142o\u0144ski 61 (2, 3, 1)<\/p>\n\n\n\n<p>Antoni Mencel 0 (0,0,0)<\/p>\n\n\n\n<p>Maksym Borowiak &#8211; ns<\/p>\n\n\n\n<p><strong>Bieg po biegu:<\/strong><\/p>\n\n\n\n<p>1. Doyle, Madsen, Bellego, Woryna (u) \/2:4<\/p>\n\n\n\n<p>2. Mi\u015bkowiak, Jab\u0142o\u0144ski, \u015awidnicki, Mencel 4:2\/6:6<\/p>\n\n\n\n<p>3. Ko\u0142odziej, Lindgren, Jeppesen, Pawlicki (d) 3:3\/9:9<\/p>\n\n\n\n<p>4. Jab\u0142o\u0144ski, Smekta\u0142a, \u015awidnicki, Lidsey 3:3\/12:12<\/p>\n\n\n\n<p>5. Woryna, Lidsey, Bellego, Jeppesen 3:3\/15:15<\/p>\n\n\n\n<p>6. Lindgren, Doyle, Ko\u0142odziej, Mi\u015bkowiak 3:3\/18:18<\/p>\n\n\n\n<p>7. Madsen, Smekta\u0142a, Pawlicki, Mencel 5:1\/23:19<\/p>\n\n\n\n<p>8. Bellego, Lidsey, \u015awidnicki, Lindgren 1:5\/24:24<\/p>\n\n\n\n<p>9. Ko\u0142odziej, Madsen, Doyle, Smekta\u0142a 2:4\/26:28<\/p>\n\n\n\n<p>10. Woryna, Pawlicki, Jab\u0142o\u0144ski, Mi\u015bkowiak 3:3\/29:31<\/p>\n\n\n\n<p>11. Doyle, Madsen, \u015awidnicki, Lidsey 3:3\/32:34<\/p>\n\n\n\n<p>12. Ko\u0142odziej, Woryna, Mi\u015bkowiak, Mencel 3:3\/35:37<\/p>\n\n\n\n<p>13. Pawlicki, Bellego, Lindgren, Smekta\u0142a 1:5\/36:42<\/p>\n\n\n\n<p>14. Madsen, Pawlicki, Woryna, Bellego 4:2\/40:44<\/p>\n\n\n\n<p>15. Madsen, Doyle, Woryna, Ko\u0142odziej 4:2\/44:46<\/p>\n\n\n\n<figure class=\"wp-block-image size-large\"><img decoding=\"async\" width=\"1024\" height=\"683\" data-src=\"https:\/\/gazetaregionalna.com\/wp-content\/uploads\/2022\/04\/CKM-Unia-2-1024x683.jpg\" alt=\"\" class=\"wp-image-75667 lazyload\" data-srcset=\"https:\/\/gazetaregionalna.com\/wp-content\/uploads\/2022\/04\/CKM-Unia-2-1024x683.jpg 1024w, https:\/\/gazetaregionalna.com\/wp-content\/uploads\/2022\/04\/CKM-Unia-2-300x200.jpg 300w, https:\/\/gazetaregionalna.com\/wp-content\/uploads\/2022\/04\/CKM-Unia-2-768x512.jpg 768w, https:\/\/gazetaregionalna.com\/wp-content\/uploads\/2022\/04\/CKM-Unia-2-1536x1024.jpg 1536w, https:\/\/gazetaregionalna.com\/wp-content\/uploads\/2022\/04\/CKM-Unia-2-2048x1366.jpg 2048w, https:\/\/gazetaregionalna.com\/wp-content\/uploads\/2022\/04\/CKM-Unia-2-696x464.jpg 696w, https:\/\/gazetaregionalna.com\/wp-content\/uploads\/2022\/04\/CKM-Unia-2-1068x712.jpg 1068w, https:\/\/gazetaregionalna.com\/wp-content\/uploads\/2022\/04\/CKM-Unia-2-1920x1280.jpg 1920w, https:\/\/gazetaregionalna.com\/wp-content\/uploads\/2022\/04\/CKM-Unia-2-630x420.jpg 630w, https:\/\/gazetaregionalna.com\/wp-content\/uploads\/2022\/04\/CKM-Unia-2-scaled.jpg 1600w\" data-sizes=\"(max-width: 1024px) 100vw, 1024px\" src=\"data:image\/svg+xml;base64,PHN2ZyB3aWR0aD0iMSIgaGVpZ2h0PSIxIiB4bWxucz0iaHR0cDovL3d3dy53My5vcmcvMjAwMC9zdmciPjwvc3ZnPg==\" style=\"--smush-placeholder-width: 1024px; --smush-placeholder-aspect-ratio: 1024\/683;\" \/><\/figure>\n\n\n\n<figure class=\"wp-block-image size-large\"><img decoding=\"async\" width=\"1024\" height=\"683\" data-src=\"https:\/\/gazetaregionalna.com\/wp-content\/uploads\/2022\/04\/CKM-Unia-1-1024x683.jpg\" alt=\"\" class=\"wp-image-75666 lazyload\" data-srcset=\"https:\/\/gazetaregionalna.com\/wp-content\/uploads\/2022\/04\/CKM-Unia-1-1024x683.jpg 1024w, https:\/\/gazetaregionalna.com\/wp-content\/uploads\/2022\/04\/CKM-Unia-1-300x200.jpg 300w, https:\/\/gazetaregionalna.com\/wp-content\/uploads\/2022\/04\/CKM-Unia-1-768x512.jpg 768w, https:\/\/gazetaregionalna.com\/wp-content\/uploads\/2022\/04\/CKM-Unia-1-1536x1024.jpg 1536w, https:\/\/gazetaregionalna.com\/wp-content\/uploads\/2022\/04\/CKM-Unia-1-2048x1365.jpg 2048w, https:\/\/gazetaregionalna.com\/wp-content\/uploads\/2022\/04\/CKM-Unia-1-696x464.jpg 696w, https:\/\/gazetaregionalna.com\/wp-content\/uploads\/2022\/04\/CKM-Unia-1-1068x712.jpg 1068w, https:\/\/gazetaregionalna.com\/wp-content\/uploads\/2022\/04\/CKM-Unia-1-1920x1280.jpg 1920w, https:\/\/gazetaregionalna.com\/wp-content\/uploads\/2022\/04\/CKM-Unia-1-630x420.jpg 630w, https:\/\/gazetaregionalna.com\/wp-content\/uploads\/2022\/04\/CKM-Unia-1-scaled.jpg 1600w\" data-sizes=\"(max-width: 1024px) 100vw, 1024px\" src=\"data:image\/svg+xml;base64,PHN2ZyB3aWR0aD0iMSIgaGVpZ2h0PSIxIiB4bWxucz0iaHR0cDovL3d3dy53My5vcmcvMjAwMC9zdmciPjwvc3ZnPg==\" style=\"--smush-placeholder-width: 1024px; --smush-placeholder-aspect-ratio: 1024\/683;\" \/><\/figure>\n\n\n\n<figure class=\"wp-block-image size-large\"><img decoding=\"async\" width=\"1024\" height=\"683\" data-src=\"https:\/\/gazetaregionalna.com\/wp-content\/uploads\/2022\/04\/CKM-Unia-0-1024x683.jpg\" alt=\"\" class=\"wp-image-75665 lazyload\" data-srcset=\"https:\/\/gazetaregionalna.com\/wp-content\/uploads\/2022\/04\/CKM-Unia-0-1024x683.jpg 1024w, https:\/\/gazetaregionalna.com\/wp-content\/uploads\/2022\/04\/CKM-Unia-0-300x200.jpg 300w, https:\/\/gazetaregionalna.com\/wp-content\/uploads\/2022\/04\/CKM-Unia-0-768x512.jpg 768w, https:\/\/gazetaregionalna.com\/wp-content\/uploads\/2022\/04\/CKM-Unia-0-1536x1024.jpg 1536w, https:\/\/gazetaregionalna.com\/wp-content\/uploads\/2022\/04\/CKM-Unia-0-2048x1365.jpg 2048w, https:\/\/gazetaregionalna.com\/wp-content\/uploads\/2022\/04\/CKM-Unia-0-696x464.jpg 696w, https:\/\/gazetaregionalna.com\/wp-content\/uploads\/2022\/04\/CKM-Unia-0-1068x712.jpg 1068w, https:\/\/gazetaregionalna.com\/wp-content\/uploads\/2022\/04\/CKM-Unia-0-1920x1280.jpg 1920w, https:\/\/gazetaregionalna.com\/wp-content\/uploads\/2022\/04\/CKM-Unia-0-630x420.jpg 630w, https:\/\/gazetaregionalna.com\/wp-content\/uploads\/2022\/04\/CKM-Unia-0-scaled.jpg 1600w\" data-sizes=\"(max-width: 1024px) 100vw, 1024px\" src=\"data:image\/svg+xml;base64,PHN2ZyB3aWR0aD0iMSIgaGVpZ2h0PSIxIiB4bWxucz0iaHR0cDovL3d3dy53My5vcmcvMjAwMC9zdmciPjwvc3ZnPg==\" style=\"--smush-placeholder-width: 1024px; --smush-placeholder-aspect-ratio: 1024\/683;\" \/><\/figure>\n\n\n\n<figure class=\"wp-block-image size-large\"><img decoding=\"async\" width=\"300\" height=\"250\" data-src=\"https:\/\/gazetaregionalna.com\/wp-content\/uploads\/2021\/10\/DMKInvest2.jpg\" alt=\"\" class=\"wp-image-58380 lazyload\" src=\"data:image\/svg+xml;base64,PHN2ZyB3aWR0aD0iMSIgaGVpZ2h0PSIxIiB4bWxucz0iaHR0cDovL3d3dy53My5vcmcvMjAwMC9zdmciPjwvc3ZnPg==\" style=\"--smush-placeholder-width: 300px; --smush-placeholder-aspect-ratio: 300\/250;\"><\/figure>\n\n\n\n<figure class=\"wp-block-image size-large\"><img decoding=\"async\" width=\"1024\" height=\"683\" data-src=\"https:\/\/gazetaregionalna.com\/wp-content\/uploads\/2022\/04\/CKM-Unia-00-1024x683.jpg\" alt=\"\" class=\"wp-image-75664 lazyload\" data-srcset=\"https:\/\/gazetaregionalna.com\/wp-content\/uploads\/2022\/04\/CKM-Unia-00-1024x683.jpg 1024w, https:\/\/gazetaregionalna.com\/wp-content\/uploads\/2022\/04\/CKM-Unia-00-300x200.jpg 300w, https:\/\/gazetaregionalna.com\/wp-content\/uploads\/2022\/04\/CKM-Unia-00-768x512.jpg 768w, https:\/\/gazetaregionalna.com\/wp-content\/uploads\/2022\/04\/CKM-Unia-00-1536x1024.jpg 1536w, https:\/\/gazetaregionalna.com\/wp-content\/uploads\/2022\/04\/CKM-Unia-00-2048x1365.jpg 2048w, https:\/\/gazetaregionalna.com\/wp-content\/uploads\/2022\/04\/CKM-Unia-00-696x464.jpg 696w, https:\/\/gazetaregionalna.com\/wp-content\/uploads\/2022\/04\/CKM-Unia-00-1068x712.jpg 1068w, https:\/\/gazetaregionalna.com\/wp-content\/uploads\/2022\/04\/CKM-Unia-00-1920x1280.jpg 1920w, https:\/\/gazetaregionalna.com\/wp-content\/uploads\/2022\/04\/CKM-Unia-00-630x420.jpg 630w, https:\/\/gazetaregionalna.com\/wp-content\/uploads\/2022\/04\/CKM-Unia-00-scaled.jpg 1600w\" data-sizes=\"(max-width: 1024px) 100vw, 1024px\" src=\"data:image\/svg+xml;base64,PHN2ZyB3aWR0aD0iMSIgaGVpZ2h0PSIxIiB4bWxucz0iaHR0cDovL3d3dy53My5vcmcvMjAwMC9zdmciPjwvc3ZnPg==\" style=\"--smush-placeholder-width: 1024px; --smush-placeholder-aspect-ratio: 1024\/683;\" \/><\/figure>\n\n\n\n<figure class=\"wp-block-image size-large\"><img decoding=\"async\" width=\"1024\" height=\"682\" data-src=\"https:\/\/gazetaregionalna.com\/wp-content\/uploads\/2022\/04\/CKM-Unia-000-1024x682.jpg\" alt=\"\" class=\"wp-image-75663 lazyload\" data-srcset=\"https:\/\/gazetaregionalna.com\/wp-content\/uploads\/2022\/04\/CKM-Unia-000-1024x682.jpg 1024w, https:\/\/gazetaregionalna.com\/wp-content\/uploads\/2022\/04\/CKM-Unia-000-300x200.jpg 300w, https:\/\/gazetaregionalna.com\/wp-content\/uploads\/2022\/04\/CKM-Unia-000-768x512.jpg 768w, https:\/\/gazetaregionalna.com\/wp-content\/uploads\/2022\/04\/CKM-Unia-000-1536x1024.jpg 1536w, https:\/\/gazetaregionalna.com\/wp-content\/uploads\/2022\/04\/CKM-Unia-000-2048x1365.jpg 2048w, https:\/\/gazetaregionalna.com\/wp-content\/uploads\/2022\/04\/CKM-Unia-000-696x464.jpg 696w, https:\/\/gazetaregionalna.com\/wp-content\/uploads\/2022\/04\/CKM-Unia-000-1068x712.jpg 1068w, https:\/\/gazetaregionalna.com\/wp-content\/uploads\/2022\/04\/CKM-Unia-000-1920x1280.jpg 1920w, https:\/\/gazetaregionalna.com\/wp-content\/uploads\/2022\/04\/CKM-Unia-000-630x420.jpg 630w, https:\/\/gazetaregionalna.com\/wp-content\/uploads\/2022\/04\/CKM-Unia-000-scaled.jpg 1600w\" data-sizes=\"(max-width: 1024px) 100vw, 1024px\" src=\"data:image\/svg+xml;base64,PHN2ZyB3aWR0aD0iMSIgaGVpZ2h0PSIxIiB4bWxucz0iaHR0cDovL3d3dy53My5vcmcvMjAwMC9zdmciPjwvc3ZnPg==\" style=\"--smush-placeholder-width: 1024px; --smush-placeholder-aspect-ratio: 1024\/682;\" \/><\/figure>\n\n\n\n<figure class=\"wp-block-image size-large\"><img decoding=\"async\" width=\"1024\" height=\"683\" data-src=\"https:\/\/gazetaregionalna.com\/wp-content\/uploads\/2022\/04\/CKM-Unia-0000-1024x683.jpg\" alt=\"\" class=\"wp-image-75662 lazyload\" data-srcset=\"https:\/\/gazetaregionalna.com\/wp-content\/uploads\/2022\/04\/CKM-Unia-0000-1024x683.jpg 1024w, https:\/\/gazetaregionalna.com\/wp-content\/uploads\/2022\/04\/CKM-Unia-0000-300x200.jpg 300w, https:\/\/gazetaregionalna.com\/wp-content\/uploads\/2022\/04\/CKM-Unia-0000-768x512.jpg 768w, https:\/\/gazetaregionalna.com\/wp-content\/uploads\/2022\/04\/CKM-Unia-0000-1536x1024.jpg 1536w, https:\/\/gazetaregionalna.com\/wp-content\/uploads\/2022\/04\/CKM-Unia-0000-2048x1366.jpg 2048w, https:\/\/gazetaregionalna.com\/wp-content\/uploads\/2022\/04\/CKM-Unia-0000-696x464.jpg 696w, https:\/\/gazetaregionalna.com\/wp-content\/uploads\/2022\/04\/CKM-Unia-0000-1068x712.jpg 1068w, https:\/\/gazetaregionalna.com\/wp-content\/uploads\/2022\/04\/CKM-Unia-0000-1920x1280.jpg 1920w, https:\/\/gazetaregionalna.com\/wp-content\/uploads\/2022\/04\/CKM-Unia-0000-630x420.jpg 630w, https:\/\/gazetaregionalna.com\/wp-content\/uploads\/2022\/04\/CKM-Unia-0000-scaled.jpg 1600w\" data-sizes=\"(max-width: 1024px) 100vw, 1024px\" src=\"data:image\/svg+xml;base64,PHN2ZyB3aWR0aD0iMSIgaGVpZ2h0PSIxIiB4bWxucz0iaHR0cDovL3d3dy53My5vcmcvMjAwMC9zdmciPjwvc3ZnPg==\" style=\"--smush-placeholder-width: 1024px; --smush-placeholder-aspect-ratio: 1024\/683;\" \/><\/figure>\n\n\n\n<figure class=\"wp-block-image size-large\"><img decoding=\"async\" width=\"1024\" height=\"683\" data-src=\"https:\/\/gazetaregionalna.com\/wp-content\/uploads\/2022\/04\/CKM-Unia-00000-1024x683.jpg\" alt=\"\" class=\"wp-image-75661 lazyload\" data-srcset=\"https:\/\/gazetaregionalna.com\/wp-content\/uploads\/2022\/04\/CKM-Unia-00000-1024x683.jpg 1024w, https:\/\/gazetaregionalna.com\/wp-content\/uploads\/2022\/04\/CKM-Unia-00000-300x200.jpg 300w, https:\/\/gazetaregionalna.com\/wp-content\/uploads\/2022\/04\/CKM-Unia-00000-768x512.jpg 768w, https:\/\/gazetaregionalna.com\/wp-content\/uploads\/2022\/04\/CKM-Unia-00000-1536x1024.jpg 1536w, https:\/\/gazetaregionalna.com\/wp-content\/uploads\/2022\/04\/CKM-Unia-00000-2048x1365.jpg 2048w, https:\/\/gazetaregionalna.com\/wp-content\/uploads\/2022\/04\/CKM-Unia-00000-696x464.jpg 696w, https:\/\/gazetaregionalna.com\/wp-content\/uploads\/2022\/04\/CKM-Unia-00000-1068x712.jpg 1068w, https:\/\/gazetaregionalna.com\/wp-content\/uploads\/2022\/04\/CKM-Unia-00000-1920x1280.jpg 1920w, https:\/\/gazetaregionalna.com\/wp-content\/uploads\/2022\/04\/CKM-Unia-00000-630x420.jpg 630w, https:\/\/gazetaregionalna.com\/wp-content\/uploads\/2022\/04\/CKM-Unia-00000-scaled.jpg 1600w\" data-sizes=\"(max-width: 1024px) 100vw, 1024px\" src=\"data:image\/svg+xml;base64,PHN2ZyB3aWR0aD0iMSIgaGVpZ2h0PSIxIiB4bWxucz0iaHR0cDovL3d3dy53My5vcmcvMjAwMC9zdmciPjwvc3ZnPg==\" style=\"--smush-placeholder-width: 1024px; --smush-placeholder-aspect-ratio: 1024\/683;\" \/><\/figure>\n","protected":false},"excerpt":{"rendered":"<p>\u017bu\u017clowcy zielona-energia.com W\u0142\u00f3kniarz nieoczekiwanie przegrali z Fogo Unia Leszno 44:46. Start sezonu mia\u0142 wygl\u0105da\u0107 pozytywnie&#8230; Nie tak wyobra\u017cali sobie kibice zielona-energia.com W\u0142\u00f3kniarz Cz\u0119stochowa mecz<\/p>\n","protected":false},"author":15,"featured_media":75667,"comment_status":"closed","ping_status":"open","sticky":false,"template":"","format":"standard","meta":{"_monsterinsights_skip_tracking":false,"_monsterinsights_sitenote_active":false,"_monsterinsights_sitenote_note":"","_monsterinsights_sitenote_category":0,"_uf_show_specific_survey":0,"_uf_disable_surveys":false,"footnotes":""},"categories":[5,94,7],"tags":[],"class_list":["post-75660","post","type-post","status-publish","format-standard","has-post-thumbnail","hentry","category-sport","category-polecane","category-zuzel"],"_links":{"self":[{"href":"https:\/\/gazetaregionalna.com\/index.php?rest_route=\/wp\/v2\/posts\/75660","targetHints":{"allow":["GET"]}}],"collection":[{"href":"https:\/\/gazetaregionalna.com\/index.php?rest_route=\/wp\/v2\/posts"}],"about":[{"href":"https:\/\/gazetaregionalna.com\/index.php?rest_route=\/wp\/v2\/types\/post"}],"author":[{"embeddable":true,"href":"https:\/\/gazetaregionalna.com\/index.php?rest_route=\/wp\/v2\/users\/15"}],"replies":[{"embeddable":true,"href":"https:\/\/gazetaregionalna.com\/index.php?rest_route=%2Fwp%2Fv2%2Fcomments&post=75660"}],"version-history":[{"count":3,"href":"https:\/\/gazetaregionalna.com\/index.php?rest_route=\/wp\/v2\/posts\/75660\/revisions"}],"predecessor-version":[{"id":75673,"href":"https:\/\/gazetaregionalna.com\/index.php?rest_route=\/wp\/v2\/posts\/75660\/revisions\/75673"}],"wp:featuredmedia":[{"embeddable":true,"href":"https:\/\/gazetaregionalna.com\/index.php?rest_route=\/wp\/v2\/media\/75667"}],"wp:attachment":[{"href":"https:\/\/gazetaregionalna.com\/index.php?rest_route=%2Fwp%2Fv2%2Fmedia&parent=75660"}],"wp:term":[{"taxonomy":"category","embeddable":true,"href":"https:\/\/gazetaregionalna.com\/index.php?rest_route=%2Fwp%2Fv2%2Fcategories&post=75660"},{"taxonomy":"post_tag","embeddable":true,"href":"https:\/\/gazetaregionalna.com\/index.php?rest_route=%2Fwp%2Fv2%2Ftags&post=75660"}],"curies":[{"name":"wp","href":"https:\/\/api.w.org\/{rel}","templated":true}]}}