{"id":75142,"date":"2022-04-03T10:28:20","date_gmt":"2022-04-03T10:28:20","guid":{"rendered":"https:\/\/gazetaregionalna.com\/?p=75142"},"modified":"2022-04-03T10:28:21","modified_gmt":"2022-04-03T10:28:21","slug":"otworz-sie-na-zawod-konkurs","status":"publish","type":"post","link":"https:\/\/gazetaregionalna.com\/?p=75142","title":{"rendered":"\u201eOtw\u00f3rz si\u0119 na zaw\u00f3d\u201d! Konkurs promuj\u0105cy szkolnictwo zawodowe w Zespole Szk\u00f3\u0142 Technicznych"},"content":{"rendered":"\n<h2 class=\"wp-block-heading\">W \u015brod\u0119, 30 marca w Zespole Szk\u00f3\u0142 Technicznych odby\u0142a si\u0119 pierwsza edycja konkursu promuj\u0105cego szkolnictwo zawodowe \u201eOtw\u00f3rz si\u0119 na zaw\u00f3d\u201d.<\/h2>\n\n\n\n<p>Konkurs zatytu\u0142owany &#8222;Otw\u00f3rz si\u0119 na zaw\u00f3d&#8221; zorganizowano pod patronatem Wydzia\u0142u Edukacji Urz\u0119du Miasta Cz\u0119stochowy we wsp\u00f3\u0142pracy z Zespo\u0142em Poradni Psychologiczno \u2013 Pedagogicznej Centrum Informacji Zawodowej.<\/p>\n\n\n\n<p>Adresatami byli uczniowie klas VIII szk\u00f3\u0142 podstawowych. Celem wydarzenia by\u0142o upowszechnienie kszta\u0142cenia zawodowego, zach\u0119cenie m\u0142odych ludzi do zapoznania si\u0119 z zawodami szko\u0142y bran\u017cowej w Zespole Szk\u00f3\u0142 Technicznych: monter zabudowy i rob\u00f3t wyko\u0144czeniowych w budownictwie oraz monter sieci&nbsp; i instalacji sanitarnych.<\/p>\n\n\n\n<figure class=\"wp-block-image size-large\"><img decoding=\"async\" width=\"1024\" height=\"683\" data-src=\"https:\/\/gazetaregionalna.com\/wp-content\/uploads\/2022\/04\/DSC_0438-1024x683.jpg\" alt=\"\" class=\"wp-image-75146 lazyload\" data-srcset=\"https:\/\/gazetaregionalna.com\/wp-content\/uploads\/2022\/04\/DSC_0438-1024x683.jpg 1024w, https:\/\/gazetaregionalna.com\/wp-content\/uploads\/2022\/04\/DSC_0438-300x200.jpg 300w, https:\/\/gazetaregionalna.com\/wp-content\/uploads\/2022\/04\/DSC_0438-768x512.jpg 768w, https:\/\/gazetaregionalna.com\/wp-content\/uploads\/2022\/04\/DSC_0438-1536x1024.jpg 1536w, https:\/\/gazetaregionalna.com\/wp-content\/uploads\/2022\/04\/DSC_0438-2048x1365.jpg 2048w, https:\/\/gazetaregionalna.com\/wp-content\/uploads\/2022\/04\/DSC_0438-696x464.jpg 696w, https:\/\/gazetaregionalna.com\/wp-content\/uploads\/2022\/04\/DSC_0438-1068x712.jpg 1068w, https:\/\/gazetaregionalna.com\/wp-content\/uploads\/2022\/04\/DSC_0438-1920x1280.jpg 1920w, https:\/\/gazetaregionalna.com\/wp-content\/uploads\/2022\/04\/DSC_0438-630x420.jpg 630w, https:\/\/gazetaregionalna.com\/wp-content\/uploads\/2022\/04\/DSC_0438-scaled.jpg 1600w\" data-sizes=\"(max-width: 1024px) 100vw, 1024px\" src=\"data:image\/svg+xml;base64,PHN2ZyB3aWR0aD0iMSIgaGVpZ2h0PSIxIiB4bWxucz0iaHR0cDovL3d3dy53My5vcmcvMjAwMC9zdmciPjwvc3ZnPg==\" style=\"--smush-placeholder-width: 1024px; --smush-placeholder-aspect-ratio: 1024\/683;\" \/><figcaption>Konkurs &#8222;Otw\u00f3rz si\u0119 na zaw\u00f3d&#8221; (fot. ZST)<\/figcaption><\/figure>\n\n\n\n<p>Do edycji organizowanej w Zespole Szk\u00f3\u0142 Technicznych zg\u0142osi\u0142o si\u0119 siedem szk\u00f3\u0142 podstawowych z terenu Cz\u0119stochowy i powiatu. Dan\u0105 plac\u00f3wk\u0119 mog\u0142y reprezentowa\u0107 dwie dru\u017cyny, licz\u0105ce po dwie osoby. \u0141\u0105cznie w konkursie udzia\u0142 bra\u0142o 22 uczni\u00f3w.<\/p>\n\n\n\n<p>Konkurs sk\u0142ada\u0142 z dw\u00f3ch etap\u00f3w: testu teoretycznego oraz cz\u0119\u015bci praktycznej. Etapem I by\u0142 test teoretyczny sk\u0142ada\u0142 si\u0119 z 15 pyta\u0144 odr\u0119bnie z bran\u017cy rob\u00f3t wyko\u0144czeniowych oraz bran\u017cy instalacyjnej. Do Etapu II jury wy\u0142oni\u0142o trzy dru\u017cyny z ka\u017cdej bran\u017cy, kt\u00f3re zdoby\u0142y najwi\u0119ksz\u0105 ilo\u015b\u0107 punkt\u00f3w.<\/p>\n\n\n\n<p>Cz\u0119\u015b\u0107 praktyczna polega\u0142a na wykonaniu okre\u015blonego zadania (wyrobu) na przygotowanym stanowisku pracy dla montera zabudowy i rob\u00f3t wyko\u0144czeniowych oraz montera sieci i instalacji sanitarnych.<\/p>\n\n\n\n<figure class=\"wp-block-image size-large\"><img decoding=\"async\" width=\"1024\" height=\"683\" data-src=\"https:\/\/gazetaregionalna.com\/wp-content\/uploads\/2022\/04\/DSC_0440-1024x683.jpg\" alt=\"\" class=\"wp-image-75147 lazyload\" data-srcset=\"https:\/\/gazetaregionalna.com\/wp-content\/uploads\/2022\/04\/DSC_0440-1024x683.jpg 1024w, https:\/\/gazetaregionalna.com\/wp-content\/uploads\/2022\/04\/DSC_0440-300x200.jpg 300w, https:\/\/gazetaregionalna.com\/wp-content\/uploads\/2022\/04\/DSC_0440-768x512.jpg 768w, https:\/\/gazetaregionalna.com\/wp-content\/uploads\/2022\/04\/DSC_0440-1536x1024.jpg 1536w, https:\/\/gazetaregionalna.com\/wp-content\/uploads\/2022\/04\/DSC_0440-2048x1365.jpg 2048w, https:\/\/gazetaregionalna.com\/wp-content\/uploads\/2022\/04\/DSC_0440-696x464.jpg 696w, https:\/\/gazetaregionalna.com\/wp-content\/uploads\/2022\/04\/DSC_0440-1068x712.jpg 1068w, https:\/\/gazetaregionalna.com\/wp-content\/uploads\/2022\/04\/DSC_0440-1920x1280.jpg 1920w, https:\/\/gazetaregionalna.com\/wp-content\/uploads\/2022\/04\/DSC_0440-630x420.jpg 630w, https:\/\/gazetaregionalna.com\/wp-content\/uploads\/2022\/04\/DSC_0440-scaled.jpg 1600w\" data-sizes=\"(max-width: 1024px) 100vw, 1024px\" src=\"data:image\/svg+xml;base64,PHN2ZyB3aWR0aD0iMSIgaGVpZ2h0PSIxIiB4bWxucz0iaHR0cDovL3d3dy53My5vcmcvMjAwMC9zdmciPjwvc3ZnPg==\" style=\"--smush-placeholder-width: 1024px; --smush-placeholder-aspect-ratio: 1024\/683;\" \/><figcaption>Konkurs &#8222;Otw\u00f3rz si\u0119 na zaw\u00f3d&#8221; (fot. ZST)<\/figcaption><\/figure>\n\n\n\n<p>W zawodzie montera sieci i instalacji sanitarnych pierwsze miejsce otrzymali Mi\u0142osz St\u0119pie\u0144 i Piotr Majoch ze Szko\u0142y Podstawowej nr 30 im. por. M. Brzeskiego, drugie miejsce zaj\u0119li za\u015b Miko\u0142aj Strzelski i Oliwier Ksi\u0105\u017cek ze Szko\u0142y Podstawowej im. H. Sienkiewicza w Konopiskach. Ostatni na podium byli Filip Litwiniak i Tomasz Kuku\u0142a ze Szko\u0142y Podstawowej nr 39 im. M. Konopnickiej.<\/p>\n\n\n\n<p>Z kolei w zawodzie montera zabudowy i rob\u00f3t wyko\u0144czeniowych w budownictwie triumfowali Filip Samerdak i Damian D\u0119bski ze Szko\u0142y Podstawowej im. gen. W. Andersa, drug\u0105 lokat\u0119 zaj\u0119li Mateusz St\u0119pie\u0144 i Adam Radaszewski ze Szko\u0142y Podstawowej im. H. Sienkiewicza z Kamienicy Polskiej, a trzeci\u0105 &#8211; Jakub B\u0105k i Julian Brzozowski ze Szko\u0142y Podstawowej nr 38 im. Ludwika Zamenhofa.<\/p>\n\n\n\n<figure class=\"wp-block-image size-large\"><img decoding=\"async\" width=\"1024\" height=\"683\" data-src=\"https:\/\/gazetaregionalna.com\/wp-content\/uploads\/2022\/04\/DSC_0527-1024x683.jpg\" alt=\"\" class=\"wp-image-75149 lazyload\" data-srcset=\"https:\/\/gazetaregionalna.com\/wp-content\/uploads\/2022\/04\/DSC_0527-1024x683.jpg 1024w, https:\/\/gazetaregionalna.com\/wp-content\/uploads\/2022\/04\/DSC_0527-300x200.jpg 300w, https:\/\/gazetaregionalna.com\/wp-content\/uploads\/2022\/04\/DSC_0527-768x512.jpg 768w, https:\/\/gazetaregionalna.com\/wp-content\/uploads\/2022\/04\/DSC_0527-1536x1024.jpg 1536w, https:\/\/gazetaregionalna.com\/wp-content\/uploads\/2022\/04\/DSC_0527-2048x1365.jpg 2048w, https:\/\/gazetaregionalna.com\/wp-content\/uploads\/2022\/04\/DSC_0527-696x464.jpg 696w, https:\/\/gazetaregionalna.com\/wp-content\/uploads\/2022\/04\/DSC_0527-1068x712.jpg 1068w, https:\/\/gazetaregionalna.com\/wp-content\/uploads\/2022\/04\/DSC_0527-1920x1280.jpg 1920w, https:\/\/gazetaregionalna.com\/wp-content\/uploads\/2022\/04\/DSC_0527-630x420.jpg 630w, https:\/\/gazetaregionalna.com\/wp-content\/uploads\/2022\/04\/DSC_0527-scaled.jpg 1600w\" data-sizes=\"(max-width: 1024px) 100vw, 1024px\" src=\"data:image\/svg+xml;base64,PHN2ZyB3aWR0aD0iMSIgaGVpZ2h0PSIxIiB4bWxucz0iaHR0cDovL3d3dy53My5vcmcvMjAwMC9zdmciPjwvc3ZnPg==\" style=\"--smush-placeholder-width: 1024px; --smush-placeholder-aspect-ratio: 1024\/683;\" \/><figcaption>Konkurs &#8222;Otw\u00f3rz si\u0119 na zaw\u00f3d&#8221; (fot. ZST)<\/figcaption><\/figure>\n\n\n\n<p>Nagrody zwyci\u0119zcom wr\u0119czy\u0142 naczelnik Wydzia\u0142u Edukacji Rafa\u0142 Piotrowski.<\/p>\n\n\n\n<p>Edycje konkursu ,,Otw\u00f3rz si\u0119 na zaw\u00f3d\u201d odb\u0119d\u0105 si\u0119 r\u00f3wnie\u017c w najbli\u017cszym czasie w Zespole Szk\u00f3\u0142 im. Jana Kochanowskiego, Zespole Szk\u00f3\u0142 Przemys\u0142u Mody i Reklamy a tak\u017ce w Centrum Kszta\u0142cenia Zawodowego i Ustawicznego. Szczeg\u00f3\u0142y: <a href=\"https:\/\/zst.czest.pl\/\" target=\"_blank\" rel=\"noopener\">zst.czest.pl<\/a>.<\/p>\n\n\n\n<p><strong>mat. ZST w Cz\u0119stochowie<\/strong><\/p>\n\n\n\n<figure class=\"wp-block-gallery columns-3 is-cropped wp-block-gallery-1 is-layout-flex wp-block-gallery-is-layout-flex\"><ul class=\"blocks-gallery-grid\"><li class=\"blocks-gallery-item\"><figure><a href=\"https:\/\/gazetaregionalna.com\/wp-content\/uploads\/2022\/04\/DSC_0355-scaled.jpg\"><img decoding=\"async\" width=\"1024\" height=\"683\" data-src=\"https:\/\/gazetaregionalna.com\/wp-content\/uploads\/2022\/04\/DSC_0355-1024x683.jpg\" alt=\"\" data-id=\"75150\" data-full-url=\"https:\/\/gazetaregionalna.com\/wp-content\/uploads\/2022\/04\/DSC_0355-scaled.jpg\" data-link=\"https:\/\/gazetaregionalna.com\/?attachment_id=75150\" class=\"wp-image-75150 lazyload\" data-srcset=\"https:\/\/gazetaregionalna.com\/wp-content\/uploads\/2022\/04\/DSC_0355-1024x683.jpg 1024w, https:\/\/gazetaregionalna.com\/wp-content\/uploads\/2022\/04\/DSC_0355-300x200.jpg 300w, https:\/\/gazetaregionalna.com\/wp-content\/uploads\/2022\/04\/DSC_0355-768x512.jpg 768w, https:\/\/gazetaregionalna.com\/wp-content\/uploads\/2022\/04\/DSC_0355-1536x1024.jpg 1536w, https:\/\/gazetaregionalna.com\/wp-content\/uploads\/2022\/04\/DSC_0355-2048x1365.jpg 2048w, https:\/\/gazetaregionalna.com\/wp-content\/uploads\/2022\/04\/DSC_0355-696x464.jpg 696w, https:\/\/gazetaregionalna.com\/wp-content\/uploads\/2022\/04\/DSC_0355-1068x712.jpg 1068w, https:\/\/gazetaregionalna.com\/wp-content\/uploads\/2022\/04\/DSC_0355-1920x1280.jpg 1920w, https:\/\/gazetaregionalna.com\/wp-content\/uploads\/2022\/04\/DSC_0355-630x420.jpg 630w, https:\/\/gazetaregionalna.com\/wp-content\/uploads\/2022\/04\/DSC_0355-scaled.jpg 1600w\" data-sizes=\"(max-width: 1024px) 100vw, 1024px\" src=\"data:image\/svg+xml;base64,PHN2ZyB3aWR0aD0iMSIgaGVpZ2h0PSIxIiB4bWxucz0iaHR0cDovL3d3dy53My5vcmcvMjAwMC9zdmciPjwvc3ZnPg==\" style=\"--smush-placeholder-width: 1024px; --smush-placeholder-aspect-ratio: 1024\/683;\" \/><\/a><\/figure><\/li><li class=\"blocks-gallery-item\"><figure><a href=\"https:\/\/gazetaregionalna.com\/wp-content\/uploads\/2022\/04\/DSC_0483-scaled.jpg\"><img decoding=\"async\" width=\"1024\" height=\"683\" data-src=\"https:\/\/gazetaregionalna.com\/wp-content\/uploads\/2022\/04\/DSC_0483-1024x683.jpg\" alt=\"\" data-id=\"75153\" data-full-url=\"https:\/\/gazetaregionalna.com\/wp-content\/uploads\/2022\/04\/DSC_0483-scaled.jpg\" data-link=\"https:\/\/gazetaregionalna.com\/?attachment_id=75153\" class=\"wp-image-75153 lazyload\" data-srcset=\"https:\/\/gazetaregionalna.com\/wp-content\/uploads\/2022\/04\/DSC_0483-1024x683.jpg 1024w, https:\/\/gazetaregionalna.com\/wp-content\/uploads\/2022\/04\/DSC_0483-300x200.jpg 300w, https:\/\/gazetaregionalna.com\/wp-content\/uploads\/2022\/04\/DSC_0483-768x512.jpg 768w, https:\/\/gazetaregionalna.com\/wp-content\/uploads\/2022\/04\/DSC_0483-1536x1024.jpg 1536w, https:\/\/gazetaregionalna.com\/wp-content\/uploads\/2022\/04\/DSC_0483-2048x1365.jpg 2048w, https:\/\/gazetaregionalna.com\/wp-content\/uploads\/2022\/04\/DSC_0483-696x464.jpg 696w, https:\/\/gazetaregionalna.com\/wp-content\/uploads\/2022\/04\/DSC_0483-1068x712.jpg 1068w, https:\/\/gazetaregionalna.com\/wp-content\/uploads\/2022\/04\/DSC_0483-1920x1280.jpg 1920w, https:\/\/gazetaregionalna.com\/wp-content\/uploads\/2022\/04\/DSC_0483-630x420.jpg 630w, https:\/\/gazetaregionalna.com\/wp-content\/uploads\/2022\/04\/DSC_0483-scaled.jpg 1600w\" data-sizes=\"(max-width: 1024px) 100vw, 1024px\" src=\"data:image\/svg+xml;base64,PHN2ZyB3aWR0aD0iMSIgaGVpZ2h0PSIxIiB4bWxucz0iaHR0cDovL3d3dy53My5vcmcvMjAwMC9zdmciPjwvc3ZnPg==\" style=\"--smush-placeholder-width: 1024px; --smush-placeholder-aspect-ratio: 1024\/683;\" \/><\/a><\/figure><\/li><li class=\"blocks-gallery-item\"><figure><a href=\"https:\/\/gazetaregionalna.com\/wp-content\/uploads\/2022\/04\/DSC_0421-scaled.jpg\"><img decoding=\"async\" width=\"1024\" height=\"683\" data-src=\"https:\/\/gazetaregionalna.com\/wp-content\/uploads\/2022\/04\/DSC_0421-1024x683.jpg\" alt=\"\" data-id=\"75151\" data-full-url=\"https:\/\/gazetaregionalna.com\/wp-content\/uploads\/2022\/04\/DSC_0421-scaled.jpg\" data-link=\"https:\/\/gazetaregionalna.com\/?attachment_id=75151\" class=\"wp-image-75151 lazyload\" data-srcset=\"https:\/\/gazetaregionalna.com\/wp-content\/uploads\/2022\/04\/DSC_0421-1024x683.jpg 1024w, https:\/\/gazetaregionalna.com\/wp-content\/uploads\/2022\/04\/DSC_0421-300x200.jpg 300w, https:\/\/gazetaregionalna.com\/wp-content\/uploads\/2022\/04\/DSC_0421-768x512.jpg 768w, https:\/\/gazetaregionalna.com\/wp-content\/uploads\/2022\/04\/DSC_0421-1536x1024.jpg 1536w, https:\/\/gazetaregionalna.com\/wp-content\/uploads\/2022\/04\/DSC_0421-2048x1365.jpg 2048w, https:\/\/gazetaregionalna.com\/wp-content\/uploads\/2022\/04\/DSC_0421-696x464.jpg 696w, https:\/\/gazetaregionalna.com\/wp-content\/uploads\/2022\/04\/DSC_0421-1068x712.jpg 1068w, https:\/\/gazetaregionalna.com\/wp-content\/uploads\/2022\/04\/DSC_0421-1920x1280.jpg 1920w, https:\/\/gazetaregionalna.com\/wp-content\/uploads\/2022\/04\/DSC_0421-630x420.jpg 630w, https:\/\/gazetaregionalna.com\/wp-content\/uploads\/2022\/04\/DSC_0421-scaled.jpg 1600w\" data-sizes=\"(max-width: 1024px) 100vw, 1024px\" src=\"data:image\/svg+xml;base64,PHN2ZyB3aWR0aD0iMSIgaGVpZ2h0PSIxIiB4bWxucz0iaHR0cDovL3d3dy53My5vcmcvMjAwMC9zdmciPjwvc3ZnPg==\" style=\"--smush-placeholder-width: 1024px; --smush-placeholder-aspect-ratio: 1024\/683;\" \/><\/a><\/figure><\/li><li class=\"blocks-gallery-item\"><figure><a href=\"https:\/\/gazetaregionalna.com\/wp-content\/uploads\/2022\/04\/DSC_0447-scaled.jpg\"><img decoding=\"async\" width=\"1024\" height=\"683\" data-src=\"https:\/\/gazetaregionalna.com\/wp-content\/uploads\/2022\/04\/DSC_0447-1024x683.jpg\" alt=\"\" data-id=\"75152\" data-full-url=\"https:\/\/gazetaregionalna.com\/wp-content\/uploads\/2022\/04\/DSC_0447-scaled.jpg\" data-link=\"https:\/\/gazetaregionalna.com\/?attachment_id=75152\" class=\"wp-image-75152 lazyload\" data-srcset=\"https:\/\/gazetaregionalna.com\/wp-content\/uploads\/2022\/04\/DSC_0447-1024x683.jpg 1024w, https:\/\/gazetaregionalna.com\/wp-content\/uploads\/2022\/04\/DSC_0447-300x200.jpg 300w, https:\/\/gazetaregionalna.com\/wp-content\/uploads\/2022\/04\/DSC_0447-768x512.jpg 768w, https:\/\/gazetaregionalna.com\/wp-content\/uploads\/2022\/04\/DSC_0447-1536x1024.jpg 1536w, https:\/\/gazetaregionalna.com\/wp-content\/uploads\/2022\/04\/DSC_0447-2048x1365.jpg 2048w, https:\/\/gazetaregionalna.com\/wp-content\/uploads\/2022\/04\/DSC_0447-696x464.jpg 696w, https:\/\/gazetaregionalna.com\/wp-content\/uploads\/2022\/04\/DSC_0447-1068x712.jpg 1068w, https:\/\/gazetaregionalna.com\/wp-content\/uploads\/2022\/04\/DSC_0447-1920x1280.jpg 1920w, https:\/\/gazetaregionalna.com\/wp-content\/uploads\/2022\/04\/DSC_0447-630x420.jpg 630w, https:\/\/gazetaregionalna.com\/wp-content\/uploads\/2022\/04\/DSC_0447-scaled.jpg 1600w\" data-sizes=\"(max-width: 1024px) 100vw, 1024px\" src=\"data:image\/svg+xml;base64,PHN2ZyB3aWR0aD0iMSIgaGVpZ2h0PSIxIiB4bWxucz0iaHR0cDovL3d3dy53My5vcmcvMjAwMC9zdmciPjwvc3ZnPg==\" style=\"--smush-placeholder-width: 1024px; --smush-placeholder-aspect-ratio: 1024\/683;\" \/><\/a><\/figure><\/li><\/ul><figcaption class=\"blocks-gallery-caption\">Konkurs &#8222;Otw\u00f3rz si\u0119 na zaw\u00f3d&#8221; (fot. ZST)<\/figcaption><\/figure>\n","protected":false},"excerpt":{"rendered":"<p>W \u015brod\u0119, 30 marca w Zespole Szk\u00f3\u0142 Technicznych odby\u0142a si\u0119 pierwsza edycja konkursu promuj\u0105cego szkolnictwo zawodowe \u201eOtw\u00f3rz si\u0119 na zaw\u00f3d\u201d. Konkurs zatytu\u0142owany &#8222;Otw\u00f3rz si\u0119<\/p>\n","protected":false},"author":18,"featured_media":75145,"comment_status":"closed","ping_status":"open","sticky":false,"template":"","format":"standard","meta":{"_monsterinsights_skip_tracking":false,"_monsterinsights_sitenote_active":false,"_monsterinsights_sitenote_note":"","_monsterinsights_sitenote_category":0,"_uf_show_specific_survey":0,"_uf_disable_surveys":false,"footnotes":""},"categories":[41,3,2],"tags":[89,1805],"class_list":["post-75142","post","type-post","status-publish","format-standard","has-post-thumbnail","hentry","category-edukacja","category-czestochowa-informacje","category-wiadomosci","tag-konkurs","tag-zespol-szkol-technicznych"],"_links":{"self":[{"href":"https:\/\/gazetaregionalna.com\/index.php?rest_route=\/wp\/v2\/posts\/75142","targetHints":{"allow":["GET"]}}],"collection":[{"href":"https:\/\/gazetaregionalna.com\/index.php?rest_route=\/wp\/v2\/posts"}],"about":[{"href":"https:\/\/gazetaregionalna.com\/index.php?rest_route=\/wp\/v2\/types\/post"}],"author":[{"embeddable":true,"href":"https:\/\/gazetaregionalna.com\/index.php?rest_route=\/wp\/v2\/users\/18"}],"replies":[{"embeddable":true,"href":"https:\/\/gazetaregionalna.com\/index.php?rest_route=%2Fwp%2Fv2%2Fcomments&post=75142"}],"version-history":[{"count":5,"href":"https:\/\/gazetaregionalna.com\/index.php?rest_route=\/wp\/v2\/posts\/75142\/revisions"}],"predecessor-version":[{"id":75155,"href":"https:\/\/gazetaregionalna.com\/index.php?rest_route=\/wp\/v2\/posts\/75142\/revisions\/75155"}],"wp:featuredmedia":[{"embeddable":true,"href":"https:\/\/gazetaregionalna.com\/index.php?rest_route=\/wp\/v2\/media\/75145"}],"wp:attachment":[{"href":"https:\/\/gazetaregionalna.com\/index.php?rest_route=%2Fwp%2Fv2%2Fmedia&parent=75142"}],"wp:term":[{"taxonomy":"category","embeddable":true,"href":"https:\/\/gazetaregionalna.com\/index.php?rest_route=%2Fwp%2Fv2%2Fcategories&post=75142"},{"taxonomy":"post_tag","embeddable":true,"href":"https:\/\/gazetaregionalna.com\/index.php?rest_route=%2Fwp%2Fv2%2Ftags&post=75142"}],"curies":[{"name":"wp","href":"https:\/\/api.w.org\/{rel}","templated":true}]}}