{"id":75084,"date":"2022-04-02T10:06:14","date_gmt":"2022-04-02T10:06:14","guid":{"rendered":"https:\/\/gazetaregionalna.com\/?p=75084"},"modified":"2022-04-02T10:06:15","modified_gmt":"2022-04-02T10:06:15","slug":"bartosz-smektala-wygral-2-przedsezonowy-turniej-tym-razem-o-korone-boleslawa-chrobrego-w-gnieznie","status":"publish","type":"post","link":"https:\/\/gazetaregionalna.com\/?p=75084","title":{"rendered":"Bartosz Smekta\u0142a wygra\u0142 2 przedsezonowy turniej! Tym razem o Koron\u0119 Boles\u0142awa Chrobrego w Gnie\u017anie"},"content":{"rendered":"\n<p>Z bardzo dobrej strony spisali si\u0119 \u017cu\u017clowcy zielona-energia.com W\u0142\u00f3kniarz podczas pi\u0105tkowego turnieju indywidualnego o Koron\u0119 Boles\u0142awa Chrobrego, kt\u00f3ry rozegrano tradycyjnie w Gnie\u017anie. Wygra\u0142 Bartosz Smekta\u0142a, a drugi by\u0142 Kacper Woryna.<\/p>\n\n\n\n<p>Cz\u0119stochowianie dobrze radzili sobie w rundzie zasadniczej. Smekta\u0142a wywalczy\u0142 10 punkt\u00f3w, a Woryna 9. \u017bu\u017clowcy zielona-energia.com W\u0142\u00f3kniarz awansowali do p\u00f3\u0142fina\u0142\u00f3w. Smekta\u0142a wygra\u0142 1 p\u00f3\u0142fina\u0142 i zameldowa\u0142 si\u0119 w wielkim finale. Do fina\u0142u awansowa\u0142 te\u017c Woryna, kt\u00f3ry przyjecha\u0142 drugi w 2. p\u00f3\u0142finale.<\/p>\n\n\n\n<p>Wielki fina\u0142 nale\u017ca\u0142 do cz\u0119stochowian. Wygra\u0142 Smekta\u0142a, a za jego plecami przyjecha\u0142 Woryna. Trzecie miejsc zaj\u0105\u0142 Matias Nielsen, a czwarte Oskar Fajfer.<\/p>\n\n\n\n<p>Dla Smekta\u0142y by\u0142o to ju\u017c drugie zwyci\u0119stwo w przedsezonowym turnieju. Przypomnijmy, \u017ce \u201eSmyku\u201d wygra\u0142 te\u017c Memoria\u0142 im. Alfreda Smoczyka w Lesznie.<\/p>\n\n\n\n<p><strong>Wyniki<\/strong><\/p>\n\n\n\n<p>1. Bartosz Smekta\u0142a (zielona-energia.com W\u0142\u00f3kniarz Cz\u0119stochowa) \u2013 16 (3,1,3,0,3,3,3) \u2013 1. miejsce w finale<\/p>\n\n\n\n<p>2. Kacper Woryna (zielona-energia.com W\u0142\u00f3kniarz Cz\u0119stochowa) \u2013 13 (1,2,2,3,1,2,2) \u2013 2. miejsce w finale<\/p>\n\n\n\n<p>3. Matias Nielsen (Arged Malesa Ostr\u00f3w) \u2013 11 (2,1,1,2,2,2,1) \u2013 3. miejsce w finale<\/p>\n\n\n\n<p>4. Oskar Fajfer (Aforti Start Gniezno) \u2013 16 (2,2,3,3,3,3,0) \u2013 4. miejsce w finale<\/p>\n\n\n\n<p>5. Michael Jepsen Jensen (Aforti Start Gniezno) \u2013 13 (3,3,2,1,3,1) \u2013 3. miejsce w p\u00f3\u0142finale<\/p>\n\n\n\n<p>6. Zbigniew Suchecki (Aforti Start Gniezno) \u2013 9 (2,0,1,3,2,1) \u2013 3. miejsce w p\u00f3\u0142finale<\/p>\n\n\n\n<p>7. Patryk Dudek (For Nature Solutions Apatora Toru\u0144) \u2013 14 (3,2,3,3,3,0) \u2013 4. miejsce w p\u00f3\u0142finale<\/p>\n\n\n\n<p>8. Przemys\u0142aw Pawlicki (ZOOleszcz GKM Grudzi\u0105dz) \u2013 7 (1,3,1,2,d,d) \u2013 defekt w p\u00f3\u0142finale<\/p>\n\n\n\n<p>9. Frederik Jakobsen (ZOOleszcz GKM Grudzi\u0105dz) \u2013 6 (0,3,0,1,2)<\/p>\n\n\n\n<p>10. Ernest Koza (Aforti Start Gniezno) \u2013 6 (3,1,2,u,0)<\/p>\n\n\n\n<p>11. Oliver Berntzon (Arged Malesa Ostr\u00f3w) \u2013 6 (1,d,3,d,2)<\/p>\n\n\n\n<p>12. Szymon Szlauderbach (Aforti Start Gniezno) \u2013 6 (1,3,1,0,1)<\/p>\n\n\n\n<p>13. Pawe\u0142 Przedpe\u0142ski (For Nature Solutions Apatora Toru\u0144) \u2013 6 (2,2,0,1,1)<\/p>\n\n\n\n<p>14. Philip Hellstroem-Baengs (Aforti Start Gniezno) \u2013 4 (0,1,0,2,1)<\/p>\n\n\n\n<p>15. Marcel Studzi\u0144ski (Aforti Start Gniezno) \u2013 3 (0,0,2,1,0)<\/p>\n\n\n\n<p>16. Kevin Fajfer (Aforti Start Gniezno) \u2013 2 (0,0,0,2,0)<\/p>\n\n\n\n<p>AK, foto: AK<\/p>\n\n\n\n<figure class=\"wp-block-image size-large\"><img decoding=\"async\" width=\"1024\" height=\"683\" data-src=\"https:\/\/gazetaregionalna.com\/wp-content\/uploads\/2022\/04\/CKM-Smektala-1024x683.jpg\" alt=\"\" class=\"wp-image-75085 lazyload\" data-srcset=\"https:\/\/gazetaregionalna.com\/wp-content\/uploads\/2022\/04\/CKM-Smektala-1024x683.jpg 1024w, https:\/\/gazetaregionalna.com\/wp-content\/uploads\/2022\/04\/CKM-Smektala-300x200.jpg 300w, https:\/\/gazetaregionalna.com\/wp-content\/uploads\/2022\/04\/CKM-Smektala-768x512.jpg 768w, https:\/\/gazetaregionalna.com\/wp-content\/uploads\/2022\/04\/CKM-Smektala-1536x1024.jpg 1536w, https:\/\/gazetaregionalna.com\/wp-content\/uploads\/2022\/04\/CKM-Smektala-2048x1365.jpg 2048w, https:\/\/gazetaregionalna.com\/wp-content\/uploads\/2022\/04\/CKM-Smektala-696x464.jpg 696w, https:\/\/gazetaregionalna.com\/wp-content\/uploads\/2022\/04\/CKM-Smektala-1068x712.jpg 1068w, https:\/\/gazetaregionalna.com\/wp-content\/uploads\/2022\/04\/CKM-Smektala-1920x1280.jpg 1920w, https:\/\/gazetaregionalna.com\/wp-content\/uploads\/2022\/04\/CKM-Smektala-630x420.jpg 630w, https:\/\/gazetaregionalna.com\/wp-content\/uploads\/2022\/04\/CKM-Smektala-scaled.jpg 1600w\" data-sizes=\"(max-width: 1024px) 100vw, 1024px\" src=\"data:image\/svg+xml;base64,PHN2ZyB3aWR0aD0iMSIgaGVpZ2h0PSIxIiB4bWxucz0iaHR0cDovL3d3dy53My5vcmcvMjAwMC9zdmciPjwvc3ZnPg==\" style=\"--smush-placeholder-width: 1024px; --smush-placeholder-aspect-ratio: 1024\/683;\" \/><\/figure>\n\n\n\n<figure class=\"wp-block-image size-large\"><img decoding=\"async\" width=\"300\" height=\"250\" data-src=\"https:\/\/gazetaregionalna.com\/wp-content\/uploads\/2021\/10\/DMKInvest2.jpg\" alt=\"\" class=\"wp-image-58380 lazyload\" src=\"data:image\/svg+xml;base64,PHN2ZyB3aWR0aD0iMSIgaGVpZ2h0PSIxIiB4bWxucz0iaHR0cDovL3d3dy53My5vcmcvMjAwMC9zdmciPjwvc3ZnPg==\" style=\"--smush-placeholder-width: 300px; --smush-placeholder-aspect-ratio: 300\/250;\"><\/figure>\n\n\n\n<figure class=\"wp-block-image size-large\"><img decoding=\"async\" width=\"1024\" height=\"683\" data-src=\"https:\/\/gazetaregionalna.com\/wp-content\/uploads\/2022\/03\/CKM-Wilki-22-1024x683.jpg\" alt=\"\" class=\"wp-image-74622 lazyload\" data-srcset=\"https:\/\/gazetaregionalna.com\/wp-content\/uploads\/2022\/03\/CKM-Wilki-22-1024x683.jpg 1024w, https:\/\/gazetaregionalna.com\/wp-content\/uploads\/2022\/03\/CKM-Wilki-22-300x200.jpg 300w, https:\/\/gazetaregionalna.com\/wp-content\/uploads\/2022\/03\/CKM-Wilki-22-768x512.jpg 768w, https:\/\/gazetaregionalna.com\/wp-content\/uploads\/2022\/03\/CKM-Wilki-22-1536x1024.jpg 1536w, https:\/\/gazetaregionalna.com\/wp-content\/uploads\/2022\/03\/CKM-Wilki-22-2048x1365.jpg 2048w, https:\/\/gazetaregionalna.com\/wp-content\/uploads\/2022\/03\/CKM-Wilki-22-696x464.jpg 696w, https:\/\/gazetaregionalna.com\/wp-content\/uploads\/2022\/03\/CKM-Wilki-22-1068x712.jpg 1068w, https:\/\/gazetaregionalna.com\/wp-content\/uploads\/2022\/03\/CKM-Wilki-22-1920x1280.jpg 1920w, https:\/\/gazetaregionalna.com\/wp-content\/uploads\/2022\/03\/CKM-Wilki-22-630x420.jpg 630w, https:\/\/gazetaregionalna.com\/wp-content\/uploads\/2022\/03\/CKM-Wilki-22-scaled.jpg 1600w\" data-sizes=\"(max-width: 1024px) 100vw, 1024px\" src=\"data:image\/svg+xml;base64,PHN2ZyB3aWR0aD0iMSIgaGVpZ2h0PSIxIiB4bWxucz0iaHR0cDovL3d3dy53My5vcmcvMjAwMC9zdmciPjwvc3ZnPg==\" style=\"--smush-placeholder-width: 1024px; --smush-placeholder-aspect-ratio: 1024\/683;\" \/><\/figure>\n","protected":false},"excerpt":{"rendered":"<p>Z bardzo dobrej strony spisali si\u0119 \u017cu\u017clowcy zielona-energia.com W\u0142\u00f3kniarz podczas pi\u0105tkowego turnieju indywidualnego o Koron\u0119 Boles\u0142awa Chrobrego, kt\u00f3ry rozegrano tradycyjnie w Gnie\u017anie. Wygra\u0142 Bartosz<\/p>\n","protected":false},"author":15,"featured_media":75085,"comment_status":"closed","ping_status":"open","sticky":false,"template":"","format":"standard","meta":{"_monsterinsights_skip_tracking":false,"_monsterinsights_sitenote_active":false,"_monsterinsights_sitenote_note":"","_monsterinsights_sitenote_category":0,"_uf_show_specific_survey":0,"_uf_disable_surveys":false,"footnotes":""},"categories":[5,7],"tags":[],"class_list":["post-75084","post","type-post","status-publish","format-standard","has-post-thumbnail","hentry","category-sport","category-zuzel"],"_links":{"self":[{"href":"https:\/\/gazetaregionalna.com\/index.php?rest_route=\/wp\/v2\/posts\/75084","targetHints":{"allow":["GET"]}}],"collection":[{"href":"https:\/\/gazetaregionalna.com\/index.php?rest_route=\/wp\/v2\/posts"}],"about":[{"href":"https:\/\/gazetaregionalna.com\/index.php?rest_route=\/wp\/v2\/types\/post"}],"author":[{"embeddable":true,"href":"https:\/\/gazetaregionalna.com\/index.php?rest_route=\/wp\/v2\/users\/15"}],"replies":[{"embeddable":true,"href":"https:\/\/gazetaregionalna.com\/index.php?rest_route=%2Fwp%2Fv2%2Fcomments&post=75084"}],"version-history":[{"count":1,"href":"https:\/\/gazetaregionalna.com\/index.php?rest_route=\/wp\/v2\/posts\/75084\/revisions"}],"predecessor-version":[{"id":75086,"href":"https:\/\/gazetaregionalna.com\/index.php?rest_route=\/wp\/v2\/posts\/75084\/revisions\/75086"}],"wp:featuredmedia":[{"embeddable":true,"href":"https:\/\/gazetaregionalna.com\/index.php?rest_route=\/wp\/v2\/media\/75085"}],"wp:attachment":[{"href":"https:\/\/gazetaregionalna.com\/index.php?rest_route=%2Fwp%2Fv2%2Fmedia&parent=75084"}],"wp:term":[{"taxonomy":"category","embeddable":true,"href":"https:\/\/gazetaregionalna.com\/index.php?rest_route=%2Fwp%2Fv2%2Fcategories&post=75084"},{"taxonomy":"post_tag","embeddable":true,"href":"https:\/\/gazetaregionalna.com\/index.php?rest_route=%2Fwp%2Fv2%2Ftags&post=75084"}],"curies":[{"name":"wp","href":"https:\/\/api.w.org\/{rel}","templated":true}]}}