{"id":75054,"date":"2022-04-01T14:07:31","date_gmt":"2022-04-01T14:07:31","guid":{"rendered":"https:\/\/gazetaregionalna.com\/?p=75054"},"modified":"2022-04-01T14:07:33","modified_gmt":"2022-04-01T14:07:33","slug":"leon-madsen-i-jakub-miskowiak-powalcza-w-sobote-w-finale-pge-imme","status":"publish","type":"post","link":"https:\/\/gazetaregionalna.com\/?p=75054","title":{"rendered":"Leon Madsen i Jakub Mi\u015bkowiak powalcz\u0105 w sobot\u0119 w finale PGE IMME"},"content":{"rendered":"\n<p>Dw\u00f3ch \u017cu\u017clowc\u00f3w zielona-energia.com W\u0142\u00f3kniarz \u015bciga\u0107 si\u0119 b\u0119dzie w sobot\u0119 na toru\u0144skiej MotoArenie w finale Indywidualnych Mi\u0119dzynarodowych Mistrzostw Ekstraligi. To wa\u017cny sprawdzian przed rozpoczynaj\u0105cymi si\u0119 8 kwietnia rozgrywkami w PGE Ekstralidze.<\/p>\n\n\n\n<p>Kibice w Cz\u0119stochowie b\u0119d\u0105 trzyma\u0107 kciuki za Leona Madsena i Jakuba Mi\u015bkowiaka, kt\u00f3rzy znale\u017ali si\u0119 na li\u015bcie startowej fina\u0142u PGE IMME.<\/p>\n\n\n\n<p>G\u0142\u00f3wnym faworytem imprezy b\u0119dzie Bartosz Zmarzlik ze Stali Gorz\u00f3w. Gro\u017ani mog\u0105 by\u0107 te\u017c reprezentanci gospodarzy: Robert Lambert, Jack Holder oraz pozyskany przed sezonem z Falubazu Zielona G\u00f3ra Patryk Dudek.<\/p>\n\n\n\n<p>Tytu\u0142 mistrza IMME z 2021 roku broni Jason Doyle.<\/p>\n\n\n\n<p><strong>Lista startowa PGE IMME im. Zenona Plecha 2022:<\/strong><\/p>\n\n\n\n<p>1. Martin Vaculik (MOJE BERMUDY STAL Gorz\u00f3w Wlkp.)<\/p>\n\n\n\n<p>2. Maciej Janowski (BETARD SPARTA Wroc\u0142aw)<\/p>\n\n\n\n<p>3. Robert Lambert (APATOR Toru\u0144)<\/p>\n\n\n\n<p>4. Wiktor Lampart (MOTOR Lublin)<\/p>\n\n\n\n<p>5. Jakub Mi\u015bkowiak (ZIELONA-ENERGIA.COM W\u0141\u00d3KNIARZ Cz\u0119stochowa)<\/p>\n\n\n\n<p>6. Leon Madsen (ZIELONA-ENERGIA.COM W\u0141\u00d3KNIARZ Cz\u0119stochowa)<\/p>\n\n\n\n<p>7. Bartosz Zmarzlik (MOJE BERMUDY STAL Gorz\u00f3w Wlkp.)<\/p>\n\n\n\n<p>8. Patryk Dudek (APATOR Toru\u0144)<\/p>\n\n\n\n<p>9. Tai Woffinden (BETARD SPARTA Wroc\u0142aw)<\/p>\n\n\n\n<p>10. Dominik Kubera (MOTOR Lublin)<\/p>\n\n\n\n<p>11. Janusz Ko\u0142odziej (FOGO UNIA Leszno)<\/p>\n\n\n\n<p>12. Jack Holder (APATOR Toru\u0144)<\/p>\n\n\n\n<p>13. Mikkel Michelsen (MOTOR Lublin)<\/p>\n\n\n\n<p>14. Pawe\u0142 Przedpe\u0142ski (APATOR Toru\u0144)<\/p>\n\n\n\n<p>15. Nicki Pedersen (ZOOLESZCZ GKM Grudzi\u0105dz)<\/p>\n\n\n\n<p>16. Jason Doyle (FOGO UNIA Leszno)<\/p>\n\n\n\n<p>AK, foto: AK<\/p>\n\n\n\n<figure class=\"wp-block-image size-large\"><img decoding=\"async\" width=\"1024\" height=\"683\" data-src=\"https:\/\/gazetaregionalna.com\/wp-content\/uploads\/2022\/03\/CKM-Wilki-53-1024x683.jpg\" alt=\"\" class=\"wp-image-74650 lazyload\" data-srcset=\"https:\/\/gazetaregionalna.com\/wp-content\/uploads\/2022\/03\/CKM-Wilki-53-1024x683.jpg 1024w, https:\/\/gazetaregionalna.com\/wp-content\/uploads\/2022\/03\/CKM-Wilki-53-300x200.jpg 300w, https:\/\/gazetaregionalna.com\/wp-content\/uploads\/2022\/03\/CKM-Wilki-53-768x512.jpg 768w, https:\/\/gazetaregionalna.com\/wp-content\/uploads\/2022\/03\/CKM-Wilki-53-1536x1024.jpg 1536w, https:\/\/gazetaregionalna.com\/wp-content\/uploads\/2022\/03\/CKM-Wilki-53-2048x1365.jpg 2048w, https:\/\/gazetaregionalna.com\/wp-content\/uploads\/2022\/03\/CKM-Wilki-53-696x464.jpg 696w, https:\/\/gazetaregionalna.com\/wp-content\/uploads\/2022\/03\/CKM-Wilki-53-1068x712.jpg 1068w, https:\/\/gazetaregionalna.com\/wp-content\/uploads\/2022\/03\/CKM-Wilki-53-1920x1280.jpg 1920w, https:\/\/gazetaregionalna.com\/wp-content\/uploads\/2022\/03\/CKM-Wilki-53-630x420.jpg 630w, https:\/\/gazetaregionalna.com\/wp-content\/uploads\/2022\/03\/CKM-Wilki-53-scaled.jpg 1600w\" data-sizes=\"(max-width: 1024px) 100vw, 1024px\" src=\"data:image\/svg+xml;base64,PHN2ZyB3aWR0aD0iMSIgaGVpZ2h0PSIxIiB4bWxucz0iaHR0cDovL3d3dy53My5vcmcvMjAwMC9zdmciPjwvc3ZnPg==\" style=\"--smush-placeholder-width: 1024px; --smush-placeholder-aspect-ratio: 1024\/683;\" \/><\/figure>\n\n\n\n<figure class=\"wp-block-image size-large\"><img decoding=\"async\" width=\"1024\" height=\"683\" data-src=\"https:\/\/gazetaregionalna.com\/wp-content\/uploads\/2022\/03\/CKM-Wilki-48-1024x683.jpg\" alt=\"\" class=\"wp-image-74646 lazyload\" data-srcset=\"https:\/\/gazetaregionalna.com\/wp-content\/uploads\/2022\/03\/CKM-Wilki-48-1024x683.jpg 1024w, https:\/\/gazetaregionalna.com\/wp-content\/uploads\/2022\/03\/CKM-Wilki-48-300x200.jpg 300w, https:\/\/gazetaregionalna.com\/wp-content\/uploads\/2022\/03\/CKM-Wilki-48-768x512.jpg 768w, https:\/\/gazetaregionalna.com\/wp-content\/uploads\/2022\/03\/CKM-Wilki-48-1536x1024.jpg 1536w, https:\/\/gazetaregionalna.com\/wp-content\/uploads\/2022\/03\/CKM-Wilki-48-2048x1365.jpg 2048w, https:\/\/gazetaregionalna.com\/wp-content\/uploads\/2022\/03\/CKM-Wilki-48-696x464.jpg 696w, https:\/\/gazetaregionalna.com\/wp-content\/uploads\/2022\/03\/CKM-Wilki-48-1068x712.jpg 1068w, https:\/\/gazetaregionalna.com\/wp-content\/uploads\/2022\/03\/CKM-Wilki-48-1920x1280.jpg 1920w, https:\/\/gazetaregionalna.com\/wp-content\/uploads\/2022\/03\/CKM-Wilki-48-630x420.jpg 630w, https:\/\/gazetaregionalna.com\/wp-content\/uploads\/2022\/03\/CKM-Wilki-48-scaled.jpg 1600w\" data-sizes=\"(max-width: 1024px) 100vw, 1024px\" src=\"data:image\/svg+xml;base64,PHN2ZyB3aWR0aD0iMSIgaGVpZ2h0PSIxIiB4bWxucz0iaHR0cDovL3d3dy53My5vcmcvMjAwMC9zdmciPjwvc3ZnPg==\" style=\"--smush-placeholder-width: 1024px; --smush-placeholder-aspect-ratio: 1024\/683;\" \/><\/figure>\n\n\n\n<figure class=\"wp-block-image size-large\"><img decoding=\"async\" width=\"1024\" height=\"683\" data-src=\"https:\/\/gazetaregionalna.com\/wp-content\/uploads\/2022\/03\/CKM-Wilki-5-1024x683.jpg\" alt=\"\" class=\"wp-image-74605 lazyload\" data-srcset=\"https:\/\/gazetaregionalna.com\/wp-content\/uploads\/2022\/03\/CKM-Wilki-5-1024x683.jpg 1024w, https:\/\/gazetaregionalna.com\/wp-content\/uploads\/2022\/03\/CKM-Wilki-5-300x200.jpg 300w, https:\/\/gazetaregionalna.com\/wp-content\/uploads\/2022\/03\/CKM-Wilki-5-768x512.jpg 768w, https:\/\/gazetaregionalna.com\/wp-content\/uploads\/2022\/03\/CKM-Wilki-5-1536x1024.jpg 1536w, https:\/\/gazetaregionalna.com\/wp-content\/uploads\/2022\/03\/CKM-Wilki-5-2048x1365.jpg 2048w, https:\/\/gazetaregionalna.com\/wp-content\/uploads\/2022\/03\/CKM-Wilki-5-696x464.jpg 696w, https:\/\/gazetaregionalna.com\/wp-content\/uploads\/2022\/03\/CKM-Wilki-5-1068x712.jpg 1068w, https:\/\/gazetaregionalna.com\/wp-content\/uploads\/2022\/03\/CKM-Wilki-5-1920x1280.jpg 1920w, https:\/\/gazetaregionalna.com\/wp-content\/uploads\/2022\/03\/CKM-Wilki-5-630x420.jpg 630w, https:\/\/gazetaregionalna.com\/wp-content\/uploads\/2022\/03\/CKM-Wilki-5-scaled.jpg 1600w\" data-sizes=\"(max-width: 1024px) 100vw, 1024px\" src=\"data:image\/svg+xml;base64,PHN2ZyB3aWR0aD0iMSIgaGVpZ2h0PSIxIiB4bWxucz0iaHR0cDovL3d3dy53My5vcmcvMjAwMC9zdmciPjwvc3ZnPg==\" style=\"--smush-placeholder-width: 1024px; --smush-placeholder-aspect-ratio: 1024\/683;\" \/><\/figure>\n\n\n\n<figure class=\"wp-block-image size-large\"><img decoding=\"async\" width=\"1024\" height=\"683\" data-src=\"https:\/\/gazetaregionalna.com\/wp-content\/uploads\/2022\/03\/CKM-WIlki-55-1024x683.jpg\" alt=\"\" class=\"wp-image-74652 lazyload\" data-srcset=\"https:\/\/gazetaregionalna.com\/wp-content\/uploads\/2022\/03\/CKM-WIlki-55-1024x683.jpg 1024w, https:\/\/gazetaregionalna.com\/wp-content\/uploads\/2022\/03\/CKM-WIlki-55-300x200.jpg 300w, https:\/\/gazetaregionalna.com\/wp-content\/uploads\/2022\/03\/CKM-WIlki-55-768x512.jpg 768w, https:\/\/gazetaregionalna.com\/wp-content\/uploads\/2022\/03\/CKM-WIlki-55-1536x1024.jpg 1536w, https:\/\/gazetaregionalna.com\/wp-content\/uploads\/2022\/03\/CKM-WIlki-55-2048x1365.jpg 2048w, https:\/\/gazetaregionalna.com\/wp-content\/uploads\/2022\/03\/CKM-WIlki-55-696x464.jpg 696w, https:\/\/gazetaregionalna.com\/wp-content\/uploads\/2022\/03\/CKM-WIlki-55-1068x712.jpg 1068w, https:\/\/gazetaregionalna.com\/wp-content\/uploads\/2022\/03\/CKM-WIlki-55-1920x1280.jpg 1920w, https:\/\/gazetaregionalna.com\/wp-content\/uploads\/2022\/03\/CKM-WIlki-55-630x420.jpg 630w, https:\/\/gazetaregionalna.com\/wp-content\/uploads\/2022\/03\/CKM-WIlki-55-scaled.jpg 1600w\" data-sizes=\"(max-width: 1024px) 100vw, 1024px\" src=\"data:image\/svg+xml;base64,PHN2ZyB3aWR0aD0iMSIgaGVpZ2h0PSIxIiB4bWxucz0iaHR0cDovL3d3dy53My5vcmcvMjAwMC9zdmciPjwvc3ZnPg==\" style=\"--smush-placeholder-width: 1024px; --smush-placeholder-aspect-ratio: 1024\/683;\" \/><\/figure>\n\n\n\n<figure class=\"wp-block-image size-large\"><img decoding=\"async\" width=\"300\" height=\"250\" data-src=\"https:\/\/gazetaregionalna.com\/wp-content\/uploads\/2021\/10\/DMKInvest2.jpg\" alt=\"\" class=\"wp-image-58380 lazyload\" src=\"data:image\/svg+xml;base64,PHN2ZyB3aWR0aD0iMSIgaGVpZ2h0PSIxIiB4bWxucz0iaHR0cDovL3d3dy53My5vcmcvMjAwMC9zdmciPjwvc3ZnPg==\" style=\"--smush-placeholder-width: 300px; --smush-placeholder-aspect-ratio: 300\/250;\"><\/figure>\n\n\n\n<figure class=\"wp-block-image size-large\"><img decoding=\"async\" width=\"1024\" height=\"683\" data-src=\"https:\/\/gazetaregionalna.com\/wp-content\/uploads\/2022\/03\/CKM-Wilki-1-1024x683.jpg\" alt=\"\" class=\"wp-image-74601 lazyload\" data-srcset=\"https:\/\/gazetaregionalna.com\/wp-content\/uploads\/2022\/03\/CKM-Wilki-1-1024x683.jpg 1024w, https:\/\/gazetaregionalna.com\/wp-content\/uploads\/2022\/03\/CKM-Wilki-1-300x200.jpg 300w, https:\/\/gazetaregionalna.com\/wp-content\/uploads\/2022\/03\/CKM-Wilki-1-768x512.jpg 768w, https:\/\/gazetaregionalna.com\/wp-content\/uploads\/2022\/03\/CKM-Wilki-1-1536x1024.jpg 1536w, https:\/\/gazetaregionalna.com\/wp-content\/uploads\/2022\/03\/CKM-Wilki-1-2048x1366.jpg 2048w, https:\/\/gazetaregionalna.com\/wp-content\/uploads\/2022\/03\/CKM-Wilki-1-696x464.jpg 696w, https:\/\/gazetaregionalna.com\/wp-content\/uploads\/2022\/03\/CKM-Wilki-1-1068x712.jpg 1068w, https:\/\/gazetaregionalna.com\/wp-content\/uploads\/2022\/03\/CKM-Wilki-1-1920x1280.jpg 1920w, https:\/\/gazetaregionalna.com\/wp-content\/uploads\/2022\/03\/CKM-Wilki-1-630x420.jpg 630w, https:\/\/gazetaregionalna.com\/wp-content\/uploads\/2022\/03\/CKM-Wilki-1-scaled.jpg 1600w\" data-sizes=\"(max-width: 1024px) 100vw, 1024px\" src=\"data:image\/svg+xml;base64,PHN2ZyB3aWR0aD0iMSIgaGVpZ2h0PSIxIiB4bWxucz0iaHR0cDovL3d3dy53My5vcmcvMjAwMC9zdmciPjwvc3ZnPg==\" style=\"--smush-placeholder-width: 1024px; --smush-placeholder-aspect-ratio: 1024\/683;\" \/><\/figure>\n","protected":false},"excerpt":{"rendered":"<p>Dw\u00f3ch \u017cu\u017clowc\u00f3w zielona-energia.com W\u0142\u00f3kniarz \u015bciga\u0107 si\u0119 b\u0119dzie w sobot\u0119 na toru\u0144skiej MotoArenie w finale Indywidualnych Mi\u0119dzynarodowych Mistrzostw Ekstraligi. To wa\u017cny sprawdzian przed rozpoczynaj\u0105cymi si\u0119<\/p>\n","protected":false},"author":15,"featured_media":74616,"comment_status":"closed","ping_status":"open","sticky":false,"template":"","format":"standard","meta":{"_monsterinsights_skip_tracking":false,"_monsterinsights_sitenote_active":false,"_monsterinsights_sitenote_note":"","_monsterinsights_sitenote_category":0,"_uf_show_specific_survey":0,"_uf_disable_surveys":false,"footnotes":""},"categories":[5,7],"tags":[],"class_list":["post-75054","post","type-post","status-publish","format-standard","has-post-thumbnail","hentry","category-sport","category-zuzel"],"_links":{"self":[{"href":"https:\/\/gazetaregionalna.com\/index.php?rest_route=\/wp\/v2\/posts\/75054","targetHints":{"allow":["GET"]}}],"collection":[{"href":"https:\/\/gazetaregionalna.com\/index.php?rest_route=\/wp\/v2\/posts"}],"about":[{"href":"https:\/\/gazetaregionalna.com\/index.php?rest_route=\/wp\/v2\/types\/post"}],"author":[{"embeddable":true,"href":"https:\/\/gazetaregionalna.com\/index.php?rest_route=\/wp\/v2\/users\/15"}],"replies":[{"embeddable":true,"href":"https:\/\/gazetaregionalna.com\/index.php?rest_route=%2Fwp%2Fv2%2Fcomments&post=75054"}],"version-history":[{"count":1,"href":"https:\/\/gazetaregionalna.com\/index.php?rest_route=\/wp\/v2\/posts\/75054\/revisions"}],"predecessor-version":[{"id":75056,"href":"https:\/\/gazetaregionalna.com\/index.php?rest_route=\/wp\/v2\/posts\/75054\/revisions\/75056"}],"wp:featuredmedia":[{"embeddable":true,"href":"https:\/\/gazetaregionalna.com\/index.php?rest_route=\/wp\/v2\/media\/74616"}],"wp:attachment":[{"href":"https:\/\/gazetaregionalna.com\/index.php?rest_route=%2Fwp%2Fv2%2Fmedia&parent=75054"}],"wp:term":[{"taxonomy":"category","embeddable":true,"href":"https:\/\/gazetaregionalna.com\/index.php?rest_route=%2Fwp%2Fv2%2Fcategories&post=75054"},{"taxonomy":"post_tag","embeddable":true,"href":"https:\/\/gazetaregionalna.com\/index.php?rest_route=%2Fwp%2Fv2%2Ftags&post=75054"}],"curies":[{"name":"wp","href":"https:\/\/api.w.org\/{rel}","templated":true}]}}