{"id":75048,"date":"2022-04-01T13:44:12","date_gmt":"2022-04-01T13:44:12","guid":{"rendered":"https:\/\/gazetaregionalna.com\/?p=75048"},"modified":"2022-04-01T13:44:13","modified_gmt":"2022-04-01T13:44:13","slug":"siatkarze-azs-czestochowa-zagraja-w-hali-polonia-z-czarnymi-rzasnia","status":"publish","type":"post","link":"https:\/\/gazetaregionalna.com\/?p=75048","title":{"rendered":"Siatkarze AZS Cz\u0119stochowa zagraj\u0105 w Hali Polonia z Czarnymi Rz\u0105\u015bnia"},"content":{"rendered":"\n<p>Dwie kolejki pozosta\u0142y siatkarzom AZS Cz\u0119stochowa to zako\u0144czenia rundy zasadniczej w 2 lidze. W sobot\u0119 w Hali Polonia cz\u0119stochowianie podejmowa\u0107 b\u0119d\u0105 Czarnych Rz\u0105\u015bnia. &#8211; Chcemy zrewan\u017cowa\u0107 si\u0119 za pora\u017ck\u0119 w Rz\u0105\u015bni \u2013 m\u00f3wi prezes AZS Cz\u0119stochowa Adam St\u0119pniak.<\/p>\n\n\n\n<p>Runda zasadnicza w 2 lidze m\u0119\u017cczyzn wychodzi na ostatni\u0105 prost\u0105. Siatkarze AZS Cz\u0119stochowa maj\u0105 jeszcze do rozegrania dwa mecze. W sobot\u0119 w Cz\u0119stochowie podejmowa\u0107 b\u0119d\u0105 Czarnych Rz\u0105\u015bnia, a 9 kwietnia w Miliczu zmierz\u0105 si\u0119 z MUKS Ziemia Milicka i zako\u0144cz\u0105 rund\u0119 zasadnicz\u0105. Bez wzgl\u0119du na wyniki w dw\u00f3ch ostatnich spotkaniach cz\u0119stochowianie zagwarantowali ju\u017c sobie udzia\u0142 w turniejach bara\u017cowych o awans do Tauron 1 Ligi.<\/p>\n\n\n\n<p>Siatkarze AZS Cz\u0119stochowa przegrali w Rz\u0105\u015bni z Czarnymi. &#8211; Chcemy zrewan\u017cowa\u0107 si\u0119 za pora\u017ck\u0119 w Rz\u0105\u015bni &#8211; m\u00f3wi przed sobotnim meczem prezes AZS Cz\u0119stochowa Adam St\u0119pniak.<\/p>\n\n\n\n<p>Sobotni mecz w Hali Polonia zaplanowano o godz. 18.<\/p>\n\n\n\n<p>AK, foto: AK<\/p>\n\n\n\n<figure class=\"wp-block-image size-large\"><img decoding=\"async\" width=\"1024\" height=\"683\" data-src=\"https:\/\/gazetaregionalna.com\/wp-content\/uploads\/2022\/02\/AZS-IM-11-1024x683.jpg\" alt=\"\" class=\"wp-image-71330 lazyload\" data-srcset=\"https:\/\/gazetaregionalna.com\/wp-content\/uploads\/2022\/02\/AZS-IM-11-1024x683.jpg 1024w, https:\/\/gazetaregionalna.com\/wp-content\/uploads\/2022\/02\/AZS-IM-11-300x200.jpg 300w, https:\/\/gazetaregionalna.com\/wp-content\/uploads\/2022\/02\/AZS-IM-11-768x512.jpg 768w, https:\/\/gazetaregionalna.com\/wp-content\/uploads\/2022\/02\/AZS-IM-11-1536x1024.jpg 1536w, https:\/\/gazetaregionalna.com\/wp-content\/uploads\/2022\/02\/AZS-IM-11-2048x1365.jpg 2048w, https:\/\/gazetaregionalna.com\/wp-content\/uploads\/2022\/02\/AZS-IM-11-696x464.jpg 696w, https:\/\/gazetaregionalna.com\/wp-content\/uploads\/2022\/02\/AZS-IM-11-1068x712.jpg 1068w, https:\/\/gazetaregionalna.com\/wp-content\/uploads\/2022\/02\/AZS-IM-11-1920x1280.jpg 1920w, https:\/\/gazetaregionalna.com\/wp-content\/uploads\/2022\/02\/AZS-IM-11-630x420.jpg 630w, https:\/\/gazetaregionalna.com\/wp-content\/uploads\/2022\/02\/AZS-IM-11-scaled.jpg 1600w\" data-sizes=\"(max-width: 1024px) 100vw, 1024px\" src=\"data:image\/svg+xml;base64,PHN2ZyB3aWR0aD0iMSIgaGVpZ2h0PSIxIiB4bWxucz0iaHR0cDovL3d3dy53My5vcmcvMjAwMC9zdmciPjwvc3ZnPg==\" style=\"--smush-placeholder-width: 1024px; --smush-placeholder-aspect-ratio: 1024\/683;\" \/><\/figure>\n\n\n\n<figure class=\"wp-block-image size-large\"><img decoding=\"async\" width=\"1024\" height=\"683\" data-src=\"https:\/\/gazetaregionalna.com\/wp-content\/uploads\/2022\/02\/AZS-IM-1-1024x683.jpg\" alt=\"\" class=\"wp-image-71327 lazyload\" data-srcset=\"https:\/\/gazetaregionalna.com\/wp-content\/uploads\/2022\/02\/AZS-IM-1-1024x683.jpg 1024w, https:\/\/gazetaregionalna.com\/wp-content\/uploads\/2022\/02\/AZS-IM-1-300x200.jpg 300w, https:\/\/gazetaregionalna.com\/wp-content\/uploads\/2022\/02\/AZS-IM-1-768x512.jpg 768w, https:\/\/gazetaregionalna.com\/wp-content\/uploads\/2022\/02\/AZS-IM-1-1536x1024.jpg 1536w, https:\/\/gazetaregionalna.com\/wp-content\/uploads\/2022\/02\/AZS-IM-1-2048x1365.jpg 2048w, https:\/\/gazetaregionalna.com\/wp-content\/uploads\/2022\/02\/AZS-IM-1-696x464.jpg 696w, https:\/\/gazetaregionalna.com\/wp-content\/uploads\/2022\/02\/AZS-IM-1-1068x712.jpg 1068w, https:\/\/gazetaregionalna.com\/wp-content\/uploads\/2022\/02\/AZS-IM-1-1920x1280.jpg 1920w, https:\/\/gazetaregionalna.com\/wp-content\/uploads\/2022\/02\/AZS-IM-1-630x420.jpg 630w, https:\/\/gazetaregionalna.com\/wp-content\/uploads\/2022\/02\/AZS-IM-1-scaled.jpg 1600w\" data-sizes=\"(max-width: 1024px) 100vw, 1024px\" src=\"data:image\/svg+xml;base64,PHN2ZyB3aWR0aD0iMSIgaGVpZ2h0PSIxIiB4bWxucz0iaHR0cDovL3d3dy53My5vcmcvMjAwMC9zdmciPjwvc3ZnPg==\" style=\"--smush-placeholder-width: 1024px; --smush-placeholder-aspect-ratio: 1024\/683;\" \/><\/figure>\n\n\n\n<figure class=\"wp-block-image size-large\"><img decoding=\"async\" width=\"300\" height=\"250\" data-src=\"https:\/\/gazetaregionalna.com\/wp-content\/uploads\/2021\/10\/DMKInvest2.jpg\" alt=\"\" class=\"wp-image-58380 lazyload\" src=\"data:image\/svg+xml;base64,PHN2ZyB3aWR0aD0iMSIgaGVpZ2h0PSIxIiB4bWxucz0iaHR0cDovL3d3dy53My5vcmcvMjAwMC9zdmciPjwvc3ZnPg==\" style=\"--smush-placeholder-width: 300px; --smush-placeholder-aspect-ratio: 300\/250;\"><\/figure>\n\n\n\n<figure class=\"wp-block-image size-large\"><img decoding=\"async\" width=\"1024\" height=\"683\" data-src=\"https:\/\/gazetaregionalna.com\/wp-content\/uploads\/2022\/02\/AZS-IM-00-1024x683.jpg\" alt=\"\" class=\"wp-image-71325 lazyload\" data-srcset=\"https:\/\/gazetaregionalna.com\/wp-content\/uploads\/2022\/02\/AZS-IM-00-1024x683.jpg 1024w, https:\/\/gazetaregionalna.com\/wp-content\/uploads\/2022\/02\/AZS-IM-00-300x200.jpg 300w, https:\/\/gazetaregionalna.com\/wp-content\/uploads\/2022\/02\/AZS-IM-00-768x512.jpg 768w, https:\/\/gazetaregionalna.com\/wp-content\/uploads\/2022\/02\/AZS-IM-00-1536x1024.jpg 1536w, https:\/\/gazetaregionalna.com\/wp-content\/uploads\/2022\/02\/AZS-IM-00-2048x1366.jpg 2048w, https:\/\/gazetaregionalna.com\/wp-content\/uploads\/2022\/02\/AZS-IM-00-696x464.jpg 696w, https:\/\/gazetaregionalna.com\/wp-content\/uploads\/2022\/02\/AZS-IM-00-1068x712.jpg 1068w, https:\/\/gazetaregionalna.com\/wp-content\/uploads\/2022\/02\/AZS-IM-00-1920x1280.jpg 1920w, https:\/\/gazetaregionalna.com\/wp-content\/uploads\/2022\/02\/AZS-IM-00-630x420.jpg 630w, https:\/\/gazetaregionalna.com\/wp-content\/uploads\/2022\/02\/AZS-IM-00-scaled.jpg 1600w\" data-sizes=\"(max-width: 1024px) 100vw, 1024px\" src=\"data:image\/svg+xml;base64,PHN2ZyB3aWR0aD0iMSIgaGVpZ2h0PSIxIiB4bWxucz0iaHR0cDovL3d3dy53My5vcmcvMjAwMC9zdmciPjwvc3ZnPg==\" style=\"--smush-placeholder-width: 1024px; --smush-placeholder-aspect-ratio: 1024\/683;\" \/><\/figure>\n","protected":false},"excerpt":{"rendered":"<p>Dwie kolejki pozosta\u0142y siatkarzom AZS Cz\u0119stochowa to zako\u0144czenia rundy zasadniczej w 2 lidze. W sobot\u0119 w Hali Polonia cz\u0119stochowianie podejmowa\u0107 b\u0119d\u0105 Czarnych Rz\u0105\u015bnia. &#8211;<\/p>\n","protected":false},"author":15,"featured_media":71327,"comment_status":"closed","ping_status":"open","sticky":false,"template":"","format":"standard","meta":{"_monsterinsights_skip_tracking":false,"_monsterinsights_sitenote_active":false,"_monsterinsights_sitenote_note":"","_monsterinsights_sitenote_category":0,"_uf_show_specific_survey":0,"_uf_disable_surveys":false,"footnotes":""},"categories":[5,8],"tags":[],"class_list":["post-75048","post","type-post","status-publish","format-standard","has-post-thumbnail","hentry","category-sport","category-siatkowka"],"_links":{"self":[{"href":"https:\/\/gazetaregionalna.com\/index.php?rest_route=\/wp\/v2\/posts\/75048","targetHints":{"allow":["GET"]}}],"collection":[{"href":"https:\/\/gazetaregionalna.com\/index.php?rest_route=\/wp\/v2\/posts"}],"about":[{"href":"https:\/\/gazetaregionalna.com\/index.php?rest_route=\/wp\/v2\/types\/post"}],"author":[{"embeddable":true,"href":"https:\/\/gazetaregionalna.com\/index.php?rest_route=\/wp\/v2\/users\/15"}],"replies":[{"embeddable":true,"href":"https:\/\/gazetaregionalna.com\/index.php?rest_route=%2Fwp%2Fv2%2Fcomments&post=75048"}],"version-history":[{"count":1,"href":"https:\/\/gazetaregionalna.com\/index.php?rest_route=\/wp\/v2\/posts\/75048\/revisions"}],"predecessor-version":[{"id":75049,"href":"https:\/\/gazetaregionalna.com\/index.php?rest_route=\/wp\/v2\/posts\/75048\/revisions\/75049"}],"wp:featuredmedia":[{"embeddable":true,"href":"https:\/\/gazetaregionalna.com\/index.php?rest_route=\/wp\/v2\/media\/71327"}],"wp:attachment":[{"href":"https:\/\/gazetaregionalna.com\/index.php?rest_route=%2Fwp%2Fv2%2Fmedia&parent=75048"}],"wp:term":[{"taxonomy":"category","embeddable":true,"href":"https:\/\/gazetaregionalna.com\/index.php?rest_route=%2Fwp%2Fv2%2Fcategories&post=75048"},{"taxonomy":"post_tag","embeddable":true,"href":"https:\/\/gazetaregionalna.com\/index.php?rest_route=%2Fwp%2Fv2%2Ftags&post=75048"}],"curies":[{"name":"wp","href":"https:\/\/api.w.org\/{rel}","templated":true}]}}