{"id":74494,"date":"2022-03-25T09:57:21","date_gmt":"2022-03-25T09:57:21","guid":{"rendered":"https:\/\/gazetaregionalna.com\/?p=74494"},"modified":"2022-03-25T18:41:55","modified_gmt":"2022-03-25T18:41:55","slug":"plan-wiosennych-porzadkow","status":"publish","type":"post","link":"https:\/\/gazetaregionalna.com\/?p=74494","title":{"rendered":"Plan wiosennych porz\u0105dk\u00f3w w 5 krokach. Poznaj przepis na sprz\u0105tanie bez nerw\u00f3w"},"content":{"rendered":"\n<p><strong>Wiosenne porz\u0105dki to chyba nieod\u0142\u0105czny element wiosny. Gdy wn\u0119trze mieszkania na skutek s\u0142o\u0144ca staje si\u0119 bardziej o\u015bwietlone, wszelkie plamy i kurz staj\u0105 si\u0119 widoczne go\u0142ym okiem. W\u00f3wczas wpadamy w wir porz\u0105dk\u00f3w, kt\u00f3re zdaj\u0105 si\u0119 nie mie\u0107 ko\u0144ca.<\/strong><\/p>\n\n\n\n<p>Takie sprz\u0105tanie przysparza sporo nerw\u00f3w i zrzuca sen z powiek, ale nie w sytuacji, gdy zostanie dok\u0142adnie zaplanowane. W\u00f3wczas zyskujemy kontrol\u0119 nad chaosem, kt\u00f3ry coraz bardziej zaczyna panowa\u0107 w domu. Podpowiadamy, jak to zrobi\u0107.<\/p>\n\n\n\n<figure class=\"wp-block-image size-large\"><img decoding=\"async\" width=\"1024\" height=\"684\" data-src=\"https:\/\/gazetaregionalna.com\/wp-content\/uploads\/2022\/03\/sponge-gde0d0e33b_1920-1024x684.jpg\" alt=\"plan wiosennych porz\u0105dk\u00f3w\" class=\"wp-image-74511 lazyload\" data-srcset=\"https:\/\/gazetaregionalna.com\/wp-content\/uploads\/2022\/03\/sponge-gde0d0e33b_1920-1024x684.jpg 1024w, https:\/\/gazetaregionalna.com\/wp-content\/uploads\/2022\/03\/sponge-gde0d0e33b_1920-300x200.jpg 300w, https:\/\/gazetaregionalna.com\/wp-content\/uploads\/2022\/03\/sponge-gde0d0e33b_1920-768x513.jpg 768w, https:\/\/gazetaregionalna.com\/wp-content\/uploads\/2022\/03\/sponge-gde0d0e33b_1920-1536x1026.jpg 1536w, https:\/\/gazetaregionalna.com\/wp-content\/uploads\/2022\/03\/sponge-gde0d0e33b_1920-696x465.jpg 696w, https:\/\/gazetaregionalna.com\/wp-content\/uploads\/2022\/03\/sponge-gde0d0e33b_1920-1068x713.jpg 1068w, https:\/\/gazetaregionalna.com\/wp-content\/uploads\/2022\/03\/sponge-gde0d0e33b_1920-629x420.jpg 629w, https:\/\/gazetaregionalna.com\/wp-content\/uploads\/2022\/03\/sponge-gde0d0e33b_1920.jpg 1600w\" data-sizes=\"(max-width: 1024px) 100vw, 1024px\" src=\"data:image\/svg+xml;base64,PHN2ZyB3aWR0aD0iMSIgaGVpZ2h0PSIxIiB4bWxucz0iaHR0cDovL3d3dy53My5vcmcvMjAwMC9zdmciPjwvc3ZnPg==\" style=\"--smush-placeholder-width: 1024px; --smush-placeholder-aspect-ratio: 1024\/684;\" \/><figcaption>\u017ar\u00f3d\u0142o: pixabay<\/figcaption><\/figure>\n\n\n\n<p><strong>Krok pierwszy \u2013 pozbieraj \u015bmieci<\/strong><\/p>\n\n\n\n<p>Przejd\u017a si\u0119 z workiem na \u015bmieci po domu i pozbieraj do niego wszystko, co jest zb\u0119dne. Wyrzucaj bez wi\u0119kszego zastanawiania si\u0119, czy co\u015b jest potrzebne. Tym sposobem zmniejszy si\u0119 ilo\u015b\u0107 zagracaj\u0105cych mieszkanie.<\/p>\n\n\n\n<p><strong>Krok drugi \u2013 umyj okna<\/strong><\/p>\n\n\n\n<p>Zacznij od \u015bci\u0105gni\u0119cia firanek, kt\u00f3re z pewno\u015bci\u0105 wch\u0142on\u0119\u0142y sporo kurzu. Nast\u0119pnie umyj szyby ramy i parapety \u2013 najpierw na mokro, najlepiej zwyk\u0142ym p\u0142ynem do szyb lub wod\u0105 z octem, a nast\u0119pnie na sucho, by unikn\u0105\u0107 smug. Dzi\u0119ki temu twoje szyby b\u0119d\u0105 l\u015bni\u0105ce i b\u0119d\u0105 wpuszcza\u0142y jeszcze wi\u0119cej wiosennego s\u0142o\u0144ca.<\/p>\n\n\n\n<p><strong>Krok trzeci \u2013 \u015bcieranie kurzy<\/strong><\/p>\n\n\n\n<p>Nale\u017cy pozby\u0107 si\u0119 ich \u015bciereczka nas\u0105czon\u0105 \u015brodkiem antystatycznym. Warto zacz\u0105\u0107 od g\u00f3rnych p\u00f3\u0142ek, a nast\u0119pnie przej\u015b\u0107 do ni\u017cszych. Wa\u017cnym jest, \u017ceby uprzednio po\u015bci\u0105ga\u0107 ka\u017cd\u0105 rzecz z mebli i umy\u0107. Kurz znajduje si\u0119 tak\u017ce na \u015bcianach, sufitach i kaloryferach, wi\u0119c stamt\u0105d tak\u017ce nale\u017cy si\u0119 go pozby\u0107.<\/p>\n\n\n\n<p><strong>Krok czwarty \u2013 \u0142azienka<\/strong><\/p>\n\n\n\n<p>W \u0142azience trzeba b\u0119dzie u\u017cy\u0107 wszelkich \u015brodk\u00f3w, s\u0142u\u017c\u0105cych do usuni\u0119cia kamienia i osadu. Do czyszczenia toalety niezb\u0119dne mog\u0105 si\u0119 okaza\u0107 granulki udro\u017cniaj\u0105ce rury, a tak\u017ce specjalny \u015brodek do toalet, kt\u00f3ry zdezynfekuje j\u0105 z ka\u017cdej strony. W \u0142azience warto tez zrobi\u0107 porz\u0105dek z kosmetykami \u2013 wyrzu\u0107 puste lub przeterminowane opakowania, dzi\u0119ki temu zyskasz sporo miejsca na nowe nabytki.<\/p>\n\n\n\n<p><strong>Krok pi\u0105ty &#8211; kuchnia<\/strong><\/p>\n\n\n\n<p>W kuchni jest chyba najwi\u0119cej pracy. Warto zacz\u0105\u0107 j\u0105 od uprz\u0105tni\u0119cia wn\u0119trza szafek, w tym wyrzucenia przeterminowanych produkt\u00f3w spo\u017cywczych. Nast\u0119pnie nale\u017cy umy\u0107 ka\u017cdy mebel z zewn\u0105trz. Tutaj mog\u0105 przyda\u0107 si\u0119 \u015brodki odt\u0142uszczaj\u0105ce, bowiem w tym pomieszczeniu zbiera si\u0119 sporo t\u0142uszczu. Nast\u0119pnie umyj kuchenk\u0119 i lod\u00f3wk\u0119. W przypadku tej drugiej, warto zacz\u0105\u0107 od jej rozmro\u017cenia.<\/p>\n\n\n\n<figure class=\"wp-block-image size-large\"><img decoding=\"async\" width=\"1024\" height=\"681\" data-src=\"https:\/\/gazetaregionalna.com\/wp-content\/uploads\/2022\/03\/cleaning-g9e131ed8e_1920-1024x681.jpg\" alt=\"plan wiosennych porz\u0105dk\u00f3w\" class=\"wp-image-74510 lazyload\" data-srcset=\"https:\/\/gazetaregionalna.com\/wp-content\/uploads\/2022\/03\/cleaning-g9e131ed8e_1920-1024x681.jpg 1024w, https:\/\/gazetaregionalna.com\/wp-content\/uploads\/2022\/03\/cleaning-g9e131ed8e_1920-300x199.jpg 300w, https:\/\/gazetaregionalna.com\/wp-content\/uploads\/2022\/03\/cleaning-g9e131ed8e_1920-768x510.jpg 768w, https:\/\/gazetaregionalna.com\/wp-content\/uploads\/2022\/03\/cleaning-g9e131ed8e_1920-1536x1021.jpg 1536w, https:\/\/gazetaregionalna.com\/wp-content\/uploads\/2022\/03\/cleaning-g9e131ed8e_1920-696x463.jpg 696w, https:\/\/gazetaregionalna.com\/wp-content\/uploads\/2022\/03\/cleaning-g9e131ed8e_1920-1068x710.jpg 1068w, https:\/\/gazetaregionalna.com\/wp-content\/uploads\/2022\/03\/cleaning-g9e131ed8e_1920-632x420.jpg 632w, https:\/\/gazetaregionalna.com\/wp-content\/uploads\/2022\/03\/cleaning-g9e131ed8e_1920.jpg 1600w\" data-sizes=\"(max-width: 1024px) 100vw, 1024px\" src=\"data:image\/svg+xml;base64,PHN2ZyB3aWR0aD0iMSIgaGVpZ2h0PSIxIiB4bWxucz0iaHR0cDovL3d3dy53My5vcmcvMjAwMC9zdmciPjwvc3ZnPg==\" style=\"--smush-placeholder-width: 1024px; --smush-placeholder-aspect-ratio: 1024\/681;\" \/><figcaption>\u017ar\u00f3d\u0142o: Pixabay<\/figcaption><\/figure>\n\n\n\n<p><strong>Pami\u0119taj&#8230;<\/strong><\/p>\n\n\n\n<p>Im bardziej szczeg\u00f3\u0142owo zaplanujesz sprz\u0105tanie, tym \u0142atwiej i szybciej osi\u0105gniesz porz\u0105dek i przede wszystkim ulg\u0119 po\u0142\u0105czon\u0105 z satysfakcj\u0105. Pi\u0119knie pachn\u0105ce, l\u015bni\u0105ce od czysto\u015bci mieszkanie z pewno\u015bci\u0105 zrekompensuje ca\u0142y trud w\u0142o\u017cony w osi\u0105gni\u0119cie takiego stanu.<\/p>\n\n\n\n<p>Robi\u0105c wiosenne porz\u0105dki, warto pomy\u015ble\u0107 te\u017c o balkonie. Wczesn\u0105 wiosn\u0105 mo\u017cna upi\u0119kszy\u0107 go ro\u015blinami, kt\u00f3re s\u0105 odpowiednie do warunk\u00f3w pogodowych, panuj\u0105cych w marcu i kwietniu. Wi\u0119cej przeczytasz o tym <a href=\"https:\/\/gazetaregionalna.com\/kwiaty-na-balkon-w-kwietniu\/\">tutaj<\/a>.<\/p>\n\n\n\n<p><strong>Linda Noco\u0144-\u015aciebura<\/strong><\/p>\n","protected":false},"excerpt":{"rendered":"<p>Wiosenne porz\u0105dki to chyba nieod\u0142\u0105czny element wiosny. Gdy wn\u0119trze mieszkania na skutek s\u0142o\u0144ca staje si\u0119 bardziej o\u015bwietlone, wszelkie plamy i kurz staj\u0105 si\u0119 widoczne<\/p>\n","protected":false},"author":26,"featured_media":74508,"comment_status":"closed","ping_status":"open","sticky":false,"template":"","format":"standard","meta":{"_monsterinsights_skip_tracking":false,"_monsterinsights_sitenote_active":false,"_monsterinsights_sitenote_note":"","_monsterinsights_sitenote_category":0,"_uf_show_specific_survey":0,"_uf_disable_surveys":false,"footnotes":""},"categories":[17],"tags":[3424,4267,1896],"class_list":["post-74494","post","type-post","status-publish","format-standard","has-post-thumbnail","hentry","category-dom","tag-sprzatanie","tag-wiosenne-porzadki","tag-wiosna"],"_links":{"self":[{"href":"https:\/\/gazetaregionalna.com\/index.php?rest_route=\/wp\/v2\/posts\/74494","targetHints":{"allow":["GET"]}}],"collection":[{"href":"https:\/\/gazetaregionalna.com\/index.php?rest_route=\/wp\/v2\/posts"}],"about":[{"href":"https:\/\/gazetaregionalna.com\/index.php?rest_route=\/wp\/v2\/types\/post"}],"author":[{"embeddable":true,"href":"https:\/\/gazetaregionalna.com\/index.php?rest_route=\/wp\/v2\/users\/26"}],"replies":[{"embeddable":true,"href":"https:\/\/gazetaregionalna.com\/index.php?rest_route=%2Fwp%2Fv2%2Fcomments&post=74494"}],"version-history":[{"count":3,"href":"https:\/\/gazetaregionalna.com\/index.php?rest_route=\/wp\/v2\/posts\/74494\/revisions"}],"predecessor-version":[{"id":74571,"href":"https:\/\/gazetaregionalna.com\/index.php?rest_route=\/wp\/v2\/posts\/74494\/revisions\/74571"}],"wp:featuredmedia":[{"embeddable":true,"href":"https:\/\/gazetaregionalna.com\/index.php?rest_route=\/wp\/v2\/media\/74508"}],"wp:attachment":[{"href":"https:\/\/gazetaregionalna.com\/index.php?rest_route=%2Fwp%2Fv2%2Fmedia&parent=74494"}],"wp:term":[{"taxonomy":"category","embeddable":true,"href":"https:\/\/gazetaregionalna.com\/index.php?rest_route=%2Fwp%2Fv2%2Fcategories&post=74494"},{"taxonomy":"post_tag","embeddable":true,"href":"https:\/\/gazetaregionalna.com\/index.php?rest_route=%2Fwp%2Fv2%2Ftags&post=74494"}],"curies":[{"name":"wp","href":"https:\/\/api.w.org\/{rel}","templated":true}]}}