{"id":74479,"date":"2022-03-25T10:55:18","date_gmt":"2022-03-25T10:55:18","guid":{"rendered":"https:\/\/gazetaregionalna.com\/?p=74479"},"modified":"2022-04-12T14:02:53","modified_gmt":"2022-04-12T14:02:53","slug":"nasiona-roslin-miododajnych-myszkow","status":"publish","type":"post","link":"https:\/\/gazetaregionalna.com\/?p=74479","title":{"rendered":"26 marca, na Placu Dworcowym w Myszkowie, b\u0119d\u0105 rozdawane nasiona ro\u015blin miododajnych"},"content":{"rendered":"\n<p><strong>Akcja rozdawania nasion ro\u015blin miododajnych potrwa przez 2 godziny, od 11 do 13, ju\u017c w najbli\u017csz\u0105 sobot\u0119. Zorganizowana zosta\u0142a przez Ko\u0142o Powiatowe Myszk\u00f3w z okazji Pierwszego Dnia Wiosny, kt\u00f3ry odby\u0142 si\u0119 kilka dni wcze\u015bniej.<\/strong><\/p>\n\n\n\n<p>Cz\u0142onkowie Ko\u0142a Powiatowego Myszk\u00f3w b\u0119d\u0105 rozdawa\u0107 nasiona ro\u015blin miododajnych, spaceruj\u0105c po placu dworcowym. Wr\u0119cz\u0105 ch\u0119tnym 60 paczek mieszanki ro\u015blin miododajnych oraz 80 paczek facelii b\u0142\u0119kitnej i szczeci pospolitej, kt\u00f3re r\u00f3wnie\u017c s\u0105 kwiatami, uwielbianymi przez owady zapylaj\u0105ce.<\/p>\n\n\n\n<p>&#8211; Jest to pierwsza taka akcja w Myszkowie, prowadzona przez stowarzyszenie Polska 2050. Ro\u015bliny miododajne s\u0105 proste w piel\u0119gnacji. D\u0142ugo i pi\u0119knie kwitn\u0105 nawet w doniczce na balkonie. Ponadto przyczyniaj\u0105 si\u0119 do zwi\u0119kszenia i poprawy \u017cycia pszcz\u00f3\u0142 i innych owad\u00f3w zapylaj\u0105cych. Bez tych owad\u00f3w nie b\u0119dzie wielu owoc\u00f3w i warzyw. A pom\u00f3c im mo\u017cna w \u0142atwy i przyjemny spos\u00f3b, czyli sadz\u0105c ro\u015bliny miododajne. &#8211; m\u00f3wi \u0141ukasz Kapica, lider Ko\u0142a Powiatowego Myszk\u00f3w i jeden z organizator\u00f3w akcji.<\/p>\n\n\n\n<figure class=\"wp-block-image size-large\"><img decoding=\"async\" width=\"1024\" height=\"682\" data-src=\"https:\/\/gazetaregionalna.com\/wp-content\/uploads\/2022\/03\/cosmos-flowers-g5dbac424c_1920-1024x682.jpg\" alt=\"nasiona ro\u015blin miododajnych\n\" class=\"wp-image-74524 lazyload\" data-srcset=\"https:\/\/gazetaregionalna.com\/wp-content\/uploads\/2022\/03\/cosmos-flowers-g5dbac424c_1920-1024x682.jpg 1024w, https:\/\/gazetaregionalna.com\/wp-content\/uploads\/2022\/03\/cosmos-flowers-g5dbac424c_1920-300x200.jpg 300w, https:\/\/gazetaregionalna.com\/wp-content\/uploads\/2022\/03\/cosmos-flowers-g5dbac424c_1920-768x512.jpg 768w, https:\/\/gazetaregionalna.com\/wp-content\/uploads\/2022\/03\/cosmos-flowers-g5dbac424c_1920-1536x1023.jpg 1536w, https:\/\/gazetaregionalna.com\/wp-content\/uploads\/2022\/03\/cosmos-flowers-g5dbac424c_1920-696x464.jpg 696w, https:\/\/gazetaregionalna.com\/wp-content\/uploads\/2022\/03\/cosmos-flowers-g5dbac424c_1920-1068x711.jpg 1068w, https:\/\/gazetaregionalna.com\/wp-content\/uploads\/2022\/03\/cosmos-flowers-g5dbac424c_1920-630x420.jpg 630w, https:\/\/gazetaregionalna.com\/wp-content\/uploads\/2022\/03\/cosmos-flowers-g5dbac424c_1920.jpg 1600w\" data-sizes=\"(max-width: 1024px) 100vw, 1024px\" src=\"data:image\/svg+xml;base64,PHN2ZyB3aWR0aD0iMSIgaGVpZ2h0PSIxIiB4bWxucz0iaHR0cDovL3d3dy53My5vcmcvMjAwMC9zdmciPjwvc3ZnPg==\" style=\"--smush-placeholder-width: 1024px; --smush-placeholder-aspect-ratio: 1024\/682;\" \/><figcaption>\u017ar\u00f3d\u0142o: Pixabay<\/figcaption><\/figure>\n\n\n\n<p>\u0141ukasz Kapica m\u00f3wi tak\u017ce, jaki jest cel rozdawania ro\u015blin miododajnych mieszka\u0144com:<\/p>\n\n\n\n<p>&#8211; Celem dzia\u0142ania jest wspomaganie rodzin pszcz\u00f3\u0142 dzikich oraz innych owad\u00f3w zapylaj\u0105cych. Mimo \u017ce Myszk\u00f3w jest dosy\u0107 zielonym miastem, to jednak brakuje w nim kolorowych kwiat\u00f3w. Chcemy te\u017c, by mieszka\u0144cy Myszkowa dokarmiali pszczo\u0142y, kt\u00f3re s\u0105 bardzo po\u017cyteczne. &#8211; zaznacza Kapica.<\/p>\n\n\n\n<p>Ro\u015bliny miododajne s\u0105 proste w piel\u0119gnacji. D\u0142ugo i pi\u0119knie kwitn\u0105 nawet w doniczce na balkonie. Ponadto przyczyniaj\u0105 si\u0119 do zwi\u0119kszenia i poprawy \u017cycia pszcz\u00f3\u0142 i innych owad\u00f3w zapylaj\u0105cych. Bez tych owad\u00f3w nie b\u0119dzie wielu owoc\u00f3w i warzyw, to dzi\u0119ki nim plony mog\u0105 zwi\u0119kszy\u0107 si\u0119 bez korzystania z nawoz\u00f3w, szkodliwych dla zdrowia. A pom\u00f3c im mo\u017cna w \u0142atwy i przyjemny spos\u00f3b, czyli sadz\u0105c ro\u015bliny miododajne.<\/p>\n\n\n\n<p>Warto wi\u0119c przej\u015b\u0107 si\u0119 w sobot\u0119 na Plac Dworcowy w Myszkowie i tam zupe\u0142nie za darmo otrzyma\u0107 nasiona tych ro\u015blin, kt\u00f3re nie tylko upi\u0119ksz\u0105 balkon czy przydomowy ogr\u00f3dek, ale te\u017c przyczyni\u0105 si\u0119 do wyd\u0142u\u017cenia \u017cycia tych niewielkich, a jak\u017ce po\u017cytecznych stworze\u0144. Bez nich \u015bwiat by\u0142by skazany na zag\u0142ad\u0119.<\/p>\n\n\n\n<p><strong>Linda Noco\u0144-\u015aciebura<\/strong><\/p>\n","protected":false},"excerpt":{"rendered":"<p>Akcja rozdawania nasion ro\u015blin miododajnych potrwa przez 2 godziny, od 11 do 13, ju\u017c w najbli\u017csz\u0105 sobot\u0119. Zorganizowana zosta\u0142a przez Ko\u0142o Powiatowe Myszk\u00f3w z<\/p>\n","protected":false},"author":26,"featured_media":74516,"comment_status":"closed","ping_status":"open","sticky":false,"template":"","format":"standard","meta":{"_monsterinsights_skip_tracking":false,"_monsterinsights_sitenote_active":false,"_monsterinsights_sitenote_note":"","_monsterinsights_sitenote_category":0,"_uf_show_specific_survey":0,"_uf_disable_surveys":false,"footnotes":""},"categories":[34,26,94,2],"tags":[4268,171,4270,4269],"class_list":["post-74479","post","type-post","status-publish","format-standard","has-post-thumbnail","hentry","category-ogrod","category-myszkow","category-polecane","category-wiadomosci","tag-kolo-powiatowe-myszkow","tag-myszkow","tag-plac-dworcowy-w-myszkowie","tag-rosliny-miododajne"],"_links":{"self":[{"href":"https:\/\/gazetaregionalna.com\/index.php?rest_route=\/wp\/v2\/posts\/74479","targetHints":{"allow":["GET"]}}],"collection":[{"href":"https:\/\/gazetaregionalna.com\/index.php?rest_route=\/wp\/v2\/posts"}],"about":[{"href":"https:\/\/gazetaregionalna.com\/index.php?rest_route=\/wp\/v2\/types\/post"}],"author":[{"embeddable":true,"href":"https:\/\/gazetaregionalna.com\/index.php?rest_route=\/wp\/v2\/users\/26"}],"replies":[{"embeddable":true,"href":"https:\/\/gazetaregionalna.com\/index.php?rest_route=%2Fwp%2Fv2%2Fcomments&post=74479"}],"version-history":[{"count":1,"href":"https:\/\/gazetaregionalna.com\/index.php?rest_route=\/wp\/v2\/posts\/74479\/revisions"}],"predecessor-version":[{"id":74525,"href":"https:\/\/gazetaregionalna.com\/index.php?rest_route=\/wp\/v2\/posts\/74479\/revisions\/74525"}],"wp:featuredmedia":[{"embeddable":true,"href":"https:\/\/gazetaregionalna.com\/index.php?rest_route=\/wp\/v2\/media\/74516"}],"wp:attachment":[{"href":"https:\/\/gazetaregionalna.com\/index.php?rest_route=%2Fwp%2Fv2%2Fmedia&parent=74479"}],"wp:term":[{"taxonomy":"category","embeddable":true,"href":"https:\/\/gazetaregionalna.com\/index.php?rest_route=%2Fwp%2Fv2%2Fcategories&post=74479"},{"taxonomy":"post_tag","embeddable":true,"href":"https:\/\/gazetaregionalna.com\/index.php?rest_route=%2Fwp%2Fv2%2Ftags&post=74479"}],"curies":[{"name":"wp","href":"https:\/\/api.w.org\/{rel}","templated":true}]}}