{"id":74371,"date":"2022-03-23T19:36:51","date_gmt":"2022-03-23T19:36:51","guid":{"rendered":"https:\/\/gazetaregionalna.com\/?p=74371"},"modified":"2022-03-23T19:36:52","modified_gmt":"2022-03-23T19:36:52","slug":"wszystkie-kolory-swiata-w-rudnikach","status":"publish","type":"post","link":"https:\/\/gazetaregionalna.com\/?p=74371","title":{"rendered":"\u201eWszystkie kolory \u015bwiata\u201d w Rudnikach"},"content":{"rendered":"\n<h2 class=\"wp-block-heading\">Zesp\u00f3\u0142 Szkolno- Przedszkolny im.\u00a0Jana Paw\u0142a II\u00a0w\u00a0Rudnikach\u00a0wzi\u0105\u0142 udzia\u0142 w akcji \u201eWszystkie Kolory \u015awiata\u201d, kt\u00f3ra jest organizowana przez\u00a0UNICEF Polska.<\/h2>\n\n\n\n<p>To ju\u017c sz\u00f3sta edycja akcji w naszym kraju. Jej celem jest wsparcie program\u00f3w szczepie\u0144 ratuj\u0105cych \u017cycie dzieci w najbiedniejszych cz\u0119\u015bciach \u015bwiata. Ka\u017cda edycja cieszy\u0142a si\u0119 ogromnym zainteresowaniem ze strony szk\u00f3\u0142 i przedszkoli.<\/p>\n\n\n\n<p>Wolontariusze z ZSP w Rudnikach zaprojektowali i wykonali szmaciane lalki, kt\u00f3re symbolizuj\u0105 pomoc, jakiej udziel\u0105 najbardziej potrzebuj\u0105cym dzieciom na\u00a0\u015bwiecie. Ka\u017cda z wykonanych lalek mia\u0142a przypisany kraj, z kt\u00f3rego pochodzi.<\/p>\n\n\n\n<p>Licytacja prac odby\u0142a si\u0119 na szkolnym Facebooku. Zebrano 860 z\u0142, a \u015brodki zosta\u0142y przekazane na konto UNICEFU. Doch\u00f3d przeznaczony b\u0119dzie na szczepionki dla najubo\u017cszych dzieci. W wielu rejonach \u015bwiata wci\u0105\u017c brakuje szczepie\u0144 przeciwko gro\u017anym chorobom wieku dzieci\u0119cego, takim jak gru\u017alica, t\u0119\u017cec, odra, krztusiec czy polio. Liczy si\u0119 ka\u017cde wsparcie, kt\u00f3re mo\u017ce pom\u00f3c chroni\u0107 zdrowie i \u017cycie dzieci.<\/p>\n\n\n\n<p>Ogromne brawa za zaanga\u017cowanie nale\u017c\u0105 si\u0119 uczniom szko\u0142y w Rudnikach i ich opiekunom. We \u201eWszystkich kolorach \u015bwiata\u201d wzi\u0119li udzia\u0142:<\/p>\n\n\n\n<p>Maja Anzorge, Basia i Zuzia B\u0142\u0119dowskie, Zuzia Borawska, Nicole Bykowska, Agata Dom\u017calska, Ewa Wawszczak, Zuzia Zalasi\u0144ska, Bartosz Ko\u0142don, Kacper Radecki.<\/p>\n\n\n\n<p>W sze\u015bciu edycjach akcji, uczestniczy\u0142o ponad 3 tysi\u0105ce plac\u00f3wek z ca\u0142ej Polski. \u0141\u0105cznie zebrano blisko 3 i p\u00f3\u0142 miliona z\u0142otych, dzi\u0119ki kt\u00f3rym zaszczepiono setki tysi\u0119cy dzieci w takich krajach jak Sierra Leone, Czad, Sudan Po\u0142udniowy czy Angola.<\/p>\n","protected":false},"excerpt":{"rendered":"<p>Zesp\u00f3\u0142 Szkolno- Przedszkolny im.\u00a0Jana Paw\u0142a II\u00a0w\u00a0Rudnikach\u00a0wzi\u0105\u0142 udzia\u0142 w akcji \u201eWszystkie Kolory \u015awiata\u201d, kt\u00f3ra jest organizowana przez\u00a0UNICEF Polska. To ju\u017c sz\u00f3sta edycja akcji w naszym<\/p>\n","protected":false},"author":24,"featured_media":74376,"comment_status":"closed","ping_status":"open","sticky":false,"template":"","format":"standard","meta":{"_monsterinsights_skip_tracking":false,"_monsterinsights_sitenote_active":false,"_monsterinsights_sitenote_note":"","_monsterinsights_sitenote_category":0,"_uf_show_specific_survey":0,"_uf_disable_surveys":false,"footnotes":""},"categories":[4,15,41],"tags":[555,4240,911,2368,1849,4238,2938,4239],"class_list":["post-74371","post","type-post","status-publish","format-standard","has-post-thumbnail","hentry","category-region","category-dla-dzieci","category-edukacja","tag-akcja","tag-placowki-edukacyjne","tag-rudniki","tag-szczepienia","tag-szkola","tag-unicef","tag-wsparcie","tag-wszystkie-kolory-swiata"],"_links":{"self":[{"href":"https:\/\/gazetaregionalna.com\/index.php?rest_route=\/wp\/v2\/posts\/74371","targetHints":{"allow":["GET"]}}],"collection":[{"href":"https:\/\/gazetaregionalna.com\/index.php?rest_route=\/wp\/v2\/posts"}],"about":[{"href":"https:\/\/gazetaregionalna.com\/index.php?rest_route=\/wp\/v2\/types\/post"}],"author":[{"embeddable":true,"href":"https:\/\/gazetaregionalna.com\/index.php?rest_route=\/wp\/v2\/users\/24"}],"replies":[{"embeddable":true,"href":"https:\/\/gazetaregionalna.com\/index.php?rest_route=%2Fwp%2Fv2%2Fcomments&post=74371"}],"version-history":[{"count":2,"href":"https:\/\/gazetaregionalna.com\/index.php?rest_route=\/wp\/v2\/posts\/74371\/revisions"}],"predecessor-version":[{"id":74377,"href":"https:\/\/gazetaregionalna.com\/index.php?rest_route=\/wp\/v2\/posts\/74371\/revisions\/74377"}],"wp:featuredmedia":[{"embeddable":true,"href":"https:\/\/gazetaregionalna.com\/index.php?rest_route=\/wp\/v2\/media\/74376"}],"wp:attachment":[{"href":"https:\/\/gazetaregionalna.com\/index.php?rest_route=%2Fwp%2Fv2%2Fmedia&parent=74371"}],"wp:term":[{"taxonomy":"category","embeddable":true,"href":"https:\/\/gazetaregionalna.com\/index.php?rest_route=%2Fwp%2Fv2%2Fcategories&post=74371"},{"taxonomy":"post_tag","embeddable":true,"href":"https:\/\/gazetaregionalna.com\/index.php?rest_route=%2Fwp%2Fv2%2Ftags&post=74371"}],"curies":[{"name":"wp","href":"https:\/\/api.w.org\/{rel}","templated":true}]}}