{"id":7437,"date":"2019-10-28T09:25:00","date_gmt":"2019-10-28T09:25:00","guid":{"rendered":"https:\/\/gazetaregionalna.com\/?p=7437"},"modified":"2019-10-28T09:25:11","modified_gmt":"2019-10-28T09:25:11","slug":"halloween-w-karolince","status":"publish","type":"post","link":"https:\/\/gazetaregionalna.com\/?p=7437","title":{"rendered":"Halloween w &#8222;Karolince&#8221;"},"content":{"rendered":"\n<p>Pod koniec pa\u017adziernika w zwi\u0105zku z Halloween w kinach kr\u00f3luj\u0105 horrory i thrillery. Nie inaczej b\u0119dzie w lublinieckim kinie &#8222;Karolinka&#8221;. Na czwartek, 31 pa\u017adziernika szykuje ono &#8222;Wiecz\u00f3r Strasznych Film\u00f3w&#8221;. Tego dnia zobaczy\u0107 b\u0119dzie mo\u017cna horrory: \u201ePi\u0142a. Dziedzictwo\u201d oraz \u201eNieznajomi. Ofiarowanie\u201d.<\/p>\n\n\n\n<figure class=\"wp-block-image\"><img decoding=\"async\" data-src=\"https:\/\/gazetaregionalna.com\/wp-content\/uploads\/2019\/10\/wiecz\u00f3r-strasznych-film\u00f3w_www-1.png\" alt=\"\" class=\"wp-image-7438 lazyload\" src=\"data:image\/svg+xml;base64,PHN2ZyB3aWR0aD0iMSIgaGVpZ2h0PSIxIiB4bWxucz0iaHR0cDovL3d3dy53My5vcmcvMjAwMC9zdmciPjwvc3ZnPg==\"><\/figure>\n\n\n\n<p><br> Pocz\u0105tek maratonu z dreszczykiem o godzinie 18. Osoby, kt\u00f3re nie uko\u0144czy\u0142y 15 lat, na udzia\u0142 w wydarzeniu musz\u0105 uzyska\u0107 pisemn\u0105 zgod\u0119 rodzic\u00f3w lub opiekun\u00f3w prawnych. Zgody s\u0105 do pobrania na stronie Miejskiego Domu Kultury lub w kasie kina.<\/p>\n","protected":false},"excerpt":{"rendered":"<p>Pod koniec pa\u017adziernika w zwi\u0105zku z Halloween w kinach kr\u00f3luj\u0105 horrory i thrillery. Nie inaczej b\u0119dzie w lublinieckim kinie &#8222;Karolinka&#8221;. Na czwartek, 31 pa\u017adziernika<\/p>\n","protected":false},"author":7,"featured_media":7439,"comment_status":"open","ping_status":"open","sticky":false,"template":"","format":"standard","meta":{"_monsterinsights_skip_tracking":false,"_monsterinsights_sitenote_active":false,"_monsterinsights_sitenote_note":"","_monsterinsights_sitenote_category":0,"_uf_show_specific_survey":0,"_uf_disable_surveys":false,"footnotes":""},"categories":[12,25,94,2,13],"tags":[],"class_list":["post-7437","post","type-post","status-publish","format-standard","has-post-thumbnail","hentry","category-kultura-i-rozrywka","category-lubliniec","category-polecane","category-wiadomosci","category-wydarzenia"],"_links":{"self":[{"href":"https:\/\/gazetaregionalna.com\/index.php?rest_route=\/wp\/v2\/posts\/7437","targetHints":{"allow":["GET"]}}],"collection":[{"href":"https:\/\/gazetaregionalna.com\/index.php?rest_route=\/wp\/v2\/posts"}],"about":[{"href":"https:\/\/gazetaregionalna.com\/index.php?rest_route=\/wp\/v2\/types\/post"}],"author":[{"embeddable":true,"href":"https:\/\/gazetaregionalna.com\/index.php?rest_route=\/wp\/v2\/users\/7"}],"replies":[{"embeddable":true,"href":"https:\/\/gazetaregionalna.com\/index.php?rest_route=%2Fwp%2Fv2%2Fcomments&post=7437"}],"version-history":[{"count":1,"href":"https:\/\/gazetaregionalna.com\/index.php?rest_route=\/wp\/v2\/posts\/7437\/revisions"}],"predecessor-version":[{"id":7440,"href":"https:\/\/gazetaregionalna.com\/index.php?rest_route=\/wp\/v2\/posts\/7437\/revisions\/7440"}],"wp:featuredmedia":[{"embeddable":true,"href":"https:\/\/gazetaregionalna.com\/index.php?rest_route=\/wp\/v2\/media\/7439"}],"wp:attachment":[{"href":"https:\/\/gazetaregionalna.com\/index.php?rest_route=%2Fwp%2Fv2%2Fmedia&parent=7437"}],"wp:term":[{"taxonomy":"category","embeddable":true,"href":"https:\/\/gazetaregionalna.com\/index.php?rest_route=%2Fwp%2Fv2%2Fcategories&post=7437"},{"taxonomy":"post_tag","embeddable":true,"href":"https:\/\/gazetaregionalna.com\/index.php?rest_route=%2Fwp%2Fv2%2Ftags&post=7437"}],"curies":[{"name":"wp","href":"https:\/\/api.w.org\/{rel}","templated":true}]}}