{"id":74322,"date":"2022-03-23T10:36:22","date_gmt":"2022-03-23T10:36:22","guid":{"rendered":"https:\/\/gazetaregionalna.com\/?p=74322"},"modified":"2022-03-23T10:36:22","modified_gmt":"2022-03-23T10:36:22","slug":"projekt-miejscowego-zagospodarowania","status":"publish","type":"post","link":"https:\/\/gazetaregionalna.com\/?p=74322","title":{"rendered":"Cz\u0119stochowa: 23 marca UM udost\u0119pni\u0142 do wgl\u0105du projekt miejscowego zagospodarowania"},"content":{"rendered":"\n<p><strong>Projekt miejscowego planu zagospodarowania przestrzennego, w cz\u0119\u015bci obejmuj\u0105cej rejon ulic Legion\u00f3w i Kusi\u0119ckiej, jest udost\u0119pniony do zapoznania do 13 kwietnia. 23 marca zosta\u0142 wy\u0142o\u017cony do publicznego wgl\u0105du.<\/strong><\/p>\n\n\n\n<p>Z planem mo\u017cna zapozna\u0107 si\u0119 w siedzibie Miejskiej Pracowni Urbanistyczno-Planistycznej przy ul. Legion\u00f3w 52, w godzinach od 8 do 15 po wcze\u015bniejszym um\u00f3wieniu wizyty telefonicznie lub za pomoc\u0105 <a href=\"https:\/\/bip.czestochowa.pl\/artykul\/2351\/1172926\/obwieszczenie-o-wylozeniu-do-publicznego-wgladu-projektu-zmiany-miejscowego-planu-zagospodarowania-przestrzennego-obszaru-polozonego-w-czestochowie-w-dzielnicy-zawodzie-dabie-w-rejonie-ulic-legionow-i-kusieckiej-wraz-z-uzasadnieniem\" target=\"_blank\" rel=\"noopener\">strony internetowej<\/a>.<\/p>\n\n\n\n<p>Dyskusja publiczna nad przyj\u0119tymi w projekcie planu rozwi\u0105zaniami zostanie przeprowadzona 30 marca o godz. 14 w formie wideokonferencji. Osoby zainteresowane udzia\u0142em w dyskusji proszone s\u0105 o przes\u0142anie do 29 marca do godz. 12 zg\u0142oszenia na adres e-mail, podaj\u0105c w jego tre\u015bci imi\u0119, nazwisko oraz adres zamieszkania lub siedziby. Jedynie osobom zg\u0142oszonym w wyznaczonym terminie przes\u0142any zostanie link z zaproszeniem do wideokonferencji wraz z instrukcj\u0105 uczestnictwa.<\/p>\n\n\n\n<p>W przypadku braku zg\u0142osze\u0144 lub zg\u0142osze\u0144 po terminie przyjmuje si\u0119, \u017ce w dyskusji publicznej nikt nie uczestniczy\u0142. Wideokonferencja zostanie przeprowadzona za pomoc\u0105 BigBlueButton &#8211; systemu dost\u0119pnego dla uczestnik\u00f3w bez op\u0142at i bez konieczno\u015bci instalowania dodatkowego oprogramowania. Do udzia\u0142u w wideokonferencji konieczna jest przegl\u0105darka internetowa zgodna z systemem, zainstalowana na komputerze lub na urz\u0105dzeniu mobilnym.<\/p>\n\n\n\n<p>Udzia\u0142 w dyskusji publicznej w formie wideokonferencji wi\u0105\u017ce si\u0119 z wyra\u017ceniem zgody na przetwarzanie danych osobowych, w tym wizerunku i g\u0142osu oraz rozpowszechniania ich za po\u015brednictwem sieci w trakcie trwania wideokonferencji. Osoby, kt\u00f3re nie maj\u0105 mo\u017cliwo\u015bci udzia\u0142u w dyskusji publicznej w formie wideokonferencji, mog\u0105 kontaktowa\u0107 si\u0119 z zespo\u0142em projektowym Miejskiej Pracowni Urbanistyczno-Planistycznej, w ramach wy\u0142o\u017cenia projektu zmiany planu miejscowego do publicznego wgl\u0105du. Wcze\u015bniej nale\u017cy um\u00f3wi\u0107 wizyt\u0119 telefonicznie.<\/p>\n\n\n\n<p>Ka\u017cdy, kto kwestionuje ustalenia przyj\u0119te w projekcie zmiany planu, mo\u017ce wnie\u015b\u0107 uwagi w nieprzekraczalnym terminie do 28 kwietnia 2022 roku. Nale\u017cy je przes\u0142a\u0107 na adres Urz\u0119du Miasta Cz\u0119stochowy lub za po\u015brednictwem poczty elektronicznej. Uwaga powinna zawiera\u0107: imi\u0119 i nazwisko lub nazw\u0119 wraz z adresem zamieszkania albo siedziby, przedmiot uwagi oraz oznaczenie nieruchomo\u015bci, kt\u00f3rej uwaga dotyczy. Formularz do wype\u0142nienia zamieszczony jest na stronie internetowej.<\/p>\n\n\n\n<p>Podj\u0119te prace planistyczne maj\u0105 na celu zmian\u0119 ustale\u0144 miejscowego planu zagospodarowania przestrzennego przyj\u0119tego w 2014 r., zmienionego w 2019 r. Zmiana ustale\u0144 planu miejscowego dotyczy dzia\u0142ek w wi\u0119kszo\u015bci b\u0119d\u0105cych w\u0142asno\u015bci\u0105 Skarbu Pa\u0144stwa i Gminy Miasta Cz\u0119stochowy, znajduj\u0105cych si\u0119 w rejonie ul. Strefowej, w strefie oddzia\u0142ywania Katowickiej Specjalnej Strefy Ekonomicznej S.A. Obejmuje tereny kszta\u0142tuj\u0105cej si\u0119 zabudowy produkcyjno-us\u0142ugowej, w rejonie siedziby Polskiej Sp\u00f3\u0142ki Gazownictwa sp. z o.o. Lokalizacj\u0119 znalaz\u0142y tutaj obiekty produkcyjne m.in. bran\u017cy samochodowej i spo\u017cywczej.<\/p>\n\n\n\n<p>Wi\u0119cej informacji, m.in na temat adres\u00f3w czy numer\u00f3w telefon\u00f3w znajduje si\u0119 na oficjalnej <a href=\"https:\/\/www.czestochowa.pl\/wylozenie-planu-miejscowego\" target=\"_blank\" rel=\"noopener\">stronie UM Cz\u0119stochowy<\/a>.<\/p>\n\n\n\n<p><strong>UM Cz\u0119stochowa<\/strong>\/<strong>LN\u015a<\/strong><\/p>\n","protected":false},"excerpt":{"rendered":"<p>Projekt miejscowego planu zagospodarowania przestrzennego, w cz\u0119\u015bci obejmuj\u0105cej rejon ulic Legion\u00f3w i Kusi\u0119ckiej, jest udost\u0119pniony do zapoznania do 13 kwietnia. 23 marca zosta\u0142 wy\u0142o\u017cony<\/p>\n","protected":false},"author":26,"featured_media":45258,"comment_status":"closed","ping_status":"open","sticky":false,"template":"","format":"standard","meta":{"_monsterinsights_skip_tracking":false,"_monsterinsights_sitenote_active":false,"_monsterinsights_sitenote_note":"","_monsterinsights_sitenote_category":0,"_uf_show_specific_survey":0,"_uf_disable_surveys":false,"footnotes":""},"categories":[1323,3,2],"tags":[144,4236,2884],"class_list":["post-74322","post","type-post","status-publish","format-standard","has-post-thumbnail","hentry","category-architecture","category-czestochowa-informacje","category-wiadomosci","tag-czestochowa","tag-projekt-zagospodarowania-miejscowego","tag-um-czestochowa"],"_links":{"self":[{"href":"https:\/\/gazetaregionalna.com\/index.php?rest_route=\/wp\/v2\/posts\/74322","targetHints":{"allow":["GET"]}}],"collection":[{"href":"https:\/\/gazetaregionalna.com\/index.php?rest_route=\/wp\/v2\/posts"}],"about":[{"href":"https:\/\/gazetaregionalna.com\/index.php?rest_route=\/wp\/v2\/types\/post"}],"author":[{"embeddable":true,"href":"https:\/\/gazetaregionalna.com\/index.php?rest_route=\/wp\/v2\/users\/26"}],"replies":[{"embeddable":true,"href":"https:\/\/gazetaregionalna.com\/index.php?rest_route=%2Fwp%2Fv2%2Fcomments&post=74322"}],"version-history":[{"count":1,"href":"https:\/\/gazetaregionalna.com\/index.php?rest_route=\/wp\/v2\/posts\/74322\/revisions"}],"predecessor-version":[{"id":74326,"href":"https:\/\/gazetaregionalna.com\/index.php?rest_route=\/wp\/v2\/posts\/74322\/revisions\/74326"}],"wp:featuredmedia":[{"embeddable":true,"href":"https:\/\/gazetaregionalna.com\/index.php?rest_route=\/wp\/v2\/media\/45258"}],"wp:attachment":[{"href":"https:\/\/gazetaregionalna.com\/index.php?rest_route=%2Fwp%2Fv2%2Fmedia&parent=74322"}],"wp:term":[{"taxonomy":"category","embeddable":true,"href":"https:\/\/gazetaregionalna.com\/index.php?rest_route=%2Fwp%2Fv2%2Fcategories&post=74322"},{"taxonomy":"post_tag","embeddable":true,"href":"https:\/\/gazetaregionalna.com\/index.php?rest_route=%2Fwp%2Fv2%2Ftags&post=74322"}],"curies":[{"name":"wp","href":"https:\/\/api.w.org\/{rel}","templated":true}]}}