{"id":7425,"date":"2019-10-28T08:58:29","date_gmt":"2019-10-28T08:58:29","guid":{"rendered":"https:\/\/gazetaregionalna.com\/?p=7425"},"modified":"2019-10-28T08:58:38","modified_gmt":"2019-10-28T08:58:38","slug":"miasto-docenione","status":"publish","type":"post","link":"https:\/\/gazetaregionalna.com\/?p=7425","title":{"rendered":"Miasto docenione"},"content":{"rendered":"\n<p>Radomsko otrzyma\u0142o tytu\u0142 Lidera Rozwoju Regionalnego 2019. Nagrod\u0119 przyzna\u0142a Polska Agencja Przedsi\u0119biorczo\u015bci. Z r\u0105k jej prezesa Wojciecha Pomara\u0144skiego odebra\u0142 j\u0105 Prezydent Miasta Radomska Jaros\u0142aw Ferenc.<\/p>\n\n\n\n<p><br> Radomsko zosta\u0142o wyr\u00f3\u017cniono w trakcie trwaj\u0105cego  w Olsztynie Polskiego Kongresu Przedsi\u0119biorczo\u015bci. W trakcie kongresu wyr\u00f3\u017cniono przedsi\u0119biorc\u00f3w oraz samorz\u0105dy. Kapitu\u0142a konkursowa nagrodzi\u0142a dzia\u0142ania Radomska w zakresie wspierania przedsi\u0119biorczo\u015bci, rozwoju strefy inwestycyjnej, a tak\u017ce pracy na rzecz wsparcia producent\u00f3w mebli. Jurorzy docenili ponadto liczne inwestycje prowadzone przez samorz\u0105d na terenie miasta, m.in. budow\u0119 basenu czy modernizacj\u0119 siedziby urz\u0119du. Dostrze\u017cono starania gminy, aby inwestycje miejskie realizowa\u0107 z uwzgl\u0119dnieniem aspekt\u00f3w ekologicznych oraz z wykorzystaniem energii odnawialnej.<\/p>\n\n\n\n<figure class=\"wp-block-image\"><img decoding=\"async\" width=\"683\" height=\"1024\" data-src=\"https:\/\/gazetaregionalna.com\/wp-content\/uploads\/2019\/10\/nagroda2-1-683x1024.jpg\" alt=\"\" class=\"wp-image-7426 lazyload\" data-srcset=\"https:\/\/gazetaregionalna.com\/wp-content\/uploads\/2019\/10\/nagroda2-1.jpg 683w, https:\/\/gazetaregionalna.com\/wp-content\/uploads\/2019\/10\/nagroda2-1-200x300.jpg 200w, https:\/\/gazetaregionalna.com\/wp-content\/uploads\/2019\/10\/nagroda2-1-280x420.jpg 280w\" data-sizes=\"(max-width: 683px) 100vw, 683px\" src=\"data:image\/svg+xml;base64,PHN2ZyB3aWR0aD0iMSIgaGVpZ2h0PSIxIiB4bWxucz0iaHR0cDovL3d3dy53My5vcmcvMjAwMC9zdmciPjwvc3ZnPg==\" style=\"--smush-placeholder-width: 683px; --smush-placeholder-aspect-ratio: 683\/1024;\" \/><\/figure>\n\n\n\n<p><br> Jak informuje Urz\u0105d Miejski w Radomsku, podczas kongresu odby\u0142o si\u0119 wiele paneli dyskusyjnych z udzia\u0142em przedstawicieli innowacyjnych firm, agencji wspieraj\u0105cych biznes, naukowc\u00f3w, rz\u0105du i samorz\u0105du. Omawiano tematy dotycz\u0105ce wspierania dzia\u0142a\u0144 innowacyjnych, przemys\u0142u, nowoczesnych form zarz\u0105dzania, rozwoju turystyki. W jednym z paneli udzia\u0142 bra\u0142 prezydent Jaros\u0142aw Ferenc.<\/p>\n\n\n\n<p>(\u0179r\u00f3d\u0142o: UM Radomsko)<\/p>\n","protected":false},"excerpt":{"rendered":"<p>Radomsko otrzyma\u0142o tytu\u0142 Lidera Rozwoju Regionalnego 2019. Nagrod\u0119 przyzna\u0142a Polska Agencja Przedsi\u0119biorczo\u015bci. Z r\u0105k jej prezesa Wojciecha Pomara\u0144skiego odebra\u0142 j\u0105 Prezydent Miasta Radomska Jaros\u0142aw<\/p>\n","protected":false},"author":7,"featured_media":0,"comment_status":"open","ping_status":"open","sticky":false,"template":"","format":"standard","meta":{"_monsterinsights_skip_tracking":false,"_monsterinsights_sitenote_active":false,"_monsterinsights_sitenote_note":"","_monsterinsights_sitenote_category":0,"_uf_show_specific_survey":0,"_uf_disable_surveys":false,"footnotes":""},"categories":[43,29,42,94,28,2],"tags":[],"class_list":["post-7425","post","type-post","status-publish","format-standard","hentry","category-biznes","category-ekologia","category-finanse","category-polecane","category-radomsko","category-wiadomosci"],"_links":{"self":[{"href":"https:\/\/gazetaregionalna.com\/index.php?rest_route=\/wp\/v2\/posts\/7425","targetHints":{"allow":["GET"]}}],"collection":[{"href":"https:\/\/gazetaregionalna.com\/index.php?rest_route=\/wp\/v2\/posts"}],"about":[{"href":"https:\/\/gazetaregionalna.com\/index.php?rest_route=\/wp\/v2\/types\/post"}],"author":[{"embeddable":true,"href":"https:\/\/gazetaregionalna.com\/index.php?rest_route=\/wp\/v2\/users\/7"}],"replies":[{"embeddable":true,"href":"https:\/\/gazetaregionalna.com\/index.php?rest_route=%2Fwp%2Fv2%2Fcomments&post=7425"}],"version-history":[{"count":1,"href":"https:\/\/gazetaregionalna.com\/index.php?rest_route=\/wp\/v2\/posts\/7425\/revisions"}],"predecessor-version":[{"id":7428,"href":"https:\/\/gazetaregionalna.com\/index.php?rest_route=\/wp\/v2\/posts\/7425\/revisions\/7428"}],"wp:attachment":[{"href":"https:\/\/gazetaregionalna.com\/index.php?rest_route=%2Fwp%2Fv2%2Fmedia&parent=7425"}],"wp:term":[{"taxonomy":"category","embeddable":true,"href":"https:\/\/gazetaregionalna.com\/index.php?rest_route=%2Fwp%2Fv2%2Fcategories&post=7425"},{"taxonomy":"post_tag","embeddable":true,"href":"https:\/\/gazetaregionalna.com\/index.php?rest_route=%2Fwp%2Fv2%2Ftags&post=7425"}],"curies":[{"name":"wp","href":"https:\/\/api.w.org\/{rel}","templated":true}]}}