{"id":74214,"date":"2022-03-21T19:28:13","date_gmt":"2022-03-21T19:28:13","guid":{"rendered":"https:\/\/gazetaregionalna.com\/?p=74214"},"modified":"2022-03-21T19:28:14","modified_gmt":"2022-03-21T19:28:14","slug":"muzeum-czestochowskie-odwolalo-zime","status":"publish","type":"post","link":"https:\/\/gazetaregionalna.com\/?p=74214","title":{"rendered":"Muzeum Cz\u0119stochowskie zn\u00f3w odwo\u0142a\u0142o zim\u0119. O tytu\u0142 najpi\u0119kniejszej walczy\u0142y 32 marzanny"},"content":{"rendered":"\n<h2 class=\"wp-block-heading\">21 marca odby\u0142a si\u0119 kolejna edycja &#8222;Konkursu na najpi\u0119kniejsz\u0105 marzann\u0119&#8221;. To element tradycyjnej akcji &#8222;Muzeum odwo\u0142uje zim\u0119&#8221;.<\/h2>\n\n\n\n<p>To ju\u017c tradycja, \u017ce pierwszego dnia wiosny Muzeum Cz\u0119stochowskie rozstrzyga &#8222;Konkurs na najpi\u0119kniejsz\u0105 marzann\u0119&#8221;. Startuj\u0105 w nim lokalne szko\u0142y i przedszkola. W tym roku swoje kukie\u0142ki przygotowa\u0142y 32 grupy. Ich prace oceni\u0142o jury pod przewodnictwem El\u017cbiety Idczak-\u0141yd\u017cby, pe\u0142nomocnik Prezydenta Miasta Cz\u0119stochowy ds. estetyki miasta. <\/p>\n\n\n\n<p>Komisj\u0119 tworzyli tak\u017ce przedstawicielki Dzia\u0142u Etnografii oraz Dzia\u0142u Edukacji i Wystaw Muzeum Cz\u0119stochowskiego: Ewelina M\u0119drala-M\u0142y\u0144ska, Agnieszka Ciuk-Ko\u0107win, Anna Krakowian oraz Katarzyna Ociepa. <\/p>\n\n\n\n<figure class=\"wp-block-gallery columns-2 is-cropped wp-block-gallery-1 is-layout-flex wp-block-gallery-is-layout-flex\"><ul class=\"blocks-gallery-grid\"><li class=\"blocks-gallery-item\"><figure><a href=\"https:\/\/gazetaregionalna.com\/wp-content\/uploads\/2022\/03\/marzanny7.jpg\"><img decoding=\"async\" width=\"768\" height=\"1024\" data-src=\"https:\/\/gazetaregionalna.com\/wp-content\/uploads\/2022\/03\/marzanny7-768x1024.jpg\" alt=\"\" data-id=\"74222\" data-full-url=\"https:\/\/gazetaregionalna.com\/wp-content\/uploads\/2022\/03\/marzanny7.jpg\" data-link=\"https:\/\/gazetaregionalna.com\/?attachment_id=74222\" class=\"wp-image-74222 lazyload\" data-srcset=\"https:\/\/gazetaregionalna.com\/wp-content\/uploads\/2022\/03\/marzanny7-768x1024.jpg 768w, https:\/\/gazetaregionalna.com\/wp-content\/uploads\/2022\/03\/marzanny7-225x300.jpg 225w, https:\/\/gazetaregionalna.com\/wp-content\/uploads\/2022\/03\/marzanny7-1152x1536.jpg 1152w, https:\/\/gazetaregionalna.com\/wp-content\/uploads\/2022\/03\/marzanny7-696x928.jpg 696w, https:\/\/gazetaregionalna.com\/wp-content\/uploads\/2022\/03\/marzanny7-1068x1424.jpg 1068w, https:\/\/gazetaregionalna.com\/wp-content\/uploads\/2022\/03\/marzanny7-315x420.jpg 315w, https:\/\/gazetaregionalna.com\/wp-content\/uploads\/2022\/03\/marzanny7.jpg 1200w\" data-sizes=\"(max-width: 768px) 100vw, 768px\" src=\"data:image\/svg+xml;base64,PHN2ZyB3aWR0aD0iMSIgaGVpZ2h0PSIxIiB4bWxucz0iaHR0cDovL3d3dy53My5vcmcvMjAwMC9zdmciPjwvc3ZnPg==\" style=\"--smush-placeholder-width: 768px; --smush-placeholder-aspect-ratio: 768\/1024;\" \/><\/a><\/figure><\/li><li class=\"blocks-gallery-item\"><figure><a href=\"https:\/\/gazetaregionalna.com\/wp-content\/uploads\/2022\/03\/marzanny2.jpg\"><img decoding=\"async\" width=\"768\" height=\"1024\" data-src=\"https:\/\/gazetaregionalna.com\/wp-content\/uploads\/2022\/03\/marzanny2-768x1024.jpg\" alt=\"\" data-id=\"74217\" data-full-url=\"https:\/\/gazetaregionalna.com\/wp-content\/uploads\/2022\/03\/marzanny2.jpg\" data-link=\"https:\/\/gazetaregionalna.com\/?attachment_id=74217\" class=\"wp-image-74217 lazyload\" data-srcset=\"https:\/\/gazetaregionalna.com\/wp-content\/uploads\/2022\/03\/marzanny2-768x1024.jpg 768w, https:\/\/gazetaregionalna.com\/wp-content\/uploads\/2022\/03\/marzanny2-225x300.jpg 225w, https:\/\/gazetaregionalna.com\/wp-content\/uploads\/2022\/03\/marzanny2-1152x1536.jpg 1152w, https:\/\/gazetaregionalna.com\/wp-content\/uploads\/2022\/03\/marzanny2-696x928.jpg 696w, https:\/\/gazetaregionalna.com\/wp-content\/uploads\/2022\/03\/marzanny2-1068x1424.jpg 1068w, https:\/\/gazetaregionalna.com\/wp-content\/uploads\/2022\/03\/marzanny2-315x420.jpg 315w, https:\/\/gazetaregionalna.com\/wp-content\/uploads\/2022\/03\/marzanny2.jpg 1200w\" data-sizes=\"(max-width: 768px) 100vw, 768px\" src=\"data:image\/svg+xml;base64,PHN2ZyB3aWR0aD0iMSIgaGVpZ2h0PSIxIiB4bWxucz0iaHR0cDovL3d3dy53My5vcmcvMjAwMC9zdmciPjwvc3ZnPg==\" style=\"--smush-placeholder-width: 768px; --smush-placeholder-aspect-ratio: 768\/1024;\" \/><\/a><\/figure><\/li><\/ul><figcaption class=\"blocks-gallery-caption\">Konkurs na najpi\u0119kniejsz\u0105 marzann\u0119 (fot. Katarzyna Ociepa\/Muzeum Cz\u0119stochowskie)<\/figcaption><\/figure>\n\n\n\n<p>Oceniano m.in. staranno\u015b\u0107 i samodzielno\u015b\u0107 wykonania, zgodno\u015b\u0107 z tradycj\u0105, og\u00f3lne wra\u017cenie artystyczne, a tak\u017ce pomys\u0142owo\u015b\u0107.<\/p>\n\n\n\n<p>Tytu\u0142 najpi\u0119kniejszej i pierwsz\u0105 nagrod\u0119 otrzyma\u0142a marzanna wykonana przez Oddzia\u0142y Miejskiego Przedszkola nr 7 w Cz\u0119stochowie. Drug\u0105 lokat\u0119 zaj\u0119\u0142o Miejskie Przedszkole nr 8 w Cz\u0119stochowa, a trzeci\u0105 &#8211; Publiczna Szko\u0142a Podstawowa im. Adama Mickiewicza w Borze Zajaci\u0144skim.<\/p>\n\n\n\n<p>Jurorki przyzna\u0142y r\u00f3wnie\u017c trzy wyr\u00f3\u017cnienia. Otrzyma\u0142y je Niepubliczne Przedszkole Artystyczne Olka Klepacza \u201eKlepacz\u00f3wka\u201d w\u00a0Wierzchowisku, Zesp\u00f3\u0142 Szk\u00f3\u0142 Zawodowych Specjalnych im. Marii Grzegorzewskiej w Cz\u0119stochowie oraz Szko\u0142a Podstawowa nr 36 im. Polskich Olimpijczyk\u00f3w w Cz\u0119stochowie. Szczeg\u00f3\u0142y: <a href=\"https:\/\/www.muzeumczestochowa.pl\/\" target=\"_blank\" rel=\"noopener\">www.muzeumczestochowa.pl<\/a>.<\/p>\n\n\n\n<p><strong>ZS<\/strong><\/p>\n\n\n\n<figure class=\"wp-block-gallery columns-0 is-cropped wp-block-gallery-2 is-layout-flex wp-block-gallery-is-layout-flex\"><ul class=\"blocks-gallery-grid\"><li class=\"blocks-gallery-item\"><figure><a href=\"https:\/\/gazetaregionalna.com\/wp-content\/uploads\/2022\/03\/marzanny6.jpg\"><img decoding=\"async\" width=\"1024\" height=\"768\" data-src=\"https:\/\/gazetaregionalna.com\/wp-content\/uploads\/2022\/03\/marzanny6-1024x768.jpg\" alt=\"\" data-id=\"74221\" data-full-url=\"https:\/\/gazetaregionalna.com\/wp-content\/uploads\/2022\/03\/marzanny6.jpg\" data-link=\"https:\/\/gazetaregionalna.com\/?attachment_id=74221\" class=\"wp-image-74221 lazyload\" data-srcset=\"https:\/\/gazetaregionalna.com\/wp-content\/uploads\/2022\/03\/marzanny6-1024x768.jpg 1024w, https:\/\/gazetaregionalna.com\/wp-content\/uploads\/2022\/03\/marzanny6-300x225.jpg 300w, https:\/\/gazetaregionalna.com\/wp-content\/uploads\/2022\/03\/marzanny6-768x576.jpg 768w, https:\/\/gazetaregionalna.com\/wp-content\/uploads\/2022\/03\/marzanny6-1536x1152.jpg 1536w, https:\/\/gazetaregionalna.com\/wp-content\/uploads\/2022\/03\/marzanny6-696x522.jpg 696w, https:\/\/gazetaregionalna.com\/wp-content\/uploads\/2022\/03\/marzanny6-1068x801.jpg 1068w, https:\/\/gazetaregionalna.com\/wp-content\/uploads\/2022\/03\/marzanny6-560x420.jpg 560w, https:\/\/gazetaregionalna.com\/wp-content\/uploads\/2022\/03\/marzanny6-80x60.jpg 80w, https:\/\/gazetaregionalna.com\/wp-content\/uploads\/2022\/03\/marzanny6-265x198.jpg 265w, https:\/\/gazetaregionalna.com\/wp-content\/uploads\/2022\/03\/marzanny6.jpg 1600w\" data-sizes=\"(max-width: 1024px) 100vw, 1024px\" src=\"data:image\/svg+xml;base64,PHN2ZyB3aWR0aD0iMSIgaGVpZ2h0PSIxIiB4bWxucz0iaHR0cDovL3d3dy53My5vcmcvMjAwMC9zdmciPjwvc3ZnPg==\" style=\"--smush-placeholder-width: 1024px; --smush-placeholder-aspect-ratio: 1024\/768;\" \/><\/a><\/figure><\/li><li class=\"blocks-gallery-item\"><figure><a href=\"https:\/\/gazetaregionalna.com\/wp-content\/uploads\/2022\/03\/marzanny5.jpg\"><img decoding=\"async\" width=\"1024\" height=\"768\" data-src=\"https:\/\/gazetaregionalna.com\/wp-content\/uploads\/2022\/03\/marzanny5-1024x768.jpg\" alt=\"\" data-id=\"74220\" data-full-url=\"https:\/\/gazetaregionalna.com\/wp-content\/uploads\/2022\/03\/marzanny5.jpg\" data-link=\"https:\/\/gazetaregionalna.com\/?attachment_id=74220\" class=\"wp-image-74220 lazyload\" data-srcset=\"https:\/\/gazetaregionalna.com\/wp-content\/uploads\/2022\/03\/marzanny5-1024x768.jpg 1024w, https:\/\/gazetaregionalna.com\/wp-content\/uploads\/2022\/03\/marzanny5-300x225.jpg 300w, https:\/\/gazetaregionalna.com\/wp-content\/uploads\/2022\/03\/marzanny5-768x576.jpg 768w, https:\/\/gazetaregionalna.com\/wp-content\/uploads\/2022\/03\/marzanny5-1536x1152.jpg 1536w, https:\/\/gazetaregionalna.com\/wp-content\/uploads\/2022\/03\/marzanny5-696x522.jpg 696w, https:\/\/gazetaregionalna.com\/wp-content\/uploads\/2022\/03\/marzanny5-1068x801.jpg 1068w, https:\/\/gazetaregionalna.com\/wp-content\/uploads\/2022\/03\/marzanny5-560x420.jpg 560w, https:\/\/gazetaregionalna.com\/wp-content\/uploads\/2022\/03\/marzanny5-80x60.jpg 80w, https:\/\/gazetaregionalna.com\/wp-content\/uploads\/2022\/03\/marzanny5-265x198.jpg 265w, https:\/\/gazetaregionalna.com\/wp-content\/uploads\/2022\/03\/marzanny5.jpg 1600w\" data-sizes=\"(max-width: 1024px) 100vw, 1024px\" src=\"data:image\/svg+xml;base64,PHN2ZyB3aWR0aD0iMSIgaGVpZ2h0PSIxIiB4bWxucz0iaHR0cDovL3d3dy53My5vcmcvMjAwMC9zdmciPjwvc3ZnPg==\" style=\"--smush-placeholder-width: 1024px; --smush-placeholder-aspect-ratio: 1024\/768;\" \/><\/a><\/figure><\/li><li class=\"blocks-gallery-item\"><figure><a href=\"https:\/\/gazetaregionalna.com\/wp-content\/uploads\/2022\/03\/marzanny3.jpg\"><img decoding=\"async\" width=\"1024\" height=\"768\" data-src=\"https:\/\/gazetaregionalna.com\/wp-content\/uploads\/2022\/03\/marzanny3-1024x768.jpg\" alt=\"\" data-id=\"74218\" data-full-url=\"https:\/\/gazetaregionalna.com\/wp-content\/uploads\/2022\/03\/marzanny3.jpg\" data-link=\"https:\/\/gazetaregionalna.com\/?attachment_id=74218\" class=\"wp-image-74218 lazyload\" data-srcset=\"https:\/\/gazetaregionalna.com\/wp-content\/uploads\/2022\/03\/marzanny3-1024x768.jpg 1024w, https:\/\/gazetaregionalna.com\/wp-content\/uploads\/2022\/03\/marzanny3-300x225.jpg 300w, https:\/\/gazetaregionalna.com\/wp-content\/uploads\/2022\/03\/marzanny3-768x576.jpg 768w, https:\/\/gazetaregionalna.com\/wp-content\/uploads\/2022\/03\/marzanny3-1536x1152.jpg 1536w, https:\/\/gazetaregionalna.com\/wp-content\/uploads\/2022\/03\/marzanny3-696x522.jpg 696w, https:\/\/gazetaregionalna.com\/wp-content\/uploads\/2022\/03\/marzanny3-1068x801.jpg 1068w, https:\/\/gazetaregionalna.com\/wp-content\/uploads\/2022\/03\/marzanny3-560x420.jpg 560w, https:\/\/gazetaregionalna.com\/wp-content\/uploads\/2022\/03\/marzanny3-80x60.jpg 80w, https:\/\/gazetaregionalna.com\/wp-content\/uploads\/2022\/03\/marzanny3-265x198.jpg 265w, https:\/\/gazetaregionalna.com\/wp-content\/uploads\/2022\/03\/marzanny3.jpg 1600w\" data-sizes=\"(max-width: 1024px) 100vw, 1024px\" src=\"data:image\/svg+xml;base64,PHN2ZyB3aWR0aD0iMSIgaGVpZ2h0PSIxIiB4bWxucz0iaHR0cDovL3d3dy53My5vcmcvMjAwMC9zdmciPjwvc3ZnPg==\" style=\"--smush-placeholder-width: 1024px; --smush-placeholder-aspect-ratio: 1024\/768;\" \/><\/a><\/figure><\/li><li class=\"blocks-gallery-item\"><figure><a href=\"https:\/\/gazetaregionalna.com\/wp-content\/uploads\/2022\/03\/marzanny.jpg\"><img decoding=\"async\" width=\"1024\" height=\"768\" data-src=\"https:\/\/gazetaregionalna.com\/wp-content\/uploads\/2022\/03\/marzanny-1024x768.jpg\" alt=\"\" data-id=\"74216\" data-full-url=\"https:\/\/gazetaregionalna.com\/wp-content\/uploads\/2022\/03\/marzanny.jpg\" data-link=\"https:\/\/gazetaregionalna.com\/?attachment_id=74216\" class=\"wp-image-74216 lazyload\" data-srcset=\"https:\/\/gazetaregionalna.com\/wp-content\/uploads\/2022\/03\/marzanny-1024x768.jpg 1024w, https:\/\/gazetaregionalna.com\/wp-content\/uploads\/2022\/03\/marzanny-300x225.jpg 300w, https:\/\/gazetaregionalna.com\/wp-content\/uploads\/2022\/03\/marzanny-768x576.jpg 768w, https:\/\/gazetaregionalna.com\/wp-content\/uploads\/2022\/03\/marzanny-1536x1152.jpg 1536w, https:\/\/gazetaregionalna.com\/wp-content\/uploads\/2022\/03\/marzanny-696x522.jpg 696w, https:\/\/gazetaregionalna.com\/wp-content\/uploads\/2022\/03\/marzanny-1068x801.jpg 1068w, https:\/\/gazetaregionalna.com\/wp-content\/uploads\/2022\/03\/marzanny-560x420.jpg 560w, https:\/\/gazetaregionalna.com\/wp-content\/uploads\/2022\/03\/marzanny-80x60.jpg 80w, https:\/\/gazetaregionalna.com\/wp-content\/uploads\/2022\/03\/marzanny-265x198.jpg 265w, https:\/\/gazetaregionalna.com\/wp-content\/uploads\/2022\/03\/marzanny.jpg 1600w\" data-sizes=\"(max-width: 1024px) 100vw, 1024px\" src=\"data:image\/svg+xml;base64,PHN2ZyB3aWR0aD0iMSIgaGVpZ2h0PSIxIiB4bWxucz0iaHR0cDovL3d3dy53My5vcmcvMjAwMC9zdmciPjwvc3ZnPg==\" style=\"--smush-placeholder-width: 1024px; --smush-placeholder-aspect-ratio: 1024\/768;\" \/><\/a><\/figure><\/li><\/ul><figcaption class=\"blocks-gallery-caption\">Konkurs na najpi\u0119kniejsz\u0105 marzann\u0119 (fot. Katarzyna Ociepa\/Muzeum Cz\u0119stochowskie)<\/figcaption><\/figure>\n\n\n\n<p><strong><a href=\"https:\/\/gazetaregionalna.com\/pierwszy-dzien-wiosny-21-marca\/\">Czytaj tak\u017ce: Marzanno, Marzanno ty zimowa panno\u2026 21 marca przypada Pierwszy Dzie\u0144 Wiosny. Jak kiedy\u015b obchodzono ten dzie\u0144?<\/a><\/strong><\/p>\n","protected":false},"excerpt":{"rendered":"<p>21 marca odby\u0142a si\u0119 kolejna edycja &#8222;Konkursu na najpi\u0119kniejsz\u0105 marzann\u0119&#8221;. To element tradycyjnej akcji &#8222;Muzeum odwo\u0142uje zim\u0119&#8221;. To ju\u017c tradycja, \u017ce pierwszego dnia wiosny<\/p>\n","protected":false},"author":18,"featured_media":74219,"comment_status":"closed","ping_status":"open","sticky":false,"template":"","format":"standard","meta":{"_monsterinsights_skip_tracking":false,"_monsterinsights_sitenote_active":false,"_monsterinsights_sitenote_note":"","_monsterinsights_sitenote_category":0,"_uf_show_specific_survey":0,"_uf_disable_surveys":false,"footnotes":""},"categories":[41,3,12,97,2],"tags":[89,4221,136,1896],"class_list":["post-74214","post","type-post","status-publish","format-standard","has-post-thumbnail","hentry","category-edukacja","category-czestochowa-informacje","category-kultura-i-rozrywka","category-rodzina","category-wiadomosci","tag-konkurs","tag-marzanna","tag-muzeum-czestochowskie","tag-wiosna"],"_links":{"self":[{"href":"https:\/\/gazetaregionalna.com\/index.php?rest_route=\/wp\/v2\/posts\/74214","targetHints":{"allow":["GET"]}}],"collection":[{"href":"https:\/\/gazetaregionalna.com\/index.php?rest_route=\/wp\/v2\/posts"}],"about":[{"href":"https:\/\/gazetaregionalna.com\/index.php?rest_route=\/wp\/v2\/types\/post"}],"author":[{"embeddable":true,"href":"https:\/\/gazetaregionalna.com\/index.php?rest_route=\/wp\/v2\/users\/18"}],"replies":[{"embeddable":true,"href":"https:\/\/gazetaregionalna.com\/index.php?rest_route=%2Fwp%2Fv2%2Fcomments&post=74214"}],"version-history":[{"count":7,"href":"https:\/\/gazetaregionalna.com\/index.php?rest_route=\/wp\/v2\/posts\/74214\/revisions"}],"predecessor-version":[{"id":74228,"href":"https:\/\/gazetaregionalna.com\/index.php?rest_route=\/wp\/v2\/posts\/74214\/revisions\/74228"}],"wp:featuredmedia":[{"embeddable":true,"href":"https:\/\/gazetaregionalna.com\/index.php?rest_route=\/wp\/v2\/media\/74219"}],"wp:attachment":[{"href":"https:\/\/gazetaregionalna.com\/index.php?rest_route=%2Fwp%2Fv2%2Fmedia&parent=74214"}],"wp:term":[{"taxonomy":"category","embeddable":true,"href":"https:\/\/gazetaregionalna.com\/index.php?rest_route=%2Fwp%2Fv2%2Fcategories&post=74214"},{"taxonomy":"post_tag","embeddable":true,"href":"https:\/\/gazetaregionalna.com\/index.php?rest_route=%2Fwp%2Fv2%2Ftags&post=74214"}],"curies":[{"name":"wp","href":"https:\/\/api.w.org\/{rel}","templated":true}]}}