{"id":74013,"date":"2022-03-18T19:36:20","date_gmt":"2022-03-18T19:36:20","guid":{"rendered":"https:\/\/gazetaregionalna.com\/?p=74013"},"modified":"2022-03-18T19:36:20","modified_gmt":"2022-03-18T19:36:20","slug":"wlokniarz-i-tor-w-czestochowie-otrzymali-licencje-na-2022-rok","status":"publish","type":"post","link":"https:\/\/gazetaregionalna.com\/?p=74013","title":{"rendered":"W\u0142\u00f3kniarz i tor w Cz\u0119stochowie otrzymali licencj\u0119 na 2022 rok!"},"content":{"rendered":"\n<p>Bardzo dobre wie\u015bci dotar\u0142y dzi\u015b do nas z serca naszego klubu, czyli toru przy ul. Olszty\u0144skiej. Decyzj\u0105 Andrzeja Polkowskiego oraz Leszka Demskiego obiekt w Cz\u0119stochowie, na kt\u00f3rym rozgrywane s\u0105 mecze w PGE Ekstralidze, zawody indywidualne oraz treningi otrzyma\u0142 licencj\u0119, kt\u00f3ra umo\u017cliwia legaln\u0105 organizacj\u0119 tych\u017ce zawod\u00f3w w zbli\u017caj\u0105cym si\u0119 sezonie 2022.<\/p>\n\n\n\n<p>Delegaci z ramienia Polskiego Zwi\u0105zku Motorowego oraz Speedway Ekstraligi byli pod wra\u017ceniem inwestycji, jakie poczynione zosta\u0142y na stadionie w Cz\u0119stochowie przy ul. \u017bu\u017clowej. Ich skala: wymiana band, monta\u017c odwodnienia liniowego czy budowa podestu dla fotoreporter\u00f3w &#8211; oraz efekt finalny wywar\u0142y na nich bardzo du\u017ce wra\u017cenie. Cieszymy si\u0119 z otrzymanej oceny \u201ebardzo dobrej\u201d, kt\u00f3r\u0105 obserwatorzy wystawili naszemu klubowi, a kt\u00f3ra to jest dla nas dodatkow\u0105 motywacj\u0105.<\/p>\n\n\n\n<p>Dzisiejsza licencja pozwala cz\u0119stochowskiemu klubowi ju\u017c oficjalnie napisa\u0107 do wszystkich kibic\u00f3w W\u0142\u00f3kniarza Cz\u0119stochowa kr\u00f3tkie przes\u0142anie: Do zobaczenia wkr\u00f3tce na Arena zielona-energia.com!<\/p>\n\n\n\n<p>AK, informacja prasowa klubu<\/p>\n\n\n\n<figure class=\"wp-block-image size-large\"><img decoding=\"async\" width=\"1024\" height=\"768\" data-src=\"https:\/\/gazetaregionalna.com\/wp-content\/uploads\/2022\/03\/Tor-Wlokniarz-1-1024x768.jpeg\" alt=\"\" class=\"wp-image-74014 lazyload\" data-srcset=\"https:\/\/gazetaregionalna.com\/wp-content\/uploads\/2022\/03\/Tor-Wlokniarz-1-1024x768.jpeg 1024w, https:\/\/gazetaregionalna.com\/wp-content\/uploads\/2022\/03\/Tor-Wlokniarz-1-300x225.jpeg 300w, https:\/\/gazetaregionalna.com\/wp-content\/uploads\/2022\/03\/Tor-Wlokniarz-1-768x576.jpeg 768w, https:\/\/gazetaregionalna.com\/wp-content\/uploads\/2022\/03\/Tor-Wlokniarz-1-1536x1152.jpeg 1536w, https:\/\/gazetaregionalna.com\/wp-content\/uploads\/2022\/03\/Tor-Wlokniarz-1-696x522.jpeg 696w, https:\/\/gazetaregionalna.com\/wp-content\/uploads\/2022\/03\/Tor-Wlokniarz-1-1068x801.jpeg 1068w, https:\/\/gazetaregionalna.com\/wp-content\/uploads\/2022\/03\/Tor-Wlokniarz-1-1920x1440.jpeg 1920w, https:\/\/gazetaregionalna.com\/wp-content\/uploads\/2022\/03\/Tor-Wlokniarz-1-560x420.jpeg 560w, https:\/\/gazetaregionalna.com\/wp-content\/uploads\/2022\/03\/Tor-Wlokniarz-1-80x60.jpeg 80w, https:\/\/gazetaregionalna.com\/wp-content\/uploads\/2022\/03\/Tor-Wlokniarz-1-265x198.jpeg 265w, https:\/\/gazetaregionalna.com\/wp-content\/uploads\/2022\/03\/Tor-Wlokniarz-1.jpeg 1600w\" data-sizes=\"(max-width: 1024px) 100vw, 1024px\" src=\"data:image\/svg+xml;base64,PHN2ZyB3aWR0aD0iMSIgaGVpZ2h0PSIxIiB4bWxucz0iaHR0cDovL3d3dy53My5vcmcvMjAwMC9zdmciPjwvc3ZnPg==\" style=\"--smush-placeholder-width: 1024px; --smush-placeholder-aspect-ratio: 1024\/768;\" \/><\/figure>\n\n\n\n<figure class=\"wp-block-image size-large\"><img decoding=\"async\" width=\"300\" height=\"250\" data-src=\"https:\/\/gazetaregionalna.com\/wp-content\/uploads\/2021\/10\/DMKInvest2.jpg\" alt=\"\" class=\"wp-image-58380 lazyload\" src=\"data:image\/svg+xml;base64,PHN2ZyB3aWR0aD0iMSIgaGVpZ2h0PSIxIiB4bWxucz0iaHR0cDovL3d3dy53My5vcmcvMjAwMC9zdmciPjwvc3ZnPg==\" style=\"--smush-placeholder-width: 300px; --smush-placeholder-aspect-ratio: 300\/250;\"><\/figure>\n\n\n\n<figure class=\"wp-block-image size-large\"><img decoding=\"async\" width=\"1024\" height=\"768\" data-src=\"https:\/\/gazetaregionalna.com\/wp-content\/uploads\/2022\/03\/Tor-Wlokniarz-2-1024x768.jpeg\" alt=\"\" class=\"wp-image-74015 lazyload\" data-srcset=\"https:\/\/gazetaregionalna.com\/wp-content\/uploads\/2022\/03\/Tor-Wlokniarz-2-1024x768.jpeg 1024w, https:\/\/gazetaregionalna.com\/wp-content\/uploads\/2022\/03\/Tor-Wlokniarz-2-300x225.jpeg 300w, https:\/\/gazetaregionalna.com\/wp-content\/uploads\/2022\/03\/Tor-Wlokniarz-2-768x576.jpeg 768w, https:\/\/gazetaregionalna.com\/wp-content\/uploads\/2022\/03\/Tor-Wlokniarz-2-1536x1152.jpeg 1536w, https:\/\/gazetaregionalna.com\/wp-content\/uploads\/2022\/03\/Tor-Wlokniarz-2-696x522.jpeg 696w, https:\/\/gazetaregionalna.com\/wp-content\/uploads\/2022\/03\/Tor-Wlokniarz-2-1068x801.jpeg 1068w, https:\/\/gazetaregionalna.com\/wp-content\/uploads\/2022\/03\/Tor-Wlokniarz-2-1920x1440.jpeg 1920w, https:\/\/gazetaregionalna.com\/wp-content\/uploads\/2022\/03\/Tor-Wlokniarz-2-560x420.jpeg 560w, https:\/\/gazetaregionalna.com\/wp-content\/uploads\/2022\/03\/Tor-Wlokniarz-2-80x60.jpeg 80w, https:\/\/gazetaregionalna.com\/wp-content\/uploads\/2022\/03\/Tor-Wlokniarz-2-265x198.jpeg 265w, https:\/\/gazetaregionalna.com\/wp-content\/uploads\/2022\/03\/Tor-Wlokniarz-2.jpeg 1600w\" data-sizes=\"(max-width: 1024px) 100vw, 1024px\" src=\"data:image\/svg+xml;base64,PHN2ZyB3aWR0aD0iMSIgaGVpZ2h0PSIxIiB4bWxucz0iaHR0cDovL3d3dy53My5vcmcvMjAwMC9zdmciPjwvc3ZnPg==\" style=\"--smush-placeholder-width: 1024px; --smush-placeholder-aspect-ratio: 1024\/768;\" \/><\/figure>\n","protected":false},"excerpt":{"rendered":"<p>Bardzo dobre wie\u015bci dotar\u0142y dzi\u015b do nas z serca naszego klubu, czyli toru przy ul. Olszty\u0144skiej. Decyzj\u0105 Andrzeja Polkowskiego oraz Leszka Demskiego obiekt w<\/p>\n","protected":false},"author":15,"featured_media":74014,"comment_status":"closed","ping_status":"open","sticky":false,"template":"","format":"standard","meta":{"_monsterinsights_skip_tracking":false,"_monsterinsights_sitenote_active":false,"_monsterinsights_sitenote_note":"","_monsterinsights_sitenote_category":0,"_uf_show_specific_survey":0,"_uf_disable_surveys":false,"footnotes":""},"categories":[94,3,5,2,7],"tags":[],"class_list":["post-74013","post","type-post","status-publish","format-standard","has-post-thumbnail","hentry","category-polecane","category-czestochowa-informacje","category-sport","category-wiadomosci","category-zuzel"],"_links":{"self":[{"href":"https:\/\/gazetaregionalna.com\/index.php?rest_route=\/wp\/v2\/posts\/74013","targetHints":{"allow":["GET"]}}],"collection":[{"href":"https:\/\/gazetaregionalna.com\/index.php?rest_route=\/wp\/v2\/posts"}],"about":[{"href":"https:\/\/gazetaregionalna.com\/index.php?rest_route=\/wp\/v2\/types\/post"}],"author":[{"embeddable":true,"href":"https:\/\/gazetaregionalna.com\/index.php?rest_route=\/wp\/v2\/users\/15"}],"replies":[{"embeddable":true,"href":"https:\/\/gazetaregionalna.com\/index.php?rest_route=%2Fwp%2Fv2%2Fcomments&post=74013"}],"version-history":[{"count":1,"href":"https:\/\/gazetaregionalna.com\/index.php?rest_route=\/wp\/v2\/posts\/74013\/revisions"}],"predecessor-version":[{"id":74016,"href":"https:\/\/gazetaregionalna.com\/index.php?rest_route=\/wp\/v2\/posts\/74013\/revisions\/74016"}],"wp:featuredmedia":[{"embeddable":true,"href":"https:\/\/gazetaregionalna.com\/index.php?rest_route=\/wp\/v2\/media\/74014"}],"wp:attachment":[{"href":"https:\/\/gazetaregionalna.com\/index.php?rest_route=%2Fwp%2Fv2%2Fmedia&parent=74013"}],"wp:term":[{"taxonomy":"category","embeddable":true,"href":"https:\/\/gazetaregionalna.com\/index.php?rest_route=%2Fwp%2Fv2%2Fcategories&post=74013"},{"taxonomy":"post_tag","embeddable":true,"href":"https:\/\/gazetaregionalna.com\/index.php?rest_route=%2Fwp%2Fv2%2Ftags&post=74013"}],"curies":[{"name":"wp","href":"https:\/\/api.w.org\/{rel}","templated":true}]}}