{"id":73883,"date":"2022-03-16T15:56:29","date_gmt":"2022-03-16T15:56:29","guid":{"rendered":"https:\/\/gazetaregionalna.com\/?p=73883"},"modified":"2022-03-16T15:57:24","modified_gmt":"2022-03-16T15:57:24","slug":"zuzlowcy-wlokniarza-przebywaja-w-szczyrku-na-wyjezdzie-integracyjnym","status":"publish","type":"post","link":"https:\/\/gazetaregionalna.com\/?p=73883","title":{"rendered":"\u017bu\u017clowcy W\u0142\u00f3kniarza przebywaj\u0105 w Szczyrku na wyje\u017adzie integracyjnym"},"content":{"rendered":"\n<p>Je\u017cd\u017c\u0105 na nartach, spaceruj\u0105 po g\u00f3rach, p\u0142ywaj\u0105 w basenie. \u017bu\u017clowcy W\u0142\u00f3kniarza przebywaj\u0105 w Szczyrku na integracyjnym zgrupowaniu, kt\u00f3re ma zbudowa\u0107 bardzo dobr\u0105 atmosfer\u0119 przed zbli\u017caj\u0105cym si\u0119 sezonem w PGE Ekstralidze.<\/p>\n\n\n\n<p>Cz\u0119stochowianie do Szczurku wyjechali w poniedzia\u0142ek. Na wyjazd integracyjny udali si\u0119 trener Lech K\u0119dziora oraz mened\u017cer Jaros\u0142aw Dymek i zawodnicy: Jakub Mi\u015bkowiak, Mateusz \u015awidnicki, Kajetan Kupiec, Bartosz Smekta\u0142a i Jonas Jeppesen. W Szczyrku zameldowali si\u0119 te\u017c Kacper Woryna, Leon Madsen i Fredrik Lindgren, kt\u00f3rzy dotarli w\u0142asnymi \u015brodkami transportu. Najwa\u017cniejsze jest jednak to, \u017ce ekstraligowy sk\u0142ad jest ju\u017c w komplecie i dru\u017cyna mo\u017ce budowa\u0107 pozytywn\u0105 atmosfer\u0119.<\/p>\n\n\n\n<p>Dzia\u0142acze W\u0142\u00f3kniarza stworzyli \u017cu\u017clowcom dobre warunki. Ci mog\u0105 poje\u017adzi\u0107 na nartach, p\u0142ywa\u0107 w basenie, spacerowa\u0107 po g\u00f3rskich szlakach czy te\u017c skorzysta\u0107 z odnowy biologicznej. Celem wyjazdu jest jednak integracja dru\u017cyny i stworzenie bardzo dobrej atmosfery.<\/p>\n\n\n\n<p>MR-K, foto: AK<\/p>\n\n\n\n<figure class=\"wp-block-image size-large\"><img decoding=\"async\" width=\"1024\" height=\"631\" data-src=\"https:\/\/gazetaregionalna.com\/wp-content\/uploads\/2021\/07\/CKM-Stal-0000000-1024x631.jpg\" alt=\"\" class=\"wp-image-46451 lazyload\" data-srcset=\"https:\/\/gazetaregionalna.com\/wp-content\/uploads\/2021\/07\/CKM-Stal-0000000-1024x631.jpg 1024w, https:\/\/gazetaregionalna.com\/wp-content\/uploads\/2021\/07\/CKM-Stal-0000000-300x185.jpg 300w, https:\/\/gazetaregionalna.com\/wp-content\/uploads\/2021\/07\/CKM-Stal-0000000-768x473.jpg 768w, https:\/\/gazetaregionalna.com\/wp-content\/uploads\/2021\/07\/CKM-Stal-0000000-1536x947.jpg 1536w, https:\/\/gazetaregionalna.com\/wp-content\/uploads\/2021\/07\/CKM-Stal-0000000-2048x1263.jpg 2048w, https:\/\/gazetaregionalna.com\/wp-content\/uploads\/2021\/07\/CKM-Stal-0000000-696x429.jpg 696w, https:\/\/gazetaregionalna.com\/wp-content\/uploads\/2021\/07\/CKM-Stal-0000000-1068x658.jpg 1068w, https:\/\/gazetaregionalna.com\/wp-content\/uploads\/2021\/07\/CKM-Stal-0000000-1920x1184.jpg 1920w, https:\/\/gazetaregionalna.com\/wp-content\/uploads\/2021\/07\/CKM-Stal-0000000-681x420.jpg 681w, https:\/\/gazetaregionalna.com\/wp-content\/uploads\/2021\/07\/CKM-Stal-0000000-356x220.jpg 356w, https:\/\/gazetaregionalna.com\/wp-content\/uploads\/2021\/07\/CKM-Stal-0000000-scaled.jpg 1200w\" data-sizes=\"(max-width: 1024px) 100vw, 1024px\" src=\"data:image\/svg+xml;base64,PHN2ZyB3aWR0aD0iMSIgaGVpZ2h0PSIxIiB4bWxucz0iaHR0cDovL3d3dy53My5vcmcvMjAwMC9zdmciPjwvc3ZnPg==\" style=\"--smush-placeholder-width: 1024px; --smush-placeholder-aspect-ratio: 1024\/631;\" \/><\/figure>\n\n\n\n<figure class=\"wp-block-image size-large\"><img decoding=\"async\" width=\"1024\" height=\"603\" data-src=\"https:\/\/gazetaregionalna.com\/wp-content\/uploads\/2021\/07\/CKM-Stal-1-1024x603.jpg\" alt=\"\" class=\"wp-image-46458 lazyload\" data-srcset=\"https:\/\/gazetaregionalna.com\/wp-content\/uploads\/2021\/07\/CKM-Stal-1-1024x603.jpg 1024w, https:\/\/gazetaregionalna.com\/wp-content\/uploads\/2021\/07\/CKM-Stal-1-300x177.jpg 300w, https:\/\/gazetaregionalna.com\/wp-content\/uploads\/2021\/07\/CKM-Stal-1-768x452.jpg 768w, https:\/\/gazetaregionalna.com\/wp-content\/uploads\/2021\/07\/CKM-Stal-1-1536x905.jpg 1536w, https:\/\/gazetaregionalna.com\/wp-content\/uploads\/2021\/07\/CKM-Stal-1-2048x1206.jpg 2048w, https:\/\/gazetaregionalna.com\/wp-content\/uploads\/2021\/07\/CKM-Stal-1-696x410.jpg 696w, https:\/\/gazetaregionalna.com\/wp-content\/uploads\/2021\/07\/CKM-Stal-1-1068x629.jpg 1068w, https:\/\/gazetaregionalna.com\/wp-content\/uploads\/2021\/07\/CKM-Stal-1-1920x1131.jpg 1920w, https:\/\/gazetaregionalna.com\/wp-content\/uploads\/2021\/07\/CKM-Stal-1-713x420.jpg 713w, https:\/\/gazetaregionalna.com\/wp-content\/uploads\/2021\/07\/CKM-Stal-1-scaled.jpg 1200w\" data-sizes=\"(max-width: 1024px) 100vw, 1024px\" src=\"data:image\/svg+xml;base64,PHN2ZyB3aWR0aD0iMSIgaGVpZ2h0PSIxIiB4bWxucz0iaHR0cDovL3d3dy53My5vcmcvMjAwMC9zdmciPjwvc3ZnPg==\" style=\"--smush-placeholder-width: 1024px; --smush-placeholder-aspect-ratio: 1024\/603;\" \/><\/figure>\n\n\n\n<figure class=\"wp-block-image size-large\"><img decoding=\"async\" width=\"300\" height=\"250\" data-src=\"https:\/\/gazetaregionalna.com\/wp-content\/uploads\/2021\/10\/DMKInvest2.jpg\" alt=\"\" class=\"wp-image-58380 lazyload\" src=\"data:image\/svg+xml;base64,PHN2ZyB3aWR0aD0iMSIgaGVpZ2h0PSIxIiB4bWxucz0iaHR0cDovL3d3dy53My5vcmcvMjAwMC9zdmciPjwvc3ZnPg==\" style=\"--smush-placeholder-width: 300px; --smush-placeholder-aspect-ratio: 300\/250;\"><\/figure>\n","protected":false},"excerpt":{"rendered":"<p>Je\u017cd\u017c\u0105 na nartach, spaceruj\u0105 po g\u00f3rach, p\u0142ywaj\u0105 w basenie. \u017bu\u017clowcy W\u0142\u00f3kniarza przebywaj\u0105 w Szczyrku na integracyjnym zgrupowaniu, kt\u00f3re ma zbudowa\u0107 bardzo dobr\u0105 atmosfer\u0119 przed<\/p>\n","protected":false},"author":15,"featured_media":46458,"comment_status":"closed","ping_status":"open","sticky":false,"template":"","format":"standard","meta":{"_monsterinsights_skip_tracking":false,"_monsterinsights_sitenote_active":false,"_monsterinsights_sitenote_note":"","_monsterinsights_sitenote_category":0,"_uf_show_specific_survey":0,"_uf_disable_surveys":false,"footnotes":""},"categories":[5,7],"tags":[],"class_list":["post-73883","post","type-post","status-publish","format-standard","has-post-thumbnail","hentry","category-sport","category-zuzel"],"_links":{"self":[{"href":"https:\/\/gazetaregionalna.com\/index.php?rest_route=\/wp\/v2\/posts\/73883","targetHints":{"allow":["GET"]}}],"collection":[{"href":"https:\/\/gazetaregionalna.com\/index.php?rest_route=\/wp\/v2\/posts"}],"about":[{"href":"https:\/\/gazetaregionalna.com\/index.php?rest_route=\/wp\/v2\/types\/post"}],"author":[{"embeddable":true,"href":"https:\/\/gazetaregionalna.com\/index.php?rest_route=\/wp\/v2\/users\/15"}],"replies":[{"embeddable":true,"href":"https:\/\/gazetaregionalna.com\/index.php?rest_route=%2Fwp%2Fv2%2Fcomments&post=73883"}],"version-history":[{"count":1,"href":"https:\/\/gazetaregionalna.com\/index.php?rest_route=\/wp\/v2\/posts\/73883\/revisions"}],"predecessor-version":[{"id":73884,"href":"https:\/\/gazetaregionalna.com\/index.php?rest_route=\/wp\/v2\/posts\/73883\/revisions\/73884"}],"wp:featuredmedia":[{"embeddable":true,"href":"https:\/\/gazetaregionalna.com\/index.php?rest_route=\/wp\/v2\/media\/46458"}],"wp:attachment":[{"href":"https:\/\/gazetaregionalna.com\/index.php?rest_route=%2Fwp%2Fv2%2Fmedia&parent=73883"}],"wp:term":[{"taxonomy":"category","embeddable":true,"href":"https:\/\/gazetaregionalna.com\/index.php?rest_route=%2Fwp%2Fv2%2Fcategories&post=73883"},{"taxonomy":"post_tag","embeddable":true,"href":"https:\/\/gazetaregionalna.com\/index.php?rest_route=%2Fwp%2Fv2%2Ftags&post=73883"}],"curies":[{"name":"wp","href":"https:\/\/api.w.org\/{rel}","templated":true}]}}