{"id":73863,"date":"2022-03-16T09:47:17","date_gmt":"2022-03-16T09:47:17","guid":{"rendered":"https:\/\/gazetaregionalna.com\/?p=73863"},"modified":"2022-03-16T09:47:18","modified_gmt":"2022-03-16T09:47:18","slug":"areszt-za-rozboj-z-gazem-obezwladniajacym","status":"publish","type":"post","link":"https:\/\/gazetaregionalna.com\/?p=73863","title":{"rendered":"K\u0142obuccy kryminalni zatrzymali m\u0119\u017cczyzn\u0119 za rozb\u00f3j z u\u017cyciem gazu obezw\u0142adniaj\u0105cego"},"content":{"rendered":"\n<p><strong>K\u0142obuccy funkcjonariusze zatrzymali 29-latka, podejrzanego o dokonanie rozboju z u\u017cyciem gazu obezw\u0142adniaj\u0105cego. Do zdarzenia dosz\u0142o w sobot\u0119, 5 marca w sklepie spo\u017cywczo \u2013 monopolowym przy ul. Paderewskiego w K\u0142obucku.<\/strong><\/p>\n\n\n\n<p>W sobot\u0119, 5 marca, oko\u0142o godziny 21.50 mia\u0142 miejsce napad, do kt\u00f3rego dosz\u0142o w sklepie spo\u017cywczo-monopolowym przy ul. Paderewskiego w K\u0142obucku. Z ustale\u0144 policji wynika\u0142o, \u017ce zamaskowany sprawca wszed\u0142 do sklepu, gdzie u\u017cy\u0142 gazu obezw\u0142adniaj\u0105cego wobec znajduj\u0105cej si\u0119 w \u015brodku ekspedientki. Nast\u0119pnie ukrad\u0142 znajduj\u0105ce si\u0119 w kasie pieni\u0105dze.<\/p>\n\n\n\n<p>Po kradzie\u017cy pieni\u0119dzy, zamaskowany m\u0119\u017cczyzna wybieg\u0142 ze sklepu i uciek\u0142. Ekspedientka, wobec kt\u00f3rej sprawca u\u017cy\u0142 gazu, nie dozna\u0142a powa\u017cnych obra\u017ce\u0144 cia\u0142a i na miejscu zosta\u0142a zaopatrzona przez zesp\u00f3\u0142 karetki pogotowia ratunkowego.<\/p>\n\n\n\n<p>O zdarzeniu oficer dy\u017curny k\u0142obuckiej komendy zosta\u0142 powiadomiony przez przypadkowego \u015bwiadka, kt\u00f3rym by\u0142 klient. Przyszed\u0142 on do sklepu po napadzie. Na miejsce skierowano mundurowych, kryminalnych z technikiem kryminalistyki oraz przewodnika z psem tropi\u0105cym. Zabezpieczono r\u00f3wnie\u017c nagrania z monitoringu wizyjnego.<\/p>\n\n\n\n<figure class=\"wp-block-image size-large\"><a href=\"https:\/\/klobuck.policja.gov.pl\/k12\/informacje\/wiadomosci\/332731,Areszt-za-rozboj-z-uzyciem-gazu-obezwladniajacego.html\" target=\"_blank\" rel=\"noopener\"><img decoding=\"async\" width=\"1024\" height=\"683\" data-src=\"https:\/\/gazetaregionalna.com\/wp-content\/uploads\/2022\/03\/47-697327-1024x683.jpg\" alt=\"rozb\u00f3j\" class=\"wp-image-73866 lazyload\" data-srcset=\"https:\/\/gazetaregionalna.com\/wp-content\/uploads\/2022\/03\/47-697327-1024x683.jpg 1024w, https:\/\/gazetaregionalna.com\/wp-content\/uploads\/2022\/03\/47-697327-300x200.jpg 300w, https:\/\/gazetaregionalna.com\/wp-content\/uploads\/2022\/03\/47-697327-768x512.jpg 768w, https:\/\/gazetaregionalna.com\/wp-content\/uploads\/2022\/03\/47-697327-696x464.jpg 696w, https:\/\/gazetaregionalna.com\/wp-content\/uploads\/2022\/03\/47-697327-1068x712.jpg 1068w, https:\/\/gazetaregionalna.com\/wp-content\/uploads\/2022\/03\/47-697327-630x420.jpg 630w, https:\/\/gazetaregionalna.com\/wp-content\/uploads\/2022\/03\/47-697327.jpg 1200w\" data-sizes=\"(max-width: 1024px) 100vw, 1024px\" src=\"data:image\/svg+xml;base64,PHN2ZyB3aWR0aD0iMSIgaGVpZ2h0PSIxIiB4bWxucz0iaHR0cDovL3d3dy53My5vcmcvMjAwMC9zdmciPjwvc3ZnPg==\" style=\"--smush-placeholder-width: 1024px; --smush-placeholder-aspect-ratio: 1024\/683;\" \/><\/a><figcaption>\u017ar\u00f3d\u0142o: KMP K\u0142obuck<\/figcaption><\/figure>\n\n\n\n<p>Intensywna praca k\u0142obuckich \u015bledczych pozwoli\u0142a wytypowa\u0107 m\u0119\u017cczyzn\u0119, kt\u00f3ry m\u00f3g\u0142 mie\u0107 zwi\u0105zek z rozbojem, natomiast przypuszczenia kryminalnych potwierdzi\u0142y si\u0119 podczas dalszych czynno\u015bci realizowanych w sprawie. W konsekwencji, w miniony poniedzia\u0142ek 14 marca, policjanci zatrzymali 29-letniego mieszka\u0144ca K\u0142obucka, kt\u00f3ry na podstawie zebranych dowod\u00f3w us\u0142ysza\u0142 zarzut rozboju z u\u017cyciem gazu obezw\u0142adniaj\u0105cego.<\/p>\n\n\n\n<p>M\u0119\u017cczyzna przyzna\u0142 si\u0119 do postawionych mu zarzut\u00f3w i wyja\u015bni\u0142 okoliczno\u015bci zdarzenia. 15 marca, na wniosek \u015bledczych i prokuratora, cz\u0119stochowski s\u0105d aresztowa\u0142 podejrzanego na trzy miesi\u0105ce. Za rozb\u00f3j grozi mu 12 lat wi\u0119zienia.<\/p>\n\n\n\n<p><strong>LN\u015a<\/strong><\/p>\n","protected":false},"excerpt":{"rendered":"<p>K\u0142obuccy funkcjonariusze zatrzymali 29-latka, podejrzanego o dokonanie rozboju z u\u017cyciem gazu obezw\u0142adniaj\u0105cego. Do zdarzenia dosz\u0142o w sobot\u0119, 5 marca w sklepie spo\u017cywczo \u2013 monopolowym<\/p>\n","protected":false},"author":26,"featured_media":73865,"comment_status":"closed","ping_status":"open","sticky":false,"template":"","format":"standard","meta":{"_monsterinsights_skip_tracking":false,"_monsterinsights_sitenote_active":false,"_monsterinsights_sitenote_note":"","_monsterinsights_sitenote_category":0,"_uf_show_specific_survey":0,"_uf_disable_surveys":false,"footnotes":""},"categories":[44,27,2],"tags":[4169,280,4170,3263],"class_list":["post-73863","post","type-post","status-publish","format-standard","has-post-thumbnail","hentry","category-bezpieczenstwo","category-klobuck-informacje","category-wiadomosci","tag-klobuccy-kryminalni","tag-klobuck","tag-napad","tag-rozboj"],"_links":{"self":[{"href":"https:\/\/gazetaregionalna.com\/index.php?rest_route=\/wp\/v2\/posts\/73863","targetHints":{"allow":["GET"]}}],"collection":[{"href":"https:\/\/gazetaregionalna.com\/index.php?rest_route=\/wp\/v2\/posts"}],"about":[{"href":"https:\/\/gazetaregionalna.com\/index.php?rest_route=\/wp\/v2\/types\/post"}],"author":[{"embeddable":true,"href":"https:\/\/gazetaregionalna.com\/index.php?rest_route=\/wp\/v2\/users\/26"}],"replies":[{"embeddable":true,"href":"https:\/\/gazetaregionalna.com\/index.php?rest_route=%2Fwp%2Fv2%2Fcomments&post=73863"}],"version-history":[{"count":1,"href":"https:\/\/gazetaregionalna.com\/index.php?rest_route=\/wp\/v2\/posts\/73863\/revisions"}],"predecessor-version":[{"id":73867,"href":"https:\/\/gazetaregionalna.com\/index.php?rest_route=\/wp\/v2\/posts\/73863\/revisions\/73867"}],"wp:featuredmedia":[{"embeddable":true,"href":"https:\/\/gazetaregionalna.com\/index.php?rest_route=\/wp\/v2\/media\/73865"}],"wp:attachment":[{"href":"https:\/\/gazetaregionalna.com\/index.php?rest_route=%2Fwp%2Fv2%2Fmedia&parent=73863"}],"wp:term":[{"taxonomy":"category","embeddable":true,"href":"https:\/\/gazetaregionalna.com\/index.php?rest_route=%2Fwp%2Fv2%2Fcategories&post=73863"},{"taxonomy":"post_tag","embeddable":true,"href":"https:\/\/gazetaregionalna.com\/index.php?rest_route=%2Fwp%2Fv2%2Ftags&post=73863"}],"curies":[{"name":"wp","href":"https:\/\/api.w.org\/{rel}","templated":true}]}}