{"id":73825,"date":"2022-03-15T17:34:56","date_gmt":"2022-03-15T17:34:56","guid":{"rendered":"https:\/\/gazetaregionalna.com\/?p=73825"},"modified":"2022-03-15T17:34:57","modified_gmt":"2022-03-15T17:34:57","slug":"puchar-polski-w-paranarciarstwie-alpejskim-i-parasnowbordzie","status":"publish","type":"post","link":"https:\/\/gazetaregionalna.com\/?p=73825","title":{"rendered":"Puchar Polski w paranarciarstwie alpejskim i parasnowbordzie"},"content":{"rendered":"\n<p>Zawodniczki i zawodnicy LKS Gol-Start Cz\u0119stochowa startowali w Pucharze Polski w paranarciarstwie alpejskim i parasnowbordzie z Jurgowie.<\/p>\n\n\n\n<p>&#8211; Puchar Polski w paranarciarstwie alpejskim i parasnowboardzie odby\u0142 si\u0119 w Jurgowie &#8211; relacjonuje wiceprezes LKS Gol-Start Paula Wieczorek. Wystartowali: Oliwia Daroch i Maksymilian Rubak z przewodnikiem, Ewa Pochwat z przewodnikiem oraz Mateusz Noga.\u00a0Zaowocowa\u0142o to dwoma br\u0105zowymi medalami dla Ewy Pochwat i jej przewodnika.\u00a0Oliwia Daroch, Mateusz Noga i Maksymilian Rubak otrzymali wyr\u00f3\u017cnienia. Zmotywowani wr\u00f3cili do domu i bior\u0105 si\u0119 do dalszych trening\u00f3w, by w przysz\u0142ym roku poprawi\u0107 swoje wyniki.<\/p>\n\n\n\n<p> Organizatorem imprezy by\u0142a Fundacja Aktywni Bez Barier.<\/p>\n\n\n\n<p>AK, foto: materia\u0142y prasowe klubu<\/p>\n\n\n\n<figure class=\"wp-block-image size-large\"><img decoding=\"async\" width=\"1024\" height=\"768\" data-src=\"https:\/\/gazetaregionalna.com\/wp-content\/uploads\/2022\/03\/Gol-Start-1024x768.jpg\" alt=\"\" class=\"wp-image-73826 lazyload\" data-srcset=\"https:\/\/gazetaregionalna.com\/wp-content\/uploads\/2022\/03\/Gol-Start-1024x768.jpg 1024w, https:\/\/gazetaregionalna.com\/wp-content\/uploads\/2022\/03\/Gol-Start-300x225.jpg 300w, https:\/\/gazetaregionalna.com\/wp-content\/uploads\/2022\/03\/Gol-Start-768x576.jpg 768w, https:\/\/gazetaregionalna.com\/wp-content\/uploads\/2022\/03\/Gol-Start-1536x1152.jpg 1536w, https:\/\/gazetaregionalna.com\/wp-content\/uploads\/2022\/03\/Gol-Start-696x522.jpg 696w, https:\/\/gazetaregionalna.com\/wp-content\/uploads\/2022\/03\/Gol-Start-1068x801.jpg 1068w, https:\/\/gazetaregionalna.com\/wp-content\/uploads\/2022\/03\/Gol-Start-1920x1440.jpg 1920w, https:\/\/gazetaregionalna.com\/wp-content\/uploads\/2022\/03\/Gol-Start-560x420.jpg 560w, https:\/\/gazetaregionalna.com\/wp-content\/uploads\/2022\/03\/Gol-Start-80x60.jpg 80w, https:\/\/gazetaregionalna.com\/wp-content\/uploads\/2022\/03\/Gol-Start-265x198.jpg 265w, https:\/\/gazetaregionalna.com\/wp-content\/uploads\/2022\/03\/Gol-Start.jpg 1600w\" data-sizes=\"(max-width: 1024px) 100vw, 1024px\" src=\"data:image\/svg+xml;base64,PHN2ZyB3aWR0aD0iMSIgaGVpZ2h0PSIxIiB4bWxucz0iaHR0cDovL3d3dy53My5vcmcvMjAwMC9zdmciPjwvc3ZnPg==\" style=\"--smush-placeholder-width: 1024px; --smush-placeholder-aspect-ratio: 1024\/768;\" \/><\/figure>\n\n\n\n<figure class=\"wp-block-image size-large\"><img decoding=\"async\" width=\"300\" height=\"250\" data-src=\"https:\/\/gazetaregionalna.com\/wp-content\/uploads\/2021\/10\/DMKInvest2.jpg\" alt=\"\" class=\"wp-image-58380 lazyload\" src=\"data:image\/svg+xml;base64,PHN2ZyB3aWR0aD0iMSIgaGVpZ2h0PSIxIiB4bWxucz0iaHR0cDovL3d3dy53My5vcmcvMjAwMC9zdmciPjwvc3ZnPg==\" style=\"--smush-placeholder-width: 300px; --smush-placeholder-aspect-ratio: 300\/250;\"><\/figure>\n","protected":false},"excerpt":{"rendered":"<p>Zawodniczki i zawodnicy LKS Gol-Start Cz\u0119stochowa startowali w Pucharze Polski w paranarciarstwie alpejskim i parasnowbordzie z Jurgowie. &#8211; Puchar Polski w paranarciarstwie alpejskim i<\/p>\n","protected":false},"author":15,"featured_media":73826,"comment_status":"closed","ping_status":"open","sticky":false,"template":"","format":"standard","meta":{"_monsterinsights_skip_tracking":false,"_monsterinsights_sitenote_active":false,"_monsterinsights_sitenote_note":"","_monsterinsights_sitenote_category":0,"_uf_show_specific_survey":0,"_uf_disable_surveys":false,"footnotes":""},"categories":[5,11],"tags":[],"class_list":["post-73825","post","type-post","status-publish","format-standard","has-post-thumbnail","hentry","category-sport","category-pozostale"],"_links":{"self":[{"href":"https:\/\/gazetaregionalna.com\/index.php?rest_route=\/wp\/v2\/posts\/73825","targetHints":{"allow":["GET"]}}],"collection":[{"href":"https:\/\/gazetaregionalna.com\/index.php?rest_route=\/wp\/v2\/posts"}],"about":[{"href":"https:\/\/gazetaregionalna.com\/index.php?rest_route=\/wp\/v2\/types\/post"}],"author":[{"embeddable":true,"href":"https:\/\/gazetaregionalna.com\/index.php?rest_route=\/wp\/v2\/users\/15"}],"replies":[{"embeddable":true,"href":"https:\/\/gazetaregionalna.com\/index.php?rest_route=%2Fwp%2Fv2%2Fcomments&post=73825"}],"version-history":[{"count":1,"href":"https:\/\/gazetaregionalna.com\/index.php?rest_route=\/wp\/v2\/posts\/73825\/revisions"}],"predecessor-version":[{"id":73827,"href":"https:\/\/gazetaregionalna.com\/index.php?rest_route=\/wp\/v2\/posts\/73825\/revisions\/73827"}],"wp:featuredmedia":[{"embeddable":true,"href":"https:\/\/gazetaregionalna.com\/index.php?rest_route=\/wp\/v2\/media\/73826"}],"wp:attachment":[{"href":"https:\/\/gazetaregionalna.com\/index.php?rest_route=%2Fwp%2Fv2%2Fmedia&parent=73825"}],"wp:term":[{"taxonomy":"category","embeddable":true,"href":"https:\/\/gazetaregionalna.com\/index.php?rest_route=%2Fwp%2Fv2%2Fcategories&post=73825"},{"taxonomy":"post_tag","embeddable":true,"href":"https:\/\/gazetaregionalna.com\/index.php?rest_route=%2Fwp%2Fv2%2Ftags&post=73825"}],"curies":[{"name":"wp","href":"https:\/\/api.w.org\/{rel}","templated":true}]}}