{"id":73820,"date":"2022-03-15T16:55:01","date_gmt":"2022-03-15T16:55:01","guid":{"rendered":"https:\/\/gazetaregionalna.com\/?p=73820"},"modified":"2022-03-15T16:55:03","modified_gmt":"2022-03-15T16:55:03","slug":"szkoleniowiec-reprezentacji-polski-czeslaw-michniewicz-powolal-pilkarza-rakowa-patryka-kuna-na-marcowe-zgrupowanie-polski-przed-barazem-do-mistrzostw-swiata","status":"publish","type":"post","link":"https:\/\/gazetaregionalna.com\/?p=73820","title":{"rendered":"Szkoleniowiec reprezentacji Polski Czes\u0142aw Michniewicz powo\u0142a\u0142 pi\u0142karza Rakowa Patryka Kuna na marcowe zgrupowanie Polski przed bara\u017cem do Mistrzostw \u015awiata"},"content":{"rendered":"\n<p>Polski Zwi\u0105zek Pi\u0142ki No\u017cnej og\u0142osi\u0142 we wtorek powo\u0142ania z polskiej ligi na marcowe zgrupowanie reprezentacji Polski przed fina\u0142em bara\u017cu na Mistrzostwa \u015awiata. W gronie czterech zawodnik\u00f3w znalaz\u0142 si\u0119 Patryk Kun z Rakowa. To trzeci pi\u0142karz w historii Rakowa, kt\u00f3ry zosta\u0142 powo\u0142any do seniorskiej reprezentacji Polski.<\/p>\n\n\n\n<p>Selekcjoner reprezentacji Polski Czes\u0142aw Michniewicz powo\u0142a\u0142 na marcowe zgrupowanie reprezentacji Polski i towarzyski mecz ze Szkocj\u0105 czterech pi\u0142karzy z polskiej ligi. To Kamil Grosicki z Pogoni Szczecin, Bartosz Salamon z Lecha Pozna\u0144, Mateusz Wieteska z Legii Warszawa i Patryk Kun z Rakowa Cz\u0119stochowa. <\/p>\n\n\n\n<p>Kun to trzeci pi\u0142karz w historii Rakowa, kt\u00f3ry znalaz\u0142 si\u0119 w reprezentacji Polski. Wcze\u015bniej byli to Pawe\u0142 Skrzypek i Kamil Pi\u0105tkowski. <\/p>\n\n\n\n<p>Polska w marcu zagra sparing ze Szkocj\u0105 oraz zmierzy si\u0119 na stadionie w Chorzowie w finale bara\u017cu do Mistrzostw \u015awiata w Katarze z wygranym z pary: Szwecja &#8211; Czechy.<\/p>\n\n\n\n<p>Powo\u0142ania do swoich reprezentacji otrzymali te\u017c inni pi\u0142karze Rakowa Cz\u0119stochowa, kt\u00f3ry jest liderem PKO BP Ekstraklasy. Tomas Petrasek ma szans\u0119 zagra\u0107 w p\u00f3\u0142finale bara\u017cu do M\u015a mi\u0119dzy Szwecj\u0105 i Czechami. Bramkarz Rakowa Vladan Kovacevi\u0107 otrzyma\u0142 powo\u0142anie do reprezentacji Bo\u015bni i Hercegowiny. <\/p>\n\n\n\n<p>AK, foto: AK<\/p>\n\n\n\n<figure class=\"wp-block-image size-large\"><img decoding=\"async\" width=\"1024\" height=\"683\" data-src=\"https:\/\/gazetaregionalna.com\/wp-content\/uploads\/2022\/03\/Rakow-Stal-1-1024x683.jpg\" alt=\"\" class=\"wp-image-73783 lazyload\" data-srcset=\"https:\/\/gazetaregionalna.com\/wp-content\/uploads\/2022\/03\/Rakow-Stal-1-1024x683.jpg 1024w, https:\/\/gazetaregionalna.com\/wp-content\/uploads\/2022\/03\/Rakow-Stal-1-300x200.jpg 300w, https:\/\/gazetaregionalna.com\/wp-content\/uploads\/2022\/03\/Rakow-Stal-1-768x512.jpg 768w, https:\/\/gazetaregionalna.com\/wp-content\/uploads\/2022\/03\/Rakow-Stal-1-1536x1024.jpg 1536w, https:\/\/gazetaregionalna.com\/wp-content\/uploads\/2022\/03\/Rakow-Stal-1-2048x1366.jpg 2048w, https:\/\/gazetaregionalna.com\/wp-content\/uploads\/2022\/03\/Rakow-Stal-1-696x464.jpg 696w, https:\/\/gazetaregionalna.com\/wp-content\/uploads\/2022\/03\/Rakow-Stal-1-1068x712.jpg 1068w, https:\/\/gazetaregionalna.com\/wp-content\/uploads\/2022\/03\/Rakow-Stal-1-1920x1280.jpg 1920w, https:\/\/gazetaregionalna.com\/wp-content\/uploads\/2022\/03\/Rakow-Stal-1-630x420.jpg 630w, https:\/\/gazetaregionalna.com\/wp-content\/uploads\/2022\/03\/Rakow-Stal-1-scaled.jpg 1600w\" data-sizes=\"(max-width: 1024px) 100vw, 1024px\" src=\"data:image\/svg+xml;base64,PHN2ZyB3aWR0aD0iMSIgaGVpZ2h0PSIxIiB4bWxucz0iaHR0cDovL3d3dy53My5vcmcvMjAwMC9zdmciPjwvc3ZnPg==\" style=\"--smush-placeholder-width: 1024px; --smush-placeholder-aspect-ratio: 1024\/683;\" \/><\/figure>\n\n\n\n<figure class=\"wp-block-image size-large\"><img decoding=\"async\" width=\"1024\" height=\"683\" data-src=\"https:\/\/gazetaregionalna.com\/wp-content\/uploads\/2022\/03\/Rakow-Stal-000-1024x683.jpg\" alt=\"\" class=\"wp-image-73780 lazyload\" data-srcset=\"https:\/\/gazetaregionalna.com\/wp-content\/uploads\/2022\/03\/Rakow-Stal-000-1024x683.jpg 1024w, https:\/\/gazetaregionalna.com\/wp-content\/uploads\/2022\/03\/Rakow-Stal-000-300x200.jpg 300w, https:\/\/gazetaregionalna.com\/wp-content\/uploads\/2022\/03\/Rakow-Stal-000-768x512.jpg 768w, https:\/\/gazetaregionalna.com\/wp-content\/uploads\/2022\/03\/Rakow-Stal-000-1536x1024.jpg 1536w, https:\/\/gazetaregionalna.com\/wp-content\/uploads\/2022\/03\/Rakow-Stal-000-2048x1365.jpg 2048w, https:\/\/gazetaregionalna.com\/wp-content\/uploads\/2022\/03\/Rakow-Stal-000-696x464.jpg 696w, https:\/\/gazetaregionalna.com\/wp-content\/uploads\/2022\/03\/Rakow-Stal-000-1068x712.jpg 1068w, https:\/\/gazetaregionalna.com\/wp-content\/uploads\/2022\/03\/Rakow-Stal-000-1920x1280.jpg 1920w, https:\/\/gazetaregionalna.com\/wp-content\/uploads\/2022\/03\/Rakow-Stal-000-630x420.jpg 630w, https:\/\/gazetaregionalna.com\/wp-content\/uploads\/2022\/03\/Rakow-Stal-000-scaled.jpg 1600w\" data-sizes=\"(max-width: 1024px) 100vw, 1024px\" src=\"data:image\/svg+xml;base64,PHN2ZyB3aWR0aD0iMSIgaGVpZ2h0PSIxIiB4bWxucz0iaHR0cDovL3d3dy53My5vcmcvMjAwMC9zdmciPjwvc3ZnPg==\" style=\"--smush-placeholder-width: 1024px; --smush-placeholder-aspect-ratio: 1024\/683;\" \/><\/figure>\n\n\n\n<figure class=\"wp-block-image size-large\"><img decoding=\"async\" width=\"300\" height=\"250\" data-src=\"https:\/\/gazetaregionalna.com\/wp-content\/uploads\/2021\/10\/DMKInvest2.jpg\" alt=\"\" class=\"wp-image-58380 lazyload\" src=\"data:image\/svg+xml;base64,PHN2ZyB3aWR0aD0iMSIgaGVpZ2h0PSIxIiB4bWxucz0iaHR0cDovL3d3dy53My5vcmcvMjAwMC9zdmciPjwvc3ZnPg==\" style=\"--smush-placeholder-width: 300px; --smush-placeholder-aspect-ratio: 300\/250;\"><\/figure>\n","protected":false},"excerpt":{"rendered":"<p>Polski Zwi\u0105zek Pi\u0142ki No\u017cnej og\u0142osi\u0142 we wtorek powo\u0142ania z polskiej ligi na marcowe zgrupowanie reprezentacji Polski przed fina\u0142em bara\u017cu na Mistrzostwa \u015awiata. W gronie<\/p>\n","protected":false},"author":15,"featured_media":73783,"comment_status":"closed","ping_status":"open","sticky":false,"template":"","format":"standard","meta":{"_monsterinsights_skip_tracking":false,"_monsterinsights_sitenote_active":false,"_monsterinsights_sitenote_note":"","_monsterinsights_sitenote_category":0,"_uf_show_specific_survey":0,"_uf_disable_surveys":false,"footnotes":""},"categories":[94,6,5],"tags":[],"class_list":["post-73820","post","type-post","status-publish","format-standard","has-post-thumbnail","hentry","category-polecane","category-pilka-nozna","category-sport"],"_links":{"self":[{"href":"https:\/\/gazetaregionalna.com\/index.php?rest_route=\/wp\/v2\/posts\/73820","targetHints":{"allow":["GET"]}}],"collection":[{"href":"https:\/\/gazetaregionalna.com\/index.php?rest_route=\/wp\/v2\/posts"}],"about":[{"href":"https:\/\/gazetaregionalna.com\/index.php?rest_route=\/wp\/v2\/types\/post"}],"author":[{"embeddable":true,"href":"https:\/\/gazetaregionalna.com\/index.php?rest_route=\/wp\/v2\/users\/15"}],"replies":[{"embeddable":true,"href":"https:\/\/gazetaregionalna.com\/index.php?rest_route=%2Fwp%2Fv2%2Fcomments&post=73820"}],"version-history":[{"count":1,"href":"https:\/\/gazetaregionalna.com\/index.php?rest_route=\/wp\/v2\/posts\/73820\/revisions"}],"predecessor-version":[{"id":73821,"href":"https:\/\/gazetaregionalna.com\/index.php?rest_route=\/wp\/v2\/posts\/73820\/revisions\/73821"}],"wp:featuredmedia":[{"embeddable":true,"href":"https:\/\/gazetaregionalna.com\/index.php?rest_route=\/wp\/v2\/media\/73783"}],"wp:attachment":[{"href":"https:\/\/gazetaregionalna.com\/index.php?rest_route=%2Fwp%2Fv2%2Fmedia&parent=73820"}],"wp:term":[{"taxonomy":"category","embeddable":true,"href":"https:\/\/gazetaregionalna.com\/index.php?rest_route=%2Fwp%2Fv2%2Fcategories&post=73820"},{"taxonomy":"post_tag","embeddable":true,"href":"https:\/\/gazetaregionalna.com\/index.php?rest_route=%2Fwp%2Fv2%2Ftags&post=73820"}],"curies":[{"name":"wp","href":"https:\/\/api.w.org\/{rel}","templated":true}]}}