{"id":73712,"date":"2022-03-12T17:41:06","date_gmt":"2022-03-12T17:41:06","guid":{"rendered":"https:\/\/gazetaregionalna.com\/?p=73712"},"modified":"2022-03-12T17:41:07","modified_gmt":"2022-03-12T17:41:07","slug":"nieudany-wyjazd-siatkarek-sorella-czestochowianka-do-jaroslawia","status":"publish","type":"post","link":"https:\/\/gazetaregionalna.com\/?p=73712","title":{"rendered":"Nieudany wyjazd siatkarek Sorella Cz\u0119stochowianka do Jaros\u0142awia"},"content":{"rendered":"\n<p>Nie uda\u0142 si\u0119 siatkarkom KS Sorella Cz\u0119stochowianka wyjazd do Jaros\u0142awia na mecz z San Pajda. Cz\u0119stochowianki przegra\u0142y 0:3.<\/p>\n\n\n\n<p>Spotkanie zapowiada\u0142o si\u0119 na bardzo ciekawie. 4. w tabeli Cz\u0119stochowianka jecha\u0142a do Jaros\u0142awia broni\u0107 4. miejsca w tabeli. Nie uda\u0142o si\u0119 jednak wygra\u0107. Podopieczne trenera Andrzeja Stelmacha przegra\u0142y 0:3 i nie wywioz\u0142y z Jaros\u0142awia nawet punktu.<\/p>\n\n\n\n<p>W pierwszym secie gospodarze wygrali 25:21. Zaci\u0119ta walka trwa\u0142a w drugiej partii. Cz\u0119stochowianka przegra\u0142a 26:28 i po dw\u00f3ch setach by\u0142o 2:0 dla San Pajda. Siatkarki z Jaros\u0142awia kropk\u0119 nad i postawi\u0142y w trzecim naj\u0142atwiej wygranym secie. San Pajda zwyci\u0119\u017cy\u0142 25:18 i 3:0 w meczu.<\/p>\n\n\n\n<p>Siatkarki Cz\u0119stochowianki po 23 meczach maj\u0105 46 punkt\u00f3w.<\/p>\n\n\n\n<p><strong>San Pajda Jaros\u0142aw \u2013 KS Sorella Cz\u0119stochowianka 3:0 (25:21, 28:26, 25:18)<\/strong><\/p>\n\n\n\n<p><strong>AK<\/strong>, foto: <strong>AK<\/strong><\/p>\n\n\n\n<figure class=\"wp-block-image size-large\"><img decoding=\"async\" width=\"1024\" height=\"683\" data-src=\"https:\/\/gazetaregionalna.com\/wp-content\/uploads\/2022\/02\/Sorella-Vip-0-1024x683.jpg\" alt=\"\" class=\"wp-image-72074 lazyload\" data-srcset=\"https:\/\/gazetaregionalna.com\/wp-content\/uploads\/2022\/02\/Sorella-Vip-0-1024x683.jpg 1024w, https:\/\/gazetaregionalna.com\/wp-content\/uploads\/2022\/02\/Sorella-Vip-0-300x200.jpg 300w, https:\/\/gazetaregionalna.com\/wp-content\/uploads\/2022\/02\/Sorella-Vip-0-768x512.jpg 768w, https:\/\/gazetaregionalna.com\/wp-content\/uploads\/2022\/02\/Sorella-Vip-0-1536x1024.jpg 1536w, https:\/\/gazetaregionalna.com\/wp-content\/uploads\/2022\/02\/Sorella-Vip-0-2048x1365.jpg 2048w, https:\/\/gazetaregionalna.com\/wp-content\/uploads\/2022\/02\/Sorella-Vip-0-696x464.jpg 696w, https:\/\/gazetaregionalna.com\/wp-content\/uploads\/2022\/02\/Sorella-Vip-0-1068x712.jpg 1068w, https:\/\/gazetaregionalna.com\/wp-content\/uploads\/2022\/02\/Sorella-Vip-0-1920x1280.jpg 1920w, https:\/\/gazetaregionalna.com\/wp-content\/uploads\/2022\/02\/Sorella-Vip-0-630x420.jpg 630w, https:\/\/gazetaregionalna.com\/wp-content\/uploads\/2022\/02\/Sorella-Vip-0-scaled.jpg 1600w\" data-sizes=\"(max-width: 1024px) 100vw, 1024px\" src=\"data:image\/svg+xml;base64,PHN2ZyB3aWR0aD0iMSIgaGVpZ2h0PSIxIiB4bWxucz0iaHR0cDovL3d3dy53My5vcmcvMjAwMC9zdmciPjwvc3ZnPg==\" style=\"--smush-placeholder-width: 1024px; --smush-placeholder-aspect-ratio: 1024\/683;\" \/><\/figure>\n\n\n\n<figure class=\"wp-block-image size-large\"><img decoding=\"async\" width=\"1024\" height=\"683\" data-src=\"https:\/\/gazetaregionalna.com\/wp-content\/uploads\/2022\/02\/Sorella-Vip-1-1024x683.jpg\" alt=\"\" class=\"wp-image-72075 lazyload\" data-srcset=\"https:\/\/gazetaregionalna.com\/wp-content\/uploads\/2022\/02\/Sorella-Vip-1-1024x683.jpg 1024w, https:\/\/gazetaregionalna.com\/wp-content\/uploads\/2022\/02\/Sorella-Vip-1-300x200.jpg 300w, https:\/\/gazetaregionalna.com\/wp-content\/uploads\/2022\/02\/Sorella-Vip-1-768x512.jpg 768w, https:\/\/gazetaregionalna.com\/wp-content\/uploads\/2022\/02\/Sorella-Vip-1-1536x1024.jpg 1536w, https:\/\/gazetaregionalna.com\/wp-content\/uploads\/2022\/02\/Sorella-Vip-1-2048x1365.jpg 2048w, https:\/\/gazetaregionalna.com\/wp-content\/uploads\/2022\/02\/Sorella-Vip-1-696x464.jpg 696w, https:\/\/gazetaregionalna.com\/wp-content\/uploads\/2022\/02\/Sorella-Vip-1-1068x712.jpg 1068w, https:\/\/gazetaregionalna.com\/wp-content\/uploads\/2022\/02\/Sorella-Vip-1-1920x1280.jpg 1920w, https:\/\/gazetaregionalna.com\/wp-content\/uploads\/2022\/02\/Sorella-Vip-1-630x420.jpg 630w, https:\/\/gazetaregionalna.com\/wp-content\/uploads\/2022\/02\/Sorella-Vip-1-scaled.jpg 1600w\" data-sizes=\"(max-width: 1024px) 100vw, 1024px\" src=\"data:image\/svg+xml;base64,PHN2ZyB3aWR0aD0iMSIgaGVpZ2h0PSIxIiB4bWxucz0iaHR0cDovL3d3dy53My5vcmcvMjAwMC9zdmciPjwvc3ZnPg==\" style=\"--smush-placeholder-width: 1024px; --smush-placeholder-aspect-ratio: 1024\/683;\" \/><\/figure>\n\n\n\n<figure class=\"wp-block-image size-large\"><img decoding=\"async\" width=\"300\" height=\"250\" data-src=\"https:\/\/gazetaregionalna.com\/wp-content\/uploads\/2021\/10\/DMKInvest2.jpg\" alt=\"\" class=\"wp-image-58380 lazyload\" src=\"data:image\/svg+xml;base64,PHN2ZyB3aWR0aD0iMSIgaGVpZ2h0PSIxIiB4bWxucz0iaHR0cDovL3d3dy53My5vcmcvMjAwMC9zdmciPjwvc3ZnPg==\" style=\"--smush-placeholder-width: 300px; --smush-placeholder-aspect-ratio: 300\/250;\"><\/figure>\n","protected":false},"excerpt":{"rendered":"<p>Nie uda\u0142 si\u0119 siatkarkom KS Sorella Cz\u0119stochowianka wyjazd do Jaros\u0142awia na mecz z San Pajda. Cz\u0119stochowianki przegra\u0142y 0:3. Spotkanie zapowiada\u0142o si\u0119 na bardzo ciekawie.<\/p>\n","protected":false},"author":15,"featured_media":72074,"comment_status":"closed","ping_status":"open","sticky":false,"template":"","format":"standard","meta":{"_monsterinsights_skip_tracking":false,"_monsterinsights_sitenote_active":false,"_monsterinsights_sitenote_note":"","_monsterinsights_sitenote_category":0,"_uf_show_specific_survey":0,"_uf_disable_surveys":false,"footnotes":""},"categories":[5,8],"tags":[],"class_list":["post-73712","post","type-post","status-publish","format-standard","has-post-thumbnail","hentry","category-sport","category-siatkowka"],"_links":{"self":[{"href":"https:\/\/gazetaregionalna.com\/index.php?rest_route=\/wp\/v2\/posts\/73712","targetHints":{"allow":["GET"]}}],"collection":[{"href":"https:\/\/gazetaregionalna.com\/index.php?rest_route=\/wp\/v2\/posts"}],"about":[{"href":"https:\/\/gazetaregionalna.com\/index.php?rest_route=\/wp\/v2\/types\/post"}],"author":[{"embeddable":true,"href":"https:\/\/gazetaregionalna.com\/index.php?rest_route=\/wp\/v2\/users\/15"}],"replies":[{"embeddable":true,"href":"https:\/\/gazetaregionalna.com\/index.php?rest_route=%2Fwp%2Fv2%2Fcomments&post=73712"}],"version-history":[{"count":1,"href":"https:\/\/gazetaregionalna.com\/index.php?rest_route=\/wp\/v2\/posts\/73712\/revisions"}],"predecessor-version":[{"id":73713,"href":"https:\/\/gazetaregionalna.com\/index.php?rest_route=\/wp\/v2\/posts\/73712\/revisions\/73713"}],"wp:featuredmedia":[{"embeddable":true,"href":"https:\/\/gazetaregionalna.com\/index.php?rest_route=\/wp\/v2\/media\/72074"}],"wp:attachment":[{"href":"https:\/\/gazetaregionalna.com\/index.php?rest_route=%2Fwp%2Fv2%2Fmedia&parent=73712"}],"wp:term":[{"taxonomy":"category","embeddable":true,"href":"https:\/\/gazetaregionalna.com\/index.php?rest_route=%2Fwp%2Fv2%2Fcategories&post=73712"},{"taxonomy":"post_tag","embeddable":true,"href":"https:\/\/gazetaregionalna.com\/index.php?rest_route=%2Fwp%2Fv2%2Ftags&post=73712"}],"curies":[{"name":"wp","href":"https:\/\/api.w.org\/{rel}","templated":true}]}}