{"id":73700,"date":"2022-03-12T15:21:54","date_gmt":"2022-03-12T15:21:54","guid":{"rendered":"https:\/\/gazetaregionalna.com\/?p=73700"},"modified":"2022-03-13T18:49:06","modified_gmt":"2022-03-13T18:49:06","slug":"podlogowka-czy-grzejniki","status":"publish","type":"post","link":"https:\/\/gazetaregionalna.com\/?p=73700","title":{"rendered":"Grzejniki czy pod\u0142og\u00f3wka \u2013 co lepiej ogrzeje mieszkanie i co si\u0119 bardziej op\u0142aca?"},"content":{"rendered":"\n<p><strong>Dylemat, dotycz\u0105cy wyboru instalacji grzewczej stanowi zagwozdk\u0119 dla niejednego inwestora. Obydwa systemy s\u0105 skuteczne, jednak dzia\u0142aj\u0105 w inny spos\u00f3b.<\/strong><\/p>\n\n\n\n<p>Zar\u00f3wno tradycyjne grzejniki, jak i ogrzewanie pod\u0142ogowe maj\u0105 swoje wady i zalety. Obie instalacje zasadniczo r\u00f3\u017cni\u0105 si\u0119 mi\u0119dzy sob\u0105. R\u00f3\u017cnica polega przede wszystkim na miejscu monta\u017cu oraz sposobie ich dzia\u0142ania.<\/p>\n\n\n\n<p><strong>Ogrzewanie pod\u0142ogowe<\/strong><\/p>\n\n\n\n<p>Ogrzewanie pod\u0142ogowe sk\u0142ada si\u0119 najcz\u0119\u015bciej z betonowej p\u0142yty grzewczej z zatopionymi w niej elementami grzejnymi. Opr\u00f3cz technologii mokrej, czyli pokrywania rur lub kabli wylewk\u0105 cementow\u0105 lub anhydrytow\u0105, stosuje si\u0119 r\u00f3wnie\u017c systemy do pod\u0142\u00f3g drewnianych, przeznaczonych do monta\u017cu na sucho.<\/p>\n\n\n\n<p>Du\u017cym plusem pod\u0142og\u00f3wki jest aspekt wizualny. Instalacja ogrzewania pod\u0142ogowego jest niewidoczna, bowiem znajduje si\u0119 pod pod\u0142og\u0105. Tradycyjne grzejniki niestety cz\u0119sto rzucaj\u0105 si\u0119 w oczy, zaburzaj\u0105c estetyk\u0119 wn\u0119trza oraz optycznie pomniejszaj\u0105 pomieszczenie.<\/p>\n\n\n\n<figure class=\"wp-block-image size-large\"><img decoding=\"async\" width=\"1024\" height=\"683\" data-src=\"https:\/\/gazetaregionalna.com\/wp-content\/uploads\/2022\/03\/home-office-gb048aaf82_1920-1024x683.jpg\" alt=\"grzejniki czy pod\u0142og\u00f3wka\" class=\"wp-image-73702 lazyload\" data-srcset=\"https:\/\/gazetaregionalna.com\/wp-content\/uploads\/2022\/03\/home-office-gb048aaf82_1920-1024x683.jpg 1024w, https:\/\/gazetaregionalna.com\/wp-content\/uploads\/2022\/03\/home-office-gb048aaf82_1920-300x200.jpg 300w, https:\/\/gazetaregionalna.com\/wp-content\/uploads\/2022\/03\/home-office-gb048aaf82_1920-768x512.jpg 768w, https:\/\/gazetaregionalna.com\/wp-content\/uploads\/2022\/03\/home-office-gb048aaf82_1920-1536x1024.jpg 1536w, https:\/\/gazetaregionalna.com\/wp-content\/uploads\/2022\/03\/home-office-gb048aaf82_1920-696x464.jpg 696w, https:\/\/gazetaregionalna.com\/wp-content\/uploads\/2022\/03\/home-office-gb048aaf82_1920-1068x712.jpg 1068w, https:\/\/gazetaregionalna.com\/wp-content\/uploads\/2022\/03\/home-office-gb048aaf82_1920-630x420.jpg 630w, https:\/\/gazetaregionalna.com\/wp-content\/uploads\/2022\/03\/home-office-gb048aaf82_1920.jpg 1600w\" data-sizes=\"(max-width: 1024px) 100vw, 1024px\" src=\"data:image\/svg+xml;base64,PHN2ZyB3aWR0aD0iMSIgaGVpZ2h0PSIxIiB4bWxucz0iaHR0cDovL3d3dy53My5vcmcvMjAwMC9zdmciPjwvc3ZnPg==\" style=\"--smush-placeholder-width: 1024px; --smush-placeholder-aspect-ratio: 1024\/683;\" \/><figcaption>\u017ar\u00f3d\u0142o: Pixabay<\/figcaption><\/figure>\n\n\n\n<p>Ponadto ten typ instalacji grzewczej zapewnia niemal idealny rozk\u0142ad temperatur we wn\u0119trzu. Najcieplej jest bowiem okolicach st\u00f3p, nieco ch\u0142odniej w okolicy g\u0142owy. Jest to \u015bwietne rozwi\u0105zanie dla os\u00f3b, lubi\u0105cych chodzi\u0107 boso, w tym dzieci, kt\u00f3re nie raz bardzo ci\u0119\u017cko przekona\u0107 do za\u0142o\u017cenia cho\u0107by skarpet.<\/p>\n\n\n\n<figure class=\"wp-block-image size-large\"><img decoding=\"async\" width=\"1024\" height=\"683\" data-src=\"https:\/\/gazetaregionalna.com\/wp-content\/uploads\/2022\/03\/barefoot-g4d596cb93_1920-1024x683.jpg\" alt=\"grzejniki czy pod\u0142og\u00f3wka\" class=\"wp-image-73703 lazyload\" data-srcset=\"https:\/\/gazetaregionalna.com\/wp-content\/uploads\/2022\/03\/barefoot-g4d596cb93_1920-1024x683.jpg 1024w, https:\/\/gazetaregionalna.com\/wp-content\/uploads\/2022\/03\/barefoot-g4d596cb93_1920-300x200.jpg 300w, https:\/\/gazetaregionalna.com\/wp-content\/uploads\/2022\/03\/barefoot-g4d596cb93_1920-768x512.jpg 768w, https:\/\/gazetaregionalna.com\/wp-content\/uploads\/2022\/03\/barefoot-g4d596cb93_1920-1536x1024.jpg 1536w, https:\/\/gazetaregionalna.com\/wp-content\/uploads\/2022\/03\/barefoot-g4d596cb93_1920-696x464.jpg 696w, https:\/\/gazetaregionalna.com\/wp-content\/uploads\/2022\/03\/barefoot-g4d596cb93_1920-1068x712.jpg 1068w, https:\/\/gazetaregionalna.com\/wp-content\/uploads\/2022\/03\/barefoot-g4d596cb93_1920-630x420.jpg 630w, https:\/\/gazetaregionalna.com\/wp-content\/uploads\/2022\/03\/barefoot-g4d596cb93_1920.jpg 1600w\" data-sizes=\"(max-width: 1024px) 100vw, 1024px\" src=\"data:image\/svg+xml;base64,PHN2ZyB3aWR0aD0iMSIgaGVpZ2h0PSIxIiB4bWxucz0iaHR0cDovL3d3dy53My5vcmcvMjAwMC9zdmciPjwvc3ZnPg==\" style=\"--smush-placeholder-width: 1024px; --smush-placeholder-aspect-ratio: 1024\/683;\" \/><figcaption>\u017ar\u00f3d\u0142o: Pixabay<\/figcaption><\/figure>\n\n\n\n<p>Spor\u0105 zalet\u0105 jest tak\u017ce fakt, \u017ce ciep\u0142o rozchodzi si\u0119 w pomieszczeniu poprzez promieniowanie, powoduj\u0105ce jedynie minimalny ruch powietrza bezpo\u015brednio przy powierzchni pod\u0142ogi, dzi\u0119ki temu kurz nie jest unoszony do g\u00f3ry.<\/p>\n\n\n\n<p>Minusem tego rozwi\u0105zania jest to, \u017ce w przypadku ustawienia zbyt wysokiej temperatury w domu, ci\u0119\u017cko jest j\u0105 zbi\u0107 na ni\u017csz\u0105. Rury pod pod\u0142og\u0105 nagrzewaj\u0105 si\u0119 wolniej, wolniej te\u017c stygn\u0105. Mo\u017ce si\u0119 to okaza\u0107 problematyczne np. latem, gdy chcemy mie\u0107 ciep\u0142o jedynie w \u0142azience, a pozosta\u0142ych pomieszczeniach ch\u0142odniej.<\/p>\n\n\n\n<p>Cena ogrzewania pod\u0142ogowego za metr kwadratowy wynosi od 100 do 300 z\u0142otych, dodatkowo nale\u017cy doliczy\u0107 kwot\u0119 instalacji szafki i rozdzielacza do ogrzewania pod\u0142ogowego w wysoko\u015bci od 350 do 400 z\u0142otych. Ca\u0142kowity koszt mo\u017ce wynie\u015b\u0107 nawet do 15 tys. z\u0142otych. Koszty jednak szybko zwracaj\u0105 si\u0119, bowiem obni\u017caj\u0105c temperatur\u0119 nawet o jeden stopie\u0144, uzyskujemy sze\u015b\u0107 procent oszcz\u0119dno\u015bci na energii grzewczej. W ten spos\u00f3b przez rok jeste\u015bmy w stanie oszcz\u0119dzi\u0107 nawet trzydzie\u015bci procent, nie trac\u0105c przy tym komfortu cieplnego.<\/p>\n\n\n\n<p><strong>Grzejniki \u015bcienne<\/strong><\/p>\n\n\n\n<p>Ogrzewanie grzejnikowe to nadal najpopularniejsza instalacja grzewcza w mieszkaniach. Ten spos\u00f3b ogrzewania polega na konwekcji, czyli ruchu ogrzanego powietrza, kt\u00f3re nast\u0119pnie kr\u0105\u017cy po pomieszczeniu. Niestety w przeciwie\u0144stwie do pod\u0142og\u00f3wki, nie pozwala na r\u00f3wnomierne rozprowadzenie ciep\u0142a po ca\u0142ym pomieszczeniu, Najcieplej bowiem jest w miejscu, gdzie znajduje si\u0119 kaloryfer, a im dalej od niego \u2013 tym ch\u0142odniej.<\/p>\n\n\n\n<figure class=\"wp-block-image size-large\"><img decoding=\"async\" width=\"1024\" height=\"680\" data-src=\"https:\/\/gazetaregionalna.com\/wp-content\/uploads\/2022\/03\/thermostat-gd0eebeb20_1920-1024x680.jpg\" alt=\"grzejniki czy pod\u0142og\u00f3wka\" class=\"wp-image-73704 lazyload\" data-srcset=\"https:\/\/gazetaregionalna.com\/wp-content\/uploads\/2022\/03\/thermostat-gd0eebeb20_1920-1024x680.jpg 1024w, https:\/\/gazetaregionalna.com\/wp-content\/uploads\/2022\/03\/thermostat-gd0eebeb20_1920-300x199.jpg 300w, https:\/\/gazetaregionalna.com\/wp-content\/uploads\/2022\/03\/thermostat-gd0eebeb20_1920-768x510.jpg 768w, https:\/\/gazetaregionalna.com\/wp-content\/uploads\/2022\/03\/thermostat-gd0eebeb20_1920-1536x1020.jpg 1536w, https:\/\/gazetaregionalna.com\/wp-content\/uploads\/2022\/03\/thermostat-gd0eebeb20_1920-696x462.jpg 696w, https:\/\/gazetaregionalna.com\/wp-content\/uploads\/2022\/03\/thermostat-gd0eebeb20_1920-1068x709.jpg 1068w, https:\/\/gazetaregionalna.com\/wp-content\/uploads\/2022\/03\/thermostat-gd0eebeb20_1920-632x420.jpg 632w, https:\/\/gazetaregionalna.com\/wp-content\/uploads\/2022\/03\/thermostat-gd0eebeb20_1920.jpg 1600w\" data-sizes=\"(max-width: 1024px) 100vw, 1024px\" src=\"data:image\/svg+xml;base64,PHN2ZyB3aWR0aD0iMSIgaGVpZ2h0PSIxIiB4bWxucz0iaHR0cDovL3d3dy53My5vcmcvMjAwMC9zdmciPjwvc3ZnPg==\" style=\"--smush-placeholder-width: 1024px; --smush-placeholder-aspect-ratio: 1024\/680;\" \/><figcaption>\u017ar\u00f3d\u0142o: Pixabay<\/figcaption><\/figure>\n\n\n\n<p>Jednak ogromnym plusem tego typu ogrzewania jest fakt, i\u017c mo\u017cna szybko regulowa\u0107 temperatur\u0119 w pomieszczeniu. Taniej wychodzi tez koszt instalacji grzejnik\u00f3w. Monta\u017c kaloryfer\u00f3w wynosi oko\u0142o 100 z\u0142\/m2, a zakup i instalacja element\u00f3w centralnego ogrzewania mo\u017ce wynie\u015b\u0107 od 80 do 150 z\u0142otych za metr kwadratowy. Ca\u0142kowity koszt natomiast oscyluje wok\u00f3\u0142 kwoty 10 tys z\u0142otych. To du\u017co mniej, ni\u017c w przypadku pod\u0142og\u00f3wki, jednak roczny koszt ogrzewania grzejnikowego wyniesie ju\u017c wi\u0119cej. Tutaj jednak plusem jest \u0142atwiejsza i zdecydowanie ta\u0144sza naprawa. W przypadku pod\u0142og\u00f3wki jest to zabieg du\u017co bardziej skomplikowany i wi\u0105\u017ce si\u0119 niejednokrotnie z rozbieraniem pod\u0142ogi.<\/p>\n\n\n\n<figure class=\"wp-block-image size-large\"><img decoding=\"async\" width=\"1024\" height=\"683\" data-src=\"https:\/\/gazetaregionalna.com\/wp-content\/uploads\/2022\/03\/architecture-g543f81a72_1920-1024x683.jpg\" alt=\"grzejniki czy pod\u0142og\u00f3wka\" class=\"wp-image-73705 lazyload\" data-srcset=\"https:\/\/gazetaregionalna.com\/wp-content\/uploads\/2022\/03\/architecture-g543f81a72_1920-1024x683.jpg 1024w, https:\/\/gazetaregionalna.com\/wp-content\/uploads\/2022\/03\/architecture-g543f81a72_1920-300x200.jpg 300w, https:\/\/gazetaregionalna.com\/wp-content\/uploads\/2022\/03\/architecture-g543f81a72_1920-768x512.jpg 768w, https:\/\/gazetaregionalna.com\/wp-content\/uploads\/2022\/03\/architecture-g543f81a72_1920-1536x1024.jpg 1536w, https:\/\/gazetaregionalna.com\/wp-content\/uploads\/2022\/03\/architecture-g543f81a72_1920-696x464.jpg 696w, https:\/\/gazetaregionalna.com\/wp-content\/uploads\/2022\/03\/architecture-g543f81a72_1920-1068x712.jpg 1068w, https:\/\/gazetaregionalna.com\/wp-content\/uploads\/2022\/03\/architecture-g543f81a72_1920-630x420.jpg 630w, https:\/\/gazetaregionalna.com\/wp-content\/uploads\/2022\/03\/architecture-g543f81a72_1920.jpg 1600w\" data-sizes=\"(max-width: 1024px) 100vw, 1024px\" src=\"data:image\/svg+xml;base64,PHN2ZyB3aWR0aD0iMSIgaGVpZ2h0PSIxIiB4bWxucz0iaHR0cDovL3d3dy53My5vcmcvMjAwMC9zdmciPjwvc3ZnPg==\" style=\"--smush-placeholder-width: 1024px; --smush-placeholder-aspect-ratio: 1024\/683;\" \/><figcaption>\u017ar\u00f3d\u0142o: pixabay<\/figcaption><\/figure>\n\n\n\n<p>Minusem jest tak\u017ce wcze\u015bniej ju\u017c wspomniany aspekt wizualny, cho\u0107 na rynku pojawiaj\u0105 si\u0119 coraz bardziej atrakcyjne dla oka kaloryfery o bardzo modnym designie. Pod\u0142og\u00f3wka lepiej sprawdzi si\u0119 w mniejszych pomieszczeniach, gdy\u017c na pewno nie spowoduje efektu ,,zagracenia\u201d, natomiast kaloryfer mo\u017ce by\u0107 \u015bwietnym uzupe\u0142nieniem wi\u0119kszej sypialni.<\/p>\n\n\n\n<p><strong>Ogrzewanie pod\u0142ogowe i grzejnikowe w jednej instalacji<\/strong><\/p>\n\n\n\n<p>Po\u0142\u0105czenie obu instalacji grzewczych to coraz popularniejsze rozwi\u0105zanie. W\u00f3wczas ogrzewanie pod\u0142ogowe instalowane jest na parterze, a grzejnikowe w sypialniach na pi\u0119trze lub poddaszu, gdy\u017c pozwala na szybkie uzyskanie komfortowej temperatury w pomieszczeniach.<\/p>\n\n\n\n<p>Jednak takie po\u0142\u0105czenie wymaga odpowiedniej regulacji. W tym wypadku nale\u017cy wyposa\u017cy\u0107 instalacj\u0119 w uk\u0142ad mieszaj\u0105cy, kt\u00f3ry zapewni r\u00f3\u017cne parametry dla tych dw\u00f3ch system\u00f3w, wy\u017csz\u0105 temperatur\u0119 wody zasilaj\u0105cej grzejniki i ni\u017csz\u0105 do zasilania pod\u0142og\u00f3wki. Dla ca\u0142ego domu mo\u017cna zastosowa\u0107 jeden zaw\u00f3r montowany w kot\u0142owni wsp\u00f3\u0142pracuj\u0105cy z automatyk\u0105 pogodow\u0105.<\/p>\n\n\n\n<p><strong>Linda Noco\u0144-\u015aciebura<\/strong><\/p>\n","protected":false},"excerpt":{"rendered":"<p>Dylemat, dotycz\u0105cy wyboru instalacji grzewczej stanowi zagwozdk\u0119 dla niejednego inwestora. Obydwa systemy s\u0105 skuteczne, jednak dzia\u0142aj\u0105 w inny spos\u00f3b. Zar\u00f3wno tradycyjne grzejniki, jak i<\/p>\n","protected":false},"author":26,"featured_media":73706,"comment_status":"closed","ping_status":"open","sticky":false,"template":"","format":"standard","meta":{"_monsterinsights_skip_tracking":false,"_monsterinsights_sitenote_active":false,"_monsterinsights_sitenote_note":"","_monsterinsights_sitenote_category":0,"_uf_show_specific_survey":0,"_uf_disable_surveys":false,"footnotes":""},"categories":[17,20,33,32],"tags":[4146,4147,3605,4148],"class_list":["post-73700","post","type-post","status-publish","format-standard","has-post-thumbnail","hentry","category-dom","category-budownictwo","category-inwestycje","category-wyposazenie-wnetrz","tag-grzejniki","tag-kaloryfery","tag-ogrzewanie","tag-podlogowka"],"_links":{"self":[{"href":"https:\/\/gazetaregionalna.com\/index.php?rest_route=\/wp\/v2\/posts\/73700","targetHints":{"allow":["GET"]}}],"collection":[{"href":"https:\/\/gazetaregionalna.com\/index.php?rest_route=\/wp\/v2\/posts"}],"about":[{"href":"https:\/\/gazetaregionalna.com\/index.php?rest_route=\/wp\/v2\/types\/post"}],"author":[{"embeddable":true,"href":"https:\/\/gazetaregionalna.com\/index.php?rest_route=\/wp\/v2\/users\/26"}],"replies":[{"embeddable":true,"href":"https:\/\/gazetaregionalna.com\/index.php?rest_route=%2Fwp%2Fv2%2Fcomments&post=73700"}],"version-history":[{"count":2,"href":"https:\/\/gazetaregionalna.com\/index.php?rest_route=\/wp\/v2\/posts\/73700\/revisions"}],"predecessor-version":[{"id":73749,"href":"https:\/\/gazetaregionalna.com\/index.php?rest_route=\/wp\/v2\/posts\/73700\/revisions\/73749"}],"wp:featuredmedia":[{"embeddable":true,"href":"https:\/\/gazetaregionalna.com\/index.php?rest_route=\/wp\/v2\/media\/73706"}],"wp:attachment":[{"href":"https:\/\/gazetaregionalna.com\/index.php?rest_route=%2Fwp%2Fv2%2Fmedia&parent=73700"}],"wp:term":[{"taxonomy":"category","embeddable":true,"href":"https:\/\/gazetaregionalna.com\/index.php?rest_route=%2Fwp%2Fv2%2Fcategories&post=73700"},{"taxonomy":"post_tag","embeddable":true,"href":"https:\/\/gazetaregionalna.com\/index.php?rest_route=%2Fwp%2Fv2%2Ftags&post=73700"}],"curies":[{"name":"wp","href":"https:\/\/api.w.org\/{rel}","templated":true}]}}