{"id":7350,"date":"2019-10-24T06:43:29","date_gmt":"2019-10-24T06:43:29","guid":{"rendered":"https:\/\/gazetaregionalna.com\/?p=7350"},"modified":"2019-10-24T06:43:31","modified_gmt":"2019-10-24T06:43:31","slug":"rakow-czestochowa-jedzie-po-punkty-do-lodzi","status":"publish","type":"post","link":"https:\/\/gazetaregionalna.com\/?p=7350","title":{"rendered":"Rak\u00f3w Cz\u0119stochowa jedzie po punkty do \u0141odzi."},"content":{"rendered":"\n<h2 class=\"wp-block-heading\">Niezwykle ciekawie zapowiada si\u0119 z punktu widzenia kibic\u00f3w najbli\u017csza kolejka ekstraklasy. 26 pa\u017adziernika bowiem w pojedynku beniamink\u00f3w Ekstraklasy rozegraj\u0105 w \u0141odzi mecz <strong>Rak\u00f3w Cz\u0119stochowa<\/strong> z \u0141KS \u0141\u00f3d\u017a<\/h2>\n\n\n\n<p>\u0141odzianie po meczu w Zabrzu nie s\u0105 ju\u017c czerwon\u0105 latarni\u0105 tabeli i z 8 pktami zajmuj\u0105 15 te miejsce w tabeli. Rak\u00f3w za\u015b dzi\u0119ki potencjalnej wygranej w \u0141odzi m\u00f3g\u0142by sobie zapewni\u0107 miejsce w \u015brodku tabeli. Obecnie <strong><a href=\"https:\/\/rakow.com\/aktualnosci\/rakow-wygrywa-ze-slaskiem-piotr-malinowski-bohaterem-7443\" target=\"_blank\" rel=\"noopener\">Rak\u00f3w Cz\u0119stochowa<\/a><\/strong> zajmuje 11 miejsce z 15 punktami.<\/p>\n\n\n\n<p>Wydaje si\u0119, \u017ce faworytem meczu jest dru\u017cyna Cz\u0119stochowska tym bardziej, \u017ce nasz zesp\u00f3\u0142 pokaza\u0142 i\u017c gra\u0107 na wyjazdach potrafi. Wygrana w Szczecinie wcze\u015bniej dobry mecz cho\u0107 zako\u0144czony nieznaczn\u0105 pora\u017ck\u0105 w Gliwicach z Mistrzem Polski daj\u0105 z pewno\u015bci\u0105 kibicom Rakowa podstaw\u0119 do wiary, \u017ce z \u0141odzi dru\u017cyna Rakowa przywiezie cenne punkty.<\/p>\n\n\n\n<p>Dru\u017cyna trenera Moskala ma wiele s\u0142abych punkt\u00f3w a jedn\u0105 z wi\u0119kszych bol\u0105czek jest postawa w obronie, \u0141odzianie stracili w dotychczas rozegranych meczach a\u017c 23 bramki a wi\u0119c najwi\u0119cej w ca\u0142ej lidze. <\/p>\n\n\n\n<figure class=\"wp-block-image\"><img decoding=\"async\" width=\"1024\" height=\"666\" data-src=\"https:\/\/gazetaregionalna.com\/wp-content\/uploads\/2019\/10\/malinowski-1024x666.jpg\" alt=\"\" class=\"wp-image-7352 lazyload\" data-srcset=\"https:\/\/gazetaregionalna.com\/wp-content\/uploads\/2019\/10\/malinowski-1024x666.jpg 1024w, https:\/\/gazetaregionalna.com\/wp-content\/uploads\/2019\/10\/malinowski-300x195.jpg 300w, https:\/\/gazetaregionalna.com\/wp-content\/uploads\/2019\/10\/malinowski-768x499.jpg 768w, https:\/\/gazetaregionalna.com\/wp-content\/uploads\/2019\/10\/malinowski-696x452.jpg 696w, https:\/\/gazetaregionalna.com\/wp-content\/uploads\/2019\/10\/malinowski-1068x694.jpg 1068w, https:\/\/gazetaregionalna.com\/wp-content\/uploads\/2019\/10\/malinowski-646x420.jpg 646w, https:\/\/gazetaregionalna.com\/wp-content\/uploads\/2019\/10\/malinowski.jpg 1200w\" data-sizes=\"(max-width: 1024px) 100vw, 1024px\" src=\"data:image\/svg+xml;base64,PHN2ZyB3aWR0aD0iMSIgaGVpZ2h0PSIxIiB4bWxucz0iaHR0cDovL3d3dy53My5vcmcvMjAwMC9zdmciPjwvc3ZnPg==\" style=\"--smush-placeholder-width: 1024px; --smush-placeholder-aspect-ratio: 1024\/666;\" \/><\/figure>\n\n\n\n<h4 class=\"wp-block-heading\">Trzymajmy wi\u0119c kciuki za nasz\u0105 dru\u017cyn\u0119 i liczmy, \u017ce <strong>Rak\u00f3w Cz\u0119stochowa<\/strong> podtrzyma dobr\u0105 pass\u0119 w Ekstraklasowych zmaganiach<\/h4>\n\n\n\n<p><\/p>\n","protected":false},"excerpt":{"rendered":"<p>Niezwykle ciekawie zapowiada si\u0119 z punktu widzenia kibic\u00f3w najbli\u017csza kolejka ekstraklasy. 26 pa\u017adziernika bowiem w pojedynku beniamink\u00f3w Ekstraklasy rozegraj\u0105 w \u0141odzi mecz Rak\u00f3w Cz\u0119stochowa<\/p>\n","protected":false},"author":4,"featured_media":7351,"comment_status":"open","ping_status":"open","sticky":false,"template":"","format":"standard","meta":{"_monsterinsights_skip_tracking":false,"_monsterinsights_sitenote_active":false,"_monsterinsights_sitenote_note":"","_monsterinsights_sitenote_category":0,"_uf_show_specific_survey":0,"_uf_disable_surveys":false,"footnotes":""},"categories":[6],"tags":[146],"class_list":["post-7350","post","type-post","status-publish","format-standard","has-post-thumbnail","hentry","category-pilka-nozna","tag-rakow-czestochowa"],"_links":{"self":[{"href":"https:\/\/gazetaregionalna.com\/index.php?rest_route=\/wp\/v2\/posts\/7350","targetHints":{"allow":["GET"]}}],"collection":[{"href":"https:\/\/gazetaregionalna.com\/index.php?rest_route=\/wp\/v2\/posts"}],"about":[{"href":"https:\/\/gazetaregionalna.com\/index.php?rest_route=\/wp\/v2\/types\/post"}],"author":[{"embeddable":true,"href":"https:\/\/gazetaregionalna.com\/index.php?rest_route=\/wp\/v2\/users\/4"}],"replies":[{"embeddable":true,"href":"https:\/\/gazetaregionalna.com\/index.php?rest_route=%2Fwp%2Fv2%2Fcomments&post=7350"}],"version-history":[{"count":1,"href":"https:\/\/gazetaregionalna.com\/index.php?rest_route=\/wp\/v2\/posts\/7350\/revisions"}],"predecessor-version":[{"id":7353,"href":"https:\/\/gazetaregionalna.com\/index.php?rest_route=\/wp\/v2\/posts\/7350\/revisions\/7353"}],"wp:featuredmedia":[{"embeddable":true,"href":"https:\/\/gazetaregionalna.com\/index.php?rest_route=\/wp\/v2\/media\/7351"}],"wp:attachment":[{"href":"https:\/\/gazetaregionalna.com\/index.php?rest_route=%2Fwp%2Fv2%2Fmedia&parent=7350"}],"wp:term":[{"taxonomy":"category","embeddable":true,"href":"https:\/\/gazetaregionalna.com\/index.php?rest_route=%2Fwp%2Fv2%2Fcategories&post=7350"},{"taxonomy":"post_tag","embeddable":true,"href":"https:\/\/gazetaregionalna.com\/index.php?rest_route=%2Fwp%2Fv2%2Ftags&post=7350"}],"curies":[{"name":"wp","href":"https:\/\/api.w.org\/{rel}","templated":true}]}}