{"id":73471,"date":"2022-03-08T19:48:34","date_gmt":"2022-03-08T19:48:34","guid":{"rendered":"https:\/\/gazetaregionalna.com\/?p=73471"},"modified":"2022-03-08T19:50:00","modified_gmt":"2022-03-08T19:50:00","slug":"wiosna-kobiet-w-gminie-kozieglowy","status":"publish","type":"post","link":"https:\/\/gazetaregionalna.com\/?p=73471","title":{"rendered":"&#8222;Wiosna Kobiet&#8221; w Gminie Kozieg\u0142owy"},"content":{"rendered":"\n<h2 class=\"wp-block-heading\">W Dzie\u0144 Kobiet 8 marca, rozpocz\u0119\u0142a si\u0119 kolejna edycja &#8222;Wiosny Kobiet&#8221;, imprezy organizowanej przez Miejsko-Gminny O\u015brodek Promocji Kultury w Kozieg\u0142owach.<\/h2>\n\n\n\n<p>W Gminie Kozieg\u0142owy, kobiety b\u0119d\u0105 \u015bwi\u0119towa\u0142y przez kilka dni. 8 marca w sali widowiskowej odby\u0142 si\u0119 wyst\u0119p kabaretu &#8222;Moherowe berety&#8221;, na kt\u00f3ry bilety zosta\u0142y b\u0142yskawicznie wyprzedane. <\/p>\n\n\n\n<p>Nast\u0119pne dni, a\u017c do pi\u0105tku 11 marca, wype\u0142ni\u0105 kursy, wystawy, spotkania i wyk\u0142ady. 9 marca(\u015broda) odb\u0119d\u0105 si\u0119 m.in. warsztaty florystyczne, kurs makija\u017cu i piel\u0119gnacji, a wiecz\u00f3r zako\u0144czy wernisa\u017c &#8222;Kobieta- bogini, kobieta-wied\u017ama&#8221; autorstwa Moniki Starowicz, Absolwentki  ASP w Katowicach<\/p>\n\n\n\n<p>10 marca(czwartek) b\u0119dzie mo\u017cna wzi\u0105\u0107 udzia\u0142 w warsztatach zielarskich, w zaj\u0119ciach tworzenia bi\u017cuterii z sutaszu. Uczestniczki pos\u0142uchaj\u0105 wyk\u0142adu z refleksologii,  naucz\u0105 si\u0119 technik masa\u017cu d\u0142oni.<\/p>\n\n\n\n<p>11 marca(pi\u0105tek) to dzie\u0144 warsztat\u00f3w kulinarnych, wyk\u0142ady dietetyczne, czy nauka technik oddechowych. <\/p>\n\n\n\n<p>Dok\u0142adny program &#8222;Wiosny kobiet&#8221; dost\u0119pny jest na stronie Gminy Kozieg\u0142owy(<a href=\"https:\/\/www.kozieglowy.pl\/\" target=\"_blank\" rel=\"noopener\">https:\/\/www.kozieglowy.pl\/<\/a>), a proponowane w kilkudniowym programie wydarzenia, b\u0119d\u0105 odbywa\u0107 si\u0119 nie tylko w siedzibie Miejsko-Gminnego O\u015brodka w Kozieg\u0142owach, ale tak\u017ce w lokalnych \u015bwietlicach i o\u015bciennych miejscowo\u015bciach nale\u017c\u0105cych do gminy. Program jest naprawd\u0119 imponuj\u0105cy i r\u00f3\u017cnorodny. Warto sprawdzi\u0107, na kt\u00f3re warsztaty zosta\u0142y jeszcze wolne miejsca.<\/p>\n\n\n\n<p>Kontakt do MGOPK w Kozieg\u0142owach- 34 314 12 68.<\/p>\n\n\n\n<p>Polecamy! Niech wiosna b\u0119dzie momentem przebudzenia i rozwoju. <\/p>\n","protected":false},"excerpt":{"rendered":"<p>W Dzie\u0144 Kobiet 8 marca, rozpocz\u0119\u0142a si\u0119 kolejna edycja &#8222;Wiosny Kobiet&#8221;, imprezy organizowanej przez Miejsko-Gminny O\u015brodek Promocji Kultury w Kozieg\u0142owach. W Gminie Kozieg\u0142owy, kobiety<\/p>\n","protected":false},"author":24,"featured_media":73474,"comment_status":"closed","ping_status":"open","sticky":false,"template":"","format":"standard","meta":{"_monsterinsights_skip_tracking":false,"_monsterinsights_sitenote_active":false,"_monsterinsights_sitenote_note":"","_monsterinsights_sitenote_category":0,"_uf_show_specific_survey":0,"_uf_disable_surveys":false,"footnotes":""},"categories":[19,4,13],"tags":[3881,83,531,1896],"class_list":["post-73471","post","type-post","status-publish","format-standard","has-post-thumbnail","hentry","category-zdrowie-i-uroda","category-region","category-wydarzenia","tag-dzien-kobiet","tag-kozieglowy","tag-warsztaty","tag-wiosna"],"_links":{"self":[{"href":"https:\/\/gazetaregionalna.com\/index.php?rest_route=\/wp\/v2\/posts\/73471","targetHints":{"allow":["GET"]}}],"collection":[{"href":"https:\/\/gazetaregionalna.com\/index.php?rest_route=\/wp\/v2\/posts"}],"about":[{"href":"https:\/\/gazetaregionalna.com\/index.php?rest_route=\/wp\/v2\/types\/post"}],"author":[{"embeddable":true,"href":"https:\/\/gazetaregionalna.com\/index.php?rest_route=\/wp\/v2\/users\/24"}],"replies":[{"embeddable":true,"href":"https:\/\/gazetaregionalna.com\/index.php?rest_route=%2Fwp%2Fv2%2Fcomments&post=73471"}],"version-history":[{"count":5,"href":"https:\/\/gazetaregionalna.com\/index.php?rest_route=\/wp\/v2\/posts\/73471\/revisions"}],"predecessor-version":[{"id":73477,"href":"https:\/\/gazetaregionalna.com\/index.php?rest_route=\/wp\/v2\/posts\/73471\/revisions\/73477"}],"wp:featuredmedia":[{"embeddable":true,"href":"https:\/\/gazetaregionalna.com\/index.php?rest_route=\/wp\/v2\/media\/73474"}],"wp:attachment":[{"href":"https:\/\/gazetaregionalna.com\/index.php?rest_route=%2Fwp%2Fv2%2Fmedia&parent=73471"}],"wp:term":[{"taxonomy":"category","embeddable":true,"href":"https:\/\/gazetaregionalna.com\/index.php?rest_route=%2Fwp%2Fv2%2Fcategories&post=73471"},{"taxonomy":"post_tag","embeddable":true,"href":"https:\/\/gazetaregionalna.com\/index.php?rest_route=%2Fwp%2Fv2%2Ftags&post=73471"}],"curies":[{"name":"wp","href":"https:\/\/api.w.org\/{rel}","templated":true}]}}