{"id":73439,"date":"2022-03-08T14:57:56","date_gmt":"2022-03-08T14:57:56","guid":{"rendered":"https:\/\/gazetaregionalna.com\/?p=73439"},"modified":"2022-03-08T14:57:56","modified_gmt":"2022-03-08T14:57:56","slug":"pilkarze-halowi-michas-nobilito-wygrali-xxvii-edycje-ligi-futsalu-o-puchar-prezydenta-miasta-czestochowy","status":"publish","type":"post","link":"https:\/\/gazetaregionalna.com\/?p=73439","title":{"rendered":"Pi\u0142karze halowi Micha\u015b\/Nobilito wygrali XXVII edycj\u0119 Ligi Futsalu o Puchar Prezydenta Miasta Cz\u0119stochowy!"},"content":{"rendered":"\n<p>W sobot\u0119 w Hali Polonia zako\u0144czy\u0142a si\u0119 edycja XXVII edycja Ligi Futsalu o Puchar Prezydenta Miasta Cz\u0119stochowy. Najlepszym zespo\u0142em okaza\u0142 si\u0119 Micha\u015b\/Nobilito.<\/p>\n\n\n\n<p>16 zespo\u0142\u00f3w rywalizowa\u0142o w tegorocznej lidze futsalu. W sobot\u0119 w Hali Polonia rozegrano decyduj\u0105ce spotkania i wy\u0142oniono medalist\u00f3w i nowego mistrza. Najlepsi okazali si\u0119 pi\u0142karze Micha\u015b\/Nobilito, kt\u00f3rzy w finale pokonali reprezentacj\u0119 Jagiello\u0144czyk\u00f3w 4:2.<\/p>\n\n\n\n<p>W meczu o trzecie miejsce ZIB Bernat Mied\u017ano wygra\u0142 z Abstynentem 3:2.<\/p>\n\n\n\n<p>Liga futsalu zosta\u0142a zorganizowana przez Miejski O\u015brodek Sportu i Rekreacji w Cz\u0119stochowie. Organizatorzy przyznali te\u017c nagrody indywidualne dla pi\u0142karzy.<\/p>\n\n\n\n<p>Kr\u00f3lem strzelc\u00f3w zosta\u0142 Grzegorz Nowak (Jagiello\u0144czycy). Najlepszym bramkarzem zosta\u0142 Grzegorz Saj (ZIB Bernat Mied\u017ano), a najlepszym zawodnikiem Cezary Bary\u0142a (ZIB Bernat Mied\u017ano).<\/p>\n\n\n\n<p><strong>AK<\/strong>, foto: www.mosir.pl<\/p>\n\n\n\n<p><strong>Wyniki:<\/strong><\/p>\n\n\n\n<p><strong>Mecz o miejsce 15.<\/strong><\/p>\n\n\n\n<p>ArchiTube\/Furnipol \u2013 Przeterminowani 1:4<\/p>\n\n\n\n<p>(\u0141. J\u0119drzejewski &#8212; A. Stacherczak-2, P. \u0141yszczarz, S. Porochnicki)<\/p>\n\n\n\n<p><strong>P\u00f3\u0142fina\u0142 o miejsca 9.-14.<\/strong><\/p>\n\n\n\n<p>Romtrans \u2013 Policja 6:0<\/p>\n\n\n\n<p>(S. Kotyl-2, W. Kozak-2, J. Bieniek, D. Kotkowski)<\/p>\n\n\n\n<p><strong>P\u00f3\u0142fina\u0142 o miejsca 9.-14.<\/strong><\/p>\n\n\n\n<p>Gmina K\u0142omnice \u2013 ZF Group Polska 0:3<\/p>\n\n\n\n<p>(T. Rusiniak, R. Malczewski, T. Kyzio\u0142)<\/p>\n\n\n\n<p><strong>Mecz o miejsce 13.<\/strong><\/p>\n\n\n\n<p>OBI ZWD \u2013 Tadex 1:3<\/p>\n\n\n\n<p>(M. Ludynia &#8212; T. Gierzy\u0144ski, W Popczyk, A. Gonera)<\/p>\n\n\n\n<p><strong>Mecz o miejsce 11.<\/strong><\/p>\n\n\n\n<p>Policja \u2013 Gmina K\u0142omnice 5:2<\/p>\n\n\n\n<p>(M. Koz\u0142owski-3, K. Trzaskacz, A. Mazur &#8212; A. Franc, K. Osma\u0142ek)<\/p>\n\n\n\n<p><strong>Mecz o miejsce 9.<\/strong><\/p>\n\n\n\n<p>Romtrans \u2013 ZF Group Polska 3:3 k. 3:4<\/p>\n\n\n\n<p>(D. Kotkowski, K. Dudek-2 &#8212; A. Psiuk, R. Mys\u0142ek, T. Rusiniak)<\/p>\n\n\n\n<p><strong>Mecz o miejsce 7.<\/strong><\/p>\n\n\n\n<p>Ooh La La \u2013 Orlikowscy Team 0:5<\/p>\n\n\n\n<p>(R. M\u0105czka -2, P. Kowalczyk-2, R. Jaczy\u0144ski)<\/p>\n\n\n\n<p><strong>I p\u00f3\u0142fina\u0142<\/strong><\/p>\n\n\n\n<p>Jagiello\u0144czycy \u2013 Abstynent 3:1<\/p>\n\n\n\n<p>(G. Nowak, Z. Ko\u0142basiuk, K. W\u0105sowicz &#8212; \u0141. Kotas)<\/p>\n\n\n\n<p><strong>II p\u00f3\u0142fina\u0142<\/strong><\/p>\n\n\n\n<p>Micha\u015b\/Nobilito \u2013 ZIB Bernat Mied\u017ano 4:2<\/p>\n\n\n\n<p>(J. Rokosa-2, \u0141. Pietrasi\u0144ski, P. Pusty &#8212; M. Komorowski, J. Jarczok)<\/p>\n\n\n\n<p><strong>Mecz o miejsce 5.<\/strong><\/p>\n\n\n\n<p>J\u0119dryka Klub 54 Exact Systems \u2013 MK Team 3:3 k. 4:3<\/p>\n\n\n\n<p>(P. Lewandowski-2, A. Szewczyk &#8212; J. Kostarczyk-2, W. Kasi\u0144ski)<\/p>\n\n\n\n<p><strong>Mecz o miejsce 3.<\/strong><\/p>\n\n\n\n<p>Abstynent \u2013 ZIB Bernat Mied\u017ano 2:3<\/p>\n\n\n\n<p>(T. Dzier\u017cyk, \u0141. Kotas &#8212; C. Bary\u0142a-2, M. Komorowski)<\/p>\n\n\n\n<p><strong>Fina\u0142<\/strong><\/p>\n\n\n\n<p>Jagiello\u0144czycy \u2013 Micha\u015b\/Nobilito 2:4<\/p>\n\n\n\n<p>(R. Opala, G. Nowak &#8212; J. Rokosa-2, \u0141. Pietrasi\u0144ski-2)<\/p>\n\n\n\n<p>Ko\u0144cowa klasyfikacja XXVII edycji ligi futsalu o Puchar Prezydenta Miasta Cz\u0119stochowy<\/p>\n\n\n\n<p>1. MICHA\u015a\/NOBILITO<\/p>\n\n\n\n<p>2. JAGIELLO\u0143CZYCY<\/p>\n\n\n\n<p>3. ZIB BERNAT<\/p>\n\n\n\n<p>4. ABSTYNENT<\/p>\n\n\n\n<p>5. J\u0118DRYKA KLUB 54 EXACT SYSTEMS<\/p>\n\n\n\n<p>6. MK TEAM<\/p>\n\n\n\n<p>7. ORLIKOWSCY<\/p>\n\n\n\n<p>8. OOH LA LA<\/p>\n\n\n\n<p>9. ZF GROUP<\/p>\n\n\n\n<p>10. ROMTRANS<\/p>\n\n\n\n<p>11. POLICJA<\/p>\n\n\n\n<p>12. GMINA K\u0141OMNICE<\/p>\n\n\n\n<p>13. TADEX<\/p>\n\n\n\n<p>14. OBI ZWD<\/p>\n\n\n\n<p>15. PRZETERMINOWANI<\/p>\n\n\n\n<p>16. ARCHITUBE\/FURNIPOL<\/p>\n\n\n\n<p>AK, foto: materia\u0142y prasowe mosir.pl <\/p>\n\n\n\n<figure class=\"wp-block-image size-large\"><img decoding=\"async\" width=\"700\" height=\"493\" data-src=\"https:\/\/gazetaregionalna.com\/wp-content\/uploads\/2022\/03\/MOSIR-futsal.jpg\" alt=\"\" class=\"wp-image-73442 lazyload\" data-srcset=\"https:\/\/gazetaregionalna.com\/wp-content\/uploads\/2022\/03\/MOSIR-futsal.jpg 700w, https:\/\/gazetaregionalna.com\/wp-content\/uploads\/2022\/03\/MOSIR-futsal-300x211.jpg 300w, https:\/\/gazetaregionalna.com\/wp-content\/uploads\/2022\/03\/MOSIR-futsal-696x490.jpg 696w, https:\/\/gazetaregionalna.com\/wp-content\/uploads\/2022\/03\/MOSIR-futsal-596x420.jpg 596w, https:\/\/gazetaregionalna.com\/wp-content\/uploads\/2022\/03\/MOSIR-futsal-100x70.jpg 100w\" data-sizes=\"(max-width: 700px) 100vw, 700px\" src=\"data:image\/svg+xml;base64,PHN2ZyB3aWR0aD0iMSIgaGVpZ2h0PSIxIiB4bWxucz0iaHR0cDovL3d3dy53My5vcmcvMjAwMC9zdmciPjwvc3ZnPg==\" style=\"--smush-placeholder-width: 700px; --smush-placeholder-aspect-ratio: 700\/493;\" \/><\/figure>\n\n\n\n<figure class=\"wp-block-image size-large\"><img decoding=\"async\" width=\"300\" height=\"250\" data-src=\"https:\/\/gazetaregionalna.com\/wp-content\/uploads\/2021\/10\/DMKInvest2.jpg\" alt=\"\" class=\"wp-image-58380 lazyload\" src=\"data:image\/svg+xml;base64,PHN2ZyB3aWR0aD0iMSIgaGVpZ2h0PSIxIiB4bWxucz0iaHR0cDovL3d3dy53My5vcmcvMjAwMC9zdmciPjwvc3ZnPg==\" style=\"--smush-placeholder-width: 300px; --smush-placeholder-aspect-ratio: 300\/250;\"><\/figure>\n","protected":false},"excerpt":{"rendered":"<p>W sobot\u0119 w Hali Polonia zako\u0144czy\u0142a si\u0119 edycja XXVII edycja Ligi Futsalu o Puchar Prezydenta Miasta Cz\u0119stochowy. Najlepszym zespo\u0142em okaza\u0142 si\u0119 Micha\u015b\/Nobilito. 16 zespo\u0142\u00f3w<\/p>\n","protected":false},"author":15,"featured_media":73442,"comment_status":"closed","ping_status":"open","sticky":false,"template":"","format":"standard","meta":{"_monsterinsights_skip_tracking":false,"_monsterinsights_sitenote_active":false,"_monsterinsights_sitenote_note":"","_monsterinsights_sitenote_category":0,"_uf_show_specific_survey":0,"_uf_disable_surveys":false,"footnotes":""},"categories":[5,6],"tags":[],"class_list":["post-73439","post","type-post","status-publish","format-standard","has-post-thumbnail","hentry","category-sport","category-pilka-nozna"],"_links":{"self":[{"href":"https:\/\/gazetaregionalna.com\/index.php?rest_route=\/wp\/v2\/posts\/73439","targetHints":{"allow":["GET"]}}],"collection":[{"href":"https:\/\/gazetaregionalna.com\/index.php?rest_route=\/wp\/v2\/posts"}],"about":[{"href":"https:\/\/gazetaregionalna.com\/index.php?rest_route=\/wp\/v2\/types\/post"}],"author":[{"embeddable":true,"href":"https:\/\/gazetaregionalna.com\/index.php?rest_route=\/wp\/v2\/users\/15"}],"replies":[{"embeddable":true,"href":"https:\/\/gazetaregionalna.com\/index.php?rest_route=%2Fwp%2Fv2%2Fcomments&post=73439"}],"version-history":[{"count":1,"href":"https:\/\/gazetaregionalna.com\/index.php?rest_route=\/wp\/v2\/posts\/73439\/revisions"}],"predecessor-version":[{"id":73443,"href":"https:\/\/gazetaregionalna.com\/index.php?rest_route=\/wp\/v2\/posts\/73439\/revisions\/73443"}],"wp:featuredmedia":[{"embeddable":true,"href":"https:\/\/gazetaregionalna.com\/index.php?rest_route=\/wp\/v2\/media\/73442"}],"wp:attachment":[{"href":"https:\/\/gazetaregionalna.com\/index.php?rest_route=%2Fwp%2Fv2%2Fmedia&parent=73439"}],"wp:term":[{"taxonomy":"category","embeddable":true,"href":"https:\/\/gazetaregionalna.com\/index.php?rest_route=%2Fwp%2Fv2%2Fcategories&post=73439"},{"taxonomy":"post_tag","embeddable":true,"href":"https:\/\/gazetaregionalna.com\/index.php?rest_route=%2Fwp%2Fv2%2Ftags&post=73439"}],"curies":[{"name":"wp","href":"https:\/\/api.w.org\/{rel}","templated":true}]}}