{"id":73438,"date":"2022-03-08T15:02:38","date_gmt":"2022-03-08T15:02:38","guid":{"rendered":"https:\/\/gazetaregionalna.com\/?p=73438"},"modified":"2022-03-08T15:02:39","modified_gmt":"2022-03-08T15:02:39","slug":"poswiata-w-czestochowskiej-alternatywie-21","status":"publish","type":"post","link":"https:\/\/gazetaregionalna.com\/?p=73438","title":{"rendered":"&#8222;po\u015bwiata&#8221; w cz\u0119stochowskiej Alternatywie 21, czyli Salon poezji na Dzie\u0144 Kobiet"},"content":{"rendered":"\n<h2 class=\"wp-block-heading\">Ci, kt\u00f3rzy nie maj\u0105 jeszcze pomys\u0142u na to, jak sp\u0119dzi\u0107 8 marca, o godz. 19 mog\u0105 stawi\u0107 si\u0119 w Kawiarni Alternatywa 21 na Starym Rynku. Tam czeka na nich Salon poezji Haliny Po\u015bwiatowskiej.<\/h2>\n\n\n\n<p>&#8222;po\u015bwiata&#8221; to pierwszy Salon Poezji, organizowany w ramach dzia\u0142am Teatru Nowego w Cz\u0119stochowie. &#8211; Gor\u0105co zapraszamy na spotkanie z poezj\u0105 Haliny Po\u015bwiatowskiej, cz\u0119stochowskiej poetki, \u201ewysokiej, pi\u0119knej kobiecie o ogromnych zielonych oczach, zagadkowym, lekko kpi\u0105cym u\u015bmiechu, ogromnej inteligencji i ciekawo\u015bci \u015bwiata, kt\u00f3rej przysz\u0142o \u017cy\u0107 w czasach nadmiernego i agresywnego epatowania kobieco\u015bci\u0105.&#8221; &#8211; zach\u0119caj\u0105 organizatorzy.<\/p>\n\n\n\n<p>Tw\u00f3rczo\u015b\u0107 poetki przypomn\u0105 Agnieszka \u0141opacka, Anna Wilk, Gabriela Bissinger i Ma\u0142gorzata Modrzycka. Wydarzenie odb\u0119dzie si\u0119 we wtorek, 8 marca (<a href=\"https:\/\/gazetaregionalna.com\/o-swiecie-kobiet-slow-kilka\/\">Dzie\u0144 Kobiet<\/a>) o godz. 19 w Kawiarni Alternatywa 21 na Starym Rynku.<\/p>\n\n\n\n<p>&#8211; W tym wyj\u0105tkowym czasie, usi\u0105d\u017amy wsp\u00f3lnie, napijmy si\u0119 herbaty i wys\u0142uchajmy wierszy, kt\u00f3re z pewno\u015bci\u0105 sk\u0142oni\u0105 nas do refleksji i porusz\u0105 serca &#8211; zaprasza <a href=\"https:\/\/www.facebook.com\/teatrnowyczestochowa\" target=\"_blank\" rel=\"noopener\">Teatr Nowy w Cz\u0119stochowie<\/a>.<\/p>\n\n\n\n<p>Wst\u0119p na Salon poezji jest bezp\u0142atny.<\/p>\n\n\n\n<p><strong>ZS<\/strong><\/p>\n\n\n\n<p><strong><a href=\"https:\/\/gazetaregionalna.com\/dzien-kobiet-w-czestochowie-oto-propozycje\/\">Czytaj tak\u017ce: Dzie\u0144 Kobiet w Cz\u0119stochowie. To \u015bwi\u0119to warto uczci\u0107 spektaklem, koncertem czy seansem. Oto propozycje!<\/a><\/strong><\/p>\n","protected":false},"excerpt":{"rendered":"<p>Ci, kt\u00f3rzy nie maj\u0105 jeszcze pomys\u0142u na to, jak sp\u0119dzi\u0107 8 marca, o godz. 19 mog\u0105 stawi\u0107 si\u0119 w Kawiarni Alternatywa 21 na Starym<\/p>\n","protected":false},"author":18,"featured_media":73444,"comment_status":"closed","ping_status":"open","sticky":false,"template":"","format":"standard","meta":{"_monsterinsights_skip_tracking":false,"_monsterinsights_sitenote_active":false,"_monsterinsights_sitenote_note":"","_monsterinsights_sitenote_category":0,"_uf_show_specific_survey":0,"_uf_disable_surveys":false,"footnotes":""},"categories":[2,3,12],"tags":[3881,4108,2362,2591],"class_list":["post-73438","post","type-post","status-publish","format-standard","has-post-thumbnail","hentry","category-wiadomosci","category-czestochowa-informacje","category-kultura-i-rozrywka","tag-dzien-kobiet","tag-halina-poswiatowska","tag-kawiarnia-alternatywa-21","tag-teatr-nowy-w-czestochowie"],"_links":{"self":[{"href":"https:\/\/gazetaregionalna.com\/index.php?rest_route=\/wp\/v2\/posts\/73438","targetHints":{"allow":["GET"]}}],"collection":[{"href":"https:\/\/gazetaregionalna.com\/index.php?rest_route=\/wp\/v2\/posts"}],"about":[{"href":"https:\/\/gazetaregionalna.com\/index.php?rest_route=\/wp\/v2\/types\/post"}],"author":[{"embeddable":true,"href":"https:\/\/gazetaregionalna.com\/index.php?rest_route=\/wp\/v2\/users\/18"}],"replies":[{"embeddable":true,"href":"https:\/\/gazetaregionalna.com\/index.php?rest_route=%2Fwp%2Fv2%2Fcomments&post=73438"}],"version-history":[{"count":3,"href":"https:\/\/gazetaregionalna.com\/index.php?rest_route=\/wp\/v2\/posts\/73438\/revisions"}],"predecessor-version":[{"id":73445,"href":"https:\/\/gazetaregionalna.com\/index.php?rest_route=\/wp\/v2\/posts\/73438\/revisions\/73445"}],"wp:featuredmedia":[{"embeddable":true,"href":"https:\/\/gazetaregionalna.com\/index.php?rest_route=\/wp\/v2\/media\/73444"}],"wp:attachment":[{"href":"https:\/\/gazetaregionalna.com\/index.php?rest_route=%2Fwp%2Fv2%2Fmedia&parent=73438"}],"wp:term":[{"taxonomy":"category","embeddable":true,"href":"https:\/\/gazetaregionalna.com\/index.php?rest_route=%2Fwp%2Fv2%2Fcategories&post=73438"},{"taxonomy":"post_tag","embeddable":true,"href":"https:\/\/gazetaregionalna.com\/index.php?rest_route=%2Fwp%2Fv2%2Ftags&post=73438"}],"curies":[{"name":"wp","href":"https:\/\/api.w.org\/{rel}","templated":true}]}}