{"id":73435,"date":"2022-03-08T14:47:18","date_gmt":"2022-03-08T14:47:18","guid":{"rendered":"https:\/\/gazetaregionalna.com\/?p=73435"},"modified":"2022-03-08T14:47:18","modified_gmt":"2022-03-08T14:47:18","slug":"w-niedziele-13-marca-ostatni-dzien-funkcjonowania-sztucznego-lodowiska-w-czestochowie","status":"publish","type":"post","link":"https:\/\/gazetaregionalna.com\/?p=73435","title":{"rendered":"W niedziel\u0119, 13 marca ostatni dzie\u0144 funkcjonowania sztucznego lodowiska w Cz\u0119stochowie"},"content":{"rendered":"\n<p>Miejski O\u015brodek Sportu i Rekreacji w Cz\u0119stochowie poinformowa\u0142, \u017ce najbli\u017csza niedziela b\u0119dzie ostatnim dniem funkcjonowania sztucznego lodowiska podczas zimy. Od poniedzia\u0142ku lodowisko b\u0119dzie nieczynne&#8230;<\/p>\n\n\n\n<p>Za oknami mamy coraz wy\u017csze temperatury. Powoli nadchodzi wiosna. Miejski O\u015brodek Sportu i Rekreacji w Cz\u0119stochowie poinformowa\u0142, \u017ce sztuczne lodowisko przy ul. Boya-\u017bele\u0144skiego b\u0119dzie czynne tylko do ko\u0144ca obecnego tygodnia. Ostatnie \u015blizgi b\u0119dzie mo\u017cna wykona\u0107 w niedziel\u0119, 13 marca.<\/p>\n\n\n\n<p>Dyrekcja MOSIR-u podzi\u0119kowa\u0142a te\u017c wszystkim swoim klientom za dotychczasowe korzystanie z us\u0142ug \u015bwiadczonych przez lodowisko.<\/p>\n\n\n\n<p>AK, foto: mosir.pl<\/p>\n\n\n\n<figure class=\"wp-block-image size-large\"><img decoding=\"async\" width=\"1024\" height=\"576\" data-src=\"https:\/\/gazetaregionalna.com\/wp-content\/uploads\/2021\/12\/Lodowisko-1024x576.jpg\" alt=\"\" class=\"wp-image-68071 lazyload\" data-srcset=\"https:\/\/gazetaregionalna.com\/wp-content\/uploads\/2021\/12\/Lodowisko-1024x576.jpg 1024w, https:\/\/gazetaregionalna.com\/wp-content\/uploads\/2021\/12\/Lodowisko-300x169.jpg 300w, https:\/\/gazetaregionalna.com\/wp-content\/uploads\/2021\/12\/Lodowisko-768x432.jpg 768w, https:\/\/gazetaregionalna.com\/wp-content\/uploads\/2021\/12\/Lodowisko-1536x864.jpg 1536w, https:\/\/gazetaregionalna.com\/wp-content\/uploads\/2021\/12\/Lodowisko-2048x1152.jpg 2048w, https:\/\/gazetaregionalna.com\/wp-content\/uploads\/2021\/12\/Lodowisko-696x392.jpg 696w, https:\/\/gazetaregionalna.com\/wp-content\/uploads\/2021\/12\/Lodowisko-1068x601.jpg 1068w, https:\/\/gazetaregionalna.com\/wp-content\/uploads\/2021\/12\/Lodowisko-1920x1080.jpg 1920w, https:\/\/gazetaregionalna.com\/wp-content\/uploads\/2021\/12\/Lodowisko-747x420.jpg 747w, https:\/\/gazetaregionalna.com\/wp-content\/uploads\/2021\/12\/Lodowisko-scaled.jpg 1600w\" data-sizes=\"(max-width: 1024px) 100vw, 1024px\" src=\"data:image\/svg+xml;base64,PHN2ZyB3aWR0aD0iMSIgaGVpZ2h0PSIxIiB4bWxucz0iaHR0cDovL3d3dy53My5vcmcvMjAwMC9zdmciPjwvc3ZnPg==\" style=\"--smush-placeholder-width: 1024px; --smush-placeholder-aspect-ratio: 1024\/576;\" \/><\/figure>\n\n\n\n<figure class=\"wp-block-image size-large\"><img decoding=\"async\" width=\"300\" height=\"250\" data-src=\"https:\/\/gazetaregionalna.com\/wp-content\/uploads\/2021\/10\/DMKInvest2.jpg\" alt=\"\" class=\"wp-image-58380 lazyload\" src=\"data:image\/svg+xml;base64,PHN2ZyB3aWR0aD0iMSIgaGVpZ2h0PSIxIiB4bWxucz0iaHR0cDovL3d3dy53My5vcmcvMjAwMC9zdmciPjwvc3ZnPg==\" style=\"--smush-placeholder-width: 300px; --smush-placeholder-aspect-ratio: 300\/250;\"><\/figure>\n","protected":false},"excerpt":{"rendered":"<p>Miejski O\u015brodek Sportu i Rekreacji w Cz\u0119stochowie poinformowa\u0142, \u017ce najbli\u017csza niedziela b\u0119dzie ostatnim dniem funkcjonowania sztucznego lodowiska podczas zimy. Od poniedzia\u0142ku lodowisko b\u0119dzie nieczynne&#8230;<\/p>\n","protected":false},"author":15,"featured_media":68071,"comment_status":"closed","ping_status":"open","sticky":false,"template":"","format":"standard","meta":{"_monsterinsights_skip_tracking":false,"_monsterinsights_sitenote_active":false,"_monsterinsights_sitenote_note":"","_monsterinsights_sitenote_category":0,"_uf_show_specific_survey":0,"_uf_disable_surveys":false,"footnotes":""},"categories":[5,11],"tags":[],"class_list":["post-73435","post","type-post","status-publish","format-standard","has-post-thumbnail","hentry","category-sport","category-pozostale"],"_links":{"self":[{"href":"https:\/\/gazetaregionalna.com\/index.php?rest_route=\/wp\/v2\/posts\/73435","targetHints":{"allow":["GET"]}}],"collection":[{"href":"https:\/\/gazetaregionalna.com\/index.php?rest_route=\/wp\/v2\/posts"}],"about":[{"href":"https:\/\/gazetaregionalna.com\/index.php?rest_route=\/wp\/v2\/types\/post"}],"author":[{"embeddable":true,"href":"https:\/\/gazetaregionalna.com\/index.php?rest_route=\/wp\/v2\/users\/15"}],"replies":[{"embeddable":true,"href":"https:\/\/gazetaregionalna.com\/index.php?rest_route=%2Fwp%2Fv2%2Fcomments&post=73435"}],"version-history":[{"count":1,"href":"https:\/\/gazetaregionalna.com\/index.php?rest_route=\/wp\/v2\/posts\/73435\/revisions"}],"predecessor-version":[{"id":73437,"href":"https:\/\/gazetaregionalna.com\/index.php?rest_route=\/wp\/v2\/posts\/73435\/revisions\/73437"}],"wp:featuredmedia":[{"embeddable":true,"href":"https:\/\/gazetaregionalna.com\/index.php?rest_route=\/wp\/v2\/media\/68071"}],"wp:attachment":[{"href":"https:\/\/gazetaregionalna.com\/index.php?rest_route=%2Fwp%2Fv2%2Fmedia&parent=73435"}],"wp:term":[{"taxonomy":"category","embeddable":true,"href":"https:\/\/gazetaregionalna.com\/index.php?rest_route=%2Fwp%2Fv2%2Fcategories&post=73435"},{"taxonomy":"post_tag","embeddable":true,"href":"https:\/\/gazetaregionalna.com\/index.php?rest_route=%2Fwp%2Fv2%2Ftags&post=73435"}],"curies":[{"name":"wp","href":"https:\/\/api.w.org\/{rel}","templated":true}]}}