{"id":73257,"date":"2022-03-05T08:28:49","date_gmt":"2022-03-05T08:28:49","guid":{"rendered":"https:\/\/gazetaregionalna.com\/?p=73257"},"modified":"2022-03-05T08:28:50","modified_gmt":"2022-03-05T08:28:50","slug":"lider-za-silny-dla-koszykarzy-azs-czestochowa","status":"publish","type":"post","link":"https:\/\/gazetaregionalna.com\/?p=73257","title":{"rendered":"Lider za silny dla koszykarzy AZS Cz\u0119stochowa"},"content":{"rendered":"\n<p>Koszykarze AZS Cz\u0119stochowa w pi\u0105tkowy wiecz\u00f3r grali w Bytomiu z prowadz\u0105c\u0105 w tabeli Poloni\u0105. Zgodnie z przypuszczeniami mecz zako\u0144czy\u0142 si\u0119 wysokim zwyci\u0119stwem gospodarzy 119:52.<\/p>\n\n\n\n<p>Koszykarze AZS Cz\u0119stochowa walcz\u0105 i wygrywaj\u0105 z dru\u017cynami z do\u0142u i \u015brodka tabeli, ale spotkania ze \u015bcis\u0142\u0105 czo\u0142\u00f3wk\u0105 za raczej poza ich zasi\u0119giem. W pi\u0105tek cz\u0119stochowianie grali w Bytomiu z liderem Poloni\u0105. Bytomianie wygrali r\u00f3\u017cnic\u0105 67 punkt\u00f3w.<\/p>\n\n\n\n<p>Ju\u017c w pierwszej kwarcie gospodarze wypracowali sobie spor\u0105 19 punktow\u0105 przewag\u0119, kt\u00f3r\u0105 p\u00f3\u017aniej stale powi\u0119kszali. O 67-punktowej pora\u017cce zadecydowa\u0142a ostatnia kwarta, kt\u00f3r\u0105 AZS przegra\u0142 4:30&#8230;<\/p>\n\n\n\n<p>Trenerzy cz\u0119stochowskiego zespo\u0142u mecz z silnym liderem potraktowali szkoleniowo. Dali pogra\u0107 najm\u0142odszym zawodnikom.<\/p>\n\n\n\n<p>Po 27 meczach AZS ma na koncie 34 punkty i zajmuje 12. pozycj\u0119. Do zako\u0144czenia rundy zasadniczej pozosta\u0142y 3 mecze.<\/p>\n\n\n\n<p>AK, foto: AK<\/p>\n\n\n\n<p><strong>Polonia Bytom \u2013 AZS Cz\u0119stochowa 119:52 (33:14, 25:15, 31:19, 30:4)<\/strong><\/p>\n\n\n\n<p><strong>AZS:<\/strong> M. Majcherek 18, D. D. Szulc 14, J\u00f3zefowski 9, S. Spycha\u0142a 6, K. Hajdu\u015b 3, M. Boruc 2, T. Nogalski 0, K. Lig\u0119za 0, D. Rak 0, K. Banaszczak 0, W. Nogalski 0, F. So\u015bniak 0.<\/p>\n\n\n\n<figure class=\"wp-block-image size-large\"><img decoding=\"async\" width=\"1024\" height=\"683\" data-src=\"https:\/\/gazetaregionalna.com\/wp-content\/uploads\/2022\/02\/AZS-Czeladz-33-1024x683.jpg\" alt=\"\" class=\"wp-image-72095 lazyload\" data-srcset=\"https:\/\/gazetaregionalna.com\/wp-content\/uploads\/2022\/02\/AZS-Czeladz-33-1024x683.jpg 1024w, https:\/\/gazetaregionalna.com\/wp-content\/uploads\/2022\/02\/AZS-Czeladz-33-300x200.jpg 300w, https:\/\/gazetaregionalna.com\/wp-content\/uploads\/2022\/02\/AZS-Czeladz-33-768x512.jpg 768w, https:\/\/gazetaregionalna.com\/wp-content\/uploads\/2022\/02\/AZS-Czeladz-33-1536x1024.jpg 1536w, https:\/\/gazetaregionalna.com\/wp-content\/uploads\/2022\/02\/AZS-Czeladz-33-2048x1365.jpg 2048w, https:\/\/gazetaregionalna.com\/wp-content\/uploads\/2022\/02\/AZS-Czeladz-33-696x464.jpg 696w, https:\/\/gazetaregionalna.com\/wp-content\/uploads\/2022\/02\/AZS-Czeladz-33-1068x712.jpg 1068w, https:\/\/gazetaregionalna.com\/wp-content\/uploads\/2022\/02\/AZS-Czeladz-33-1920x1280.jpg 1920w, https:\/\/gazetaregionalna.com\/wp-content\/uploads\/2022\/02\/AZS-Czeladz-33-630x420.jpg 630w, https:\/\/gazetaregionalna.com\/wp-content\/uploads\/2022\/02\/AZS-Czeladz-33-scaled.jpg 1600w\" data-sizes=\"(max-width: 1024px) 100vw, 1024px\" src=\"data:image\/svg+xml;base64,PHN2ZyB3aWR0aD0iMSIgaGVpZ2h0PSIxIiB4bWxucz0iaHR0cDovL3d3dy53My5vcmcvMjAwMC9zdmciPjwvc3ZnPg==\" style=\"--smush-placeholder-width: 1024px; --smush-placeholder-aspect-ratio: 1024\/683;\" \/><\/figure>\n\n\n\n<figure class=\"wp-block-image size-large\"><img decoding=\"async\" width=\"1024\" height=\"683\" data-src=\"https:\/\/gazetaregionalna.com\/wp-content\/uploads\/2022\/02\/AZSZ-Czeladz-37-1024x683.jpg\" alt=\"\" class=\"wp-image-72096 lazyload\" data-srcset=\"https:\/\/gazetaregionalna.com\/wp-content\/uploads\/2022\/02\/AZSZ-Czeladz-37-1024x683.jpg 1024w, https:\/\/gazetaregionalna.com\/wp-content\/uploads\/2022\/02\/AZSZ-Czeladz-37-300x200.jpg 300w, https:\/\/gazetaregionalna.com\/wp-content\/uploads\/2022\/02\/AZSZ-Czeladz-37-768x512.jpg 768w, https:\/\/gazetaregionalna.com\/wp-content\/uploads\/2022\/02\/AZSZ-Czeladz-37-1536x1024.jpg 1536w, https:\/\/gazetaregionalna.com\/wp-content\/uploads\/2022\/02\/AZSZ-Czeladz-37-2048x1365.jpg 2048w, https:\/\/gazetaregionalna.com\/wp-content\/uploads\/2022\/02\/AZSZ-Czeladz-37-696x464.jpg 696w, https:\/\/gazetaregionalna.com\/wp-content\/uploads\/2022\/02\/AZSZ-Czeladz-37-1068x712.jpg 1068w, https:\/\/gazetaregionalna.com\/wp-content\/uploads\/2022\/02\/AZSZ-Czeladz-37-1920x1280.jpg 1920w, https:\/\/gazetaregionalna.com\/wp-content\/uploads\/2022\/02\/AZSZ-Czeladz-37-630x420.jpg 630w, https:\/\/gazetaregionalna.com\/wp-content\/uploads\/2022\/02\/AZSZ-Czeladz-37-scaled.jpg 1600w\" data-sizes=\"(max-width: 1024px) 100vw, 1024px\" src=\"data:image\/svg+xml;base64,PHN2ZyB3aWR0aD0iMSIgaGVpZ2h0PSIxIiB4bWxucz0iaHR0cDovL3d3dy53My5vcmcvMjAwMC9zdmciPjwvc3ZnPg==\" style=\"--smush-placeholder-width: 1024px; --smush-placeholder-aspect-ratio: 1024\/683;\" \/><\/figure>\n\n\n\n<figure class=\"wp-block-image size-large\"><img decoding=\"async\" width=\"1024\" height=\"683\" data-src=\"https:\/\/gazetaregionalna.com\/wp-content\/uploads\/2022\/02\/AZS-Czeladz-27-1024x683.jpg\" alt=\"\" class=\"wp-image-72094 lazyload\" data-srcset=\"https:\/\/gazetaregionalna.com\/wp-content\/uploads\/2022\/02\/AZS-Czeladz-27-1024x683.jpg 1024w, https:\/\/gazetaregionalna.com\/wp-content\/uploads\/2022\/02\/AZS-Czeladz-27-300x200.jpg 300w, https:\/\/gazetaregionalna.com\/wp-content\/uploads\/2022\/02\/AZS-Czeladz-27-768x512.jpg 768w, https:\/\/gazetaregionalna.com\/wp-content\/uploads\/2022\/02\/AZS-Czeladz-27-1536x1024.jpg 1536w, https:\/\/gazetaregionalna.com\/wp-content\/uploads\/2022\/02\/AZS-Czeladz-27-2048x1365.jpg 2048w, https:\/\/gazetaregionalna.com\/wp-content\/uploads\/2022\/02\/AZS-Czeladz-27-696x464.jpg 696w, https:\/\/gazetaregionalna.com\/wp-content\/uploads\/2022\/02\/AZS-Czeladz-27-1068x712.jpg 1068w, https:\/\/gazetaregionalna.com\/wp-content\/uploads\/2022\/02\/AZS-Czeladz-27-1920x1280.jpg 1920w, https:\/\/gazetaregionalna.com\/wp-content\/uploads\/2022\/02\/AZS-Czeladz-27-630x420.jpg 630w, https:\/\/gazetaregionalna.com\/wp-content\/uploads\/2022\/02\/AZS-Czeladz-27-scaled.jpg 1600w\" data-sizes=\"(max-width: 1024px) 100vw, 1024px\" src=\"data:image\/svg+xml;base64,PHN2ZyB3aWR0aD0iMSIgaGVpZ2h0PSIxIiB4bWxucz0iaHR0cDovL3d3dy53My5vcmcvMjAwMC9zdmciPjwvc3ZnPg==\" style=\"--smush-placeholder-width: 1024px; --smush-placeholder-aspect-ratio: 1024\/683;\" \/><\/figure>\n\n\n\n<figure class=\"wp-block-image size-large\"><img decoding=\"async\" width=\"300\" height=\"250\" data-src=\"https:\/\/gazetaregionalna.com\/wp-content\/uploads\/2021\/10\/DMKInvest2.jpg\" alt=\"\" class=\"wp-image-58380 lazyload\" src=\"data:image\/svg+xml;base64,PHN2ZyB3aWR0aD0iMSIgaGVpZ2h0PSIxIiB4bWxucz0iaHR0cDovL3d3dy53My5vcmcvMjAwMC9zdmciPjwvc3ZnPg==\" style=\"--smush-placeholder-width: 300px; --smush-placeholder-aspect-ratio: 300\/250;\"><\/figure>\n\n\n\n<figure class=\"wp-block-image size-large\"><img decoding=\"async\" width=\"1024\" height=\"683\" data-src=\"https:\/\/gazetaregionalna.com\/wp-content\/uploads\/2022\/02\/AZS-Czeladz-1-1024x683.jpg\" alt=\"\" class=\"wp-image-72092 lazyload\" data-srcset=\"https:\/\/gazetaregionalna.com\/wp-content\/uploads\/2022\/02\/AZS-Czeladz-1-1024x683.jpg 1024w, https:\/\/gazetaregionalna.com\/wp-content\/uploads\/2022\/02\/AZS-Czeladz-1-300x200.jpg 300w, https:\/\/gazetaregionalna.com\/wp-content\/uploads\/2022\/02\/AZS-Czeladz-1-768x512.jpg 768w, https:\/\/gazetaregionalna.com\/wp-content\/uploads\/2022\/02\/AZS-Czeladz-1-1536x1024.jpg 1536w, https:\/\/gazetaregionalna.com\/wp-content\/uploads\/2022\/02\/AZS-Czeladz-1-2048x1365.jpg 2048w, https:\/\/gazetaregionalna.com\/wp-content\/uploads\/2022\/02\/AZS-Czeladz-1-696x464.jpg 696w, https:\/\/gazetaregionalna.com\/wp-content\/uploads\/2022\/02\/AZS-Czeladz-1-1068x712.jpg 1068w, https:\/\/gazetaregionalna.com\/wp-content\/uploads\/2022\/02\/AZS-Czeladz-1-1920x1280.jpg 1920w, https:\/\/gazetaregionalna.com\/wp-content\/uploads\/2022\/02\/AZS-Czeladz-1-630x420.jpg 630w, https:\/\/gazetaregionalna.com\/wp-content\/uploads\/2022\/02\/AZS-Czeladz-1-scaled.jpg 1600w\" data-sizes=\"(max-width: 1024px) 100vw, 1024px\" src=\"data:image\/svg+xml;base64,PHN2ZyB3aWR0aD0iMSIgaGVpZ2h0PSIxIiB4bWxucz0iaHR0cDovL3d3dy53My5vcmcvMjAwMC9zdmciPjwvc3ZnPg==\" style=\"--smush-placeholder-width: 1024px; --smush-placeholder-aspect-ratio: 1024\/683;\" \/><\/figure>\n","protected":false},"excerpt":{"rendered":"<p>Koszykarze AZS Cz\u0119stochowa w pi\u0105tkowy wiecz\u00f3r grali w Bytomiu z prowadz\u0105c\u0105 w tabeli Poloni\u0105. Zgodnie z przypuszczeniami mecz zako\u0144czy\u0142 si\u0119 wysokim zwyci\u0119stwem gospodarzy 119:52.<\/p>\n","protected":false},"author":15,"featured_media":72095,"comment_status":"closed","ping_status":"open","sticky":false,"template":"","format":"standard","meta":{"_monsterinsights_skip_tracking":false,"_monsterinsights_sitenote_active":false,"_monsterinsights_sitenote_note":"","_monsterinsights_sitenote_category":0,"_uf_show_specific_survey":0,"_uf_disable_surveys":false,"footnotes":""},"categories":[5,9],"tags":[],"class_list":["post-73257","post","type-post","status-publish","format-standard","has-post-thumbnail","hentry","category-sport","category-koszykowka"],"_links":{"self":[{"href":"https:\/\/gazetaregionalna.com\/index.php?rest_route=\/wp\/v2\/posts\/73257","targetHints":{"allow":["GET"]}}],"collection":[{"href":"https:\/\/gazetaregionalna.com\/index.php?rest_route=\/wp\/v2\/posts"}],"about":[{"href":"https:\/\/gazetaregionalna.com\/index.php?rest_route=\/wp\/v2\/types\/post"}],"author":[{"embeddable":true,"href":"https:\/\/gazetaregionalna.com\/index.php?rest_route=\/wp\/v2\/users\/15"}],"replies":[{"embeddable":true,"href":"https:\/\/gazetaregionalna.com\/index.php?rest_route=%2Fwp%2Fv2%2Fcomments&post=73257"}],"version-history":[{"count":1,"href":"https:\/\/gazetaregionalna.com\/index.php?rest_route=\/wp\/v2\/posts\/73257\/revisions"}],"predecessor-version":[{"id":73258,"href":"https:\/\/gazetaregionalna.com\/index.php?rest_route=\/wp\/v2\/posts\/73257\/revisions\/73258"}],"wp:featuredmedia":[{"embeddable":true,"href":"https:\/\/gazetaregionalna.com\/index.php?rest_route=\/wp\/v2\/media\/72095"}],"wp:attachment":[{"href":"https:\/\/gazetaregionalna.com\/index.php?rest_route=%2Fwp%2Fv2%2Fmedia&parent=73257"}],"wp:term":[{"taxonomy":"category","embeddable":true,"href":"https:\/\/gazetaregionalna.com\/index.php?rest_route=%2Fwp%2Fv2%2Fcategories&post=73257"},{"taxonomy":"post_tag","embeddable":true,"href":"https:\/\/gazetaregionalna.com\/index.php?rest_route=%2Fwp%2Fv2%2Ftags&post=73257"}],"curies":[{"name":"wp","href":"https:\/\/api.w.org\/{rel}","templated":true}]}}