{"id":72948,"date":"2022-02-28T20:53:51","date_gmt":"2022-02-28T20:53:51","guid":{"rendered":"https:\/\/gazetaregionalna.com\/?p=72948"},"modified":"2022-02-28T21:59:08","modified_gmt":"2022-02-28T21:59:08","slug":"siatkarski-czestochowianki-zostaly-mistrzyniami-wojewodztwa-slaskiego-mlodziczek","status":"publish","type":"post","link":"https:\/\/gazetaregionalna.com\/?p=72948","title":{"rendered":"Siatkarki Cz\u0119stochowianki zosta\u0142y mistrzyniami wojew\u00f3dztwa \u015bl\u0105skiego m\u0142odziczek"},"content":{"rendered":"\n<p>Olbrzymi sukces odnios\u0142y w niedziel\u0119 siatkarki KS Cz\u0119stochowianka. Dru\u017cyna trenera Micha\u0142a Kaloty wywalczy\u0142a mistrzostwo wojew\u00f3dztwa \u015bl\u0105skiego i z\u0142ote medale w\u015br\u00f3d m\u0142odziczek.<\/p>\n\n\n\n<p>Turniej fina\u0142owy mistrzostw wojew\u00f3dztwa \u015bl\u0105skiego m\u0142odziczek odby\u0142 si\u0119 w \u017borach. Zagra\u0142y w nim 4 zespo\u0142y, kt\u00f3re od pocz\u0105tku sezonu walczy\u0142y w turniejach eliminacyjnych. W czo\u0142owej czw\u00f3rce znalaz\u0142y si\u0119 m\u0142ode siatkarki: TS Stal \u015arubiarnia SMS \u017bAPN \u017bywiec, MOSM Tychy, BKS Stal Bielsko Bia\u0142a i KS Cz\u0119stochowianka Cz\u0119stochowa.<\/p>\n\n\n\n<p>W pierwszym spotkaniu cz\u0119stochowskie m\u0142odziczki wygra\u0142y z TS Stal \u015arubiarnia 2:1. W drugim pojedynku z \u0142atwo\u015bci\u0105 pokona\u0142y MOSM Tychy. W meczu decyduj\u0105cym o z\u0142otych medalach i mistrzostwie wojew\u00f3dztwa \u015bl\u0105skiego cz\u0119stochowianki zmierzy\u0142y si\u0119 ze swoimi r\u00f3wie\u015bniczkami z Bielska-Bia\u0142ej. Stal tak jak Cz\u0119stochowianka mia\u0142a na koncie dwie wygrane.<\/p>\n\n\n\n<p>Podopieczne trenera Micha\u0142a Kaloty pierwszego seta wygra\u0142y 25:20. W drugim uleg\u0142y do 21. Na szcz\u0119\u015bcie w tie-breaku ponownie okaza\u0142y si\u0119 lepsze. Wygra\u0142y ze Stal\u0105 15:12 i mog\u0142y cieszy\u0107 si\u0119 z pierwszego w historii z\u0142otego medalu w\u015br\u00f3d m\u0142odziczek!<\/p>\n\n\n\n<p>&#8211; Dzi\u0119kuj\u0119 moim zawodniczkom, \u017ce uwierzy\u0142y we mnie i w to jak mamy pracowa\u0107, \u017ceby osi\u0105gn\u0105\u0107 sukces \u2013 m\u00f3wi trener Cz\u0119stochowianki Micha\u0142 Kalota. &#8211; Szyszunie jeste\u015bcie wielkie. Dzi\u0119kuj\u0119 prezesem, \u017ce mi zaufali. Dzi\u0119kuj\u0119 wszystkim, kt\u00f3rzy mnie wspierali, ale i tym kt\u00f3rzy twierdzili, \u017ce si\u0119 nie nadaje. To bardzo motywuje do pracy. Dzi\u0119kuj\u0119 rodzicom, \u017ce zawsze byli naszym dodatkowym zawodnikiem. Dzi\u0119kuj\u0119 wszystkim, kt\u00f3rzy przyczynili si\u0119 do tego sukcesu. Najwi\u0119ksze podzi\u0119kowania nale\u017c\u0105 si\u0119 mojej \u017conie, kt\u00f3ra znosi dzielnie ci\u0105g\u0142e moje wyjazdy i nieobecno\u015bci. Na koniec chc\u0119 powiedzie\u0107, \u017ce ta grupa pozytywnych wariatek ze mn\u0105 na czele nie powiedzia\u0142a ostatniego s\u0142owa&#8230;<\/p>\n\n\n\n<p><strong>KS Cz\u0119stochowianka Cz\u0119stochowa:<\/strong> Amelia Dobosz, Oliwia Dobosz, Nina Hili\u0144ska, Maja Malinowska, Kaja Stelmach, Bianka Minkina, Marzena \u015al\u0119zak, Ala \u0141az, Olga Iskra, Emilia Kotli\u0144ska, Antonina Fryst, Zuzanna Gni\u0142a, Apolonia Burzy\u0144ska, Julia \u0141az, Maja Szpr\u0119giel. Trener: Micha\u0142 Kalota.<\/p>\n\n\n\n<p>AK, foto: materia\u0142y prasowe klubu <\/p>\n\n\n\n<figure class=\"wp-block-image size-large\"><img decoding=\"async\" width=\"1024\" height=\"683\" data-src=\"https:\/\/gazetaregionalna.com\/wp-content\/uploads\/2022\/02\/Czanka-3-1024x683.jpg\" alt=\"\" class=\"wp-image-72951 lazyload\" data-srcset=\"https:\/\/gazetaregionalna.com\/wp-content\/uploads\/2022\/02\/Czanka-3-1024x683.jpg 1024w, https:\/\/gazetaregionalna.com\/wp-content\/uploads\/2022\/02\/Czanka-3-300x200.jpg 300w, https:\/\/gazetaregionalna.com\/wp-content\/uploads\/2022\/02\/Czanka-3-768x512.jpg 768w, https:\/\/gazetaregionalna.com\/wp-content\/uploads\/2022\/02\/Czanka-3-1536x1024.jpg 1536w, https:\/\/gazetaregionalna.com\/wp-content\/uploads\/2022\/02\/Czanka-3-696x464.jpg 696w, https:\/\/gazetaregionalna.com\/wp-content\/uploads\/2022\/02\/Czanka-3-1068x712.jpg 1068w, https:\/\/gazetaregionalna.com\/wp-content\/uploads\/2022\/02\/Czanka-3-1920x1280.jpg 1920w, https:\/\/gazetaregionalna.com\/wp-content\/uploads\/2022\/02\/Czanka-3-630x420.jpg 630w, https:\/\/gazetaregionalna.com\/wp-content\/uploads\/2022\/02\/Czanka-3.jpg 1600w\" data-sizes=\"(max-width: 1024px) 100vw, 1024px\" src=\"data:image\/svg+xml;base64,PHN2ZyB3aWR0aD0iMSIgaGVpZ2h0PSIxIiB4bWxucz0iaHR0cDovL3d3dy53My5vcmcvMjAwMC9zdmciPjwvc3ZnPg==\" style=\"--smush-placeholder-width: 1024px; --smush-placeholder-aspect-ratio: 1024\/683;\" \/><\/figure>\n\n\n\n<figure class=\"wp-block-image size-large\"><img decoding=\"async\" width=\"1024\" height=\"762\" data-src=\"https:\/\/gazetaregionalna.com\/wp-content\/uploads\/2022\/02\/Czanka-2-1024x762.jpg\" alt=\"\" class=\"wp-image-72950 lazyload\" data-srcset=\"https:\/\/gazetaregionalna.com\/wp-content\/uploads\/2022\/02\/Czanka-2-1024x762.jpg 1024w, https:\/\/gazetaregionalna.com\/wp-content\/uploads\/2022\/02\/Czanka-2-300x223.jpg 300w, https:\/\/gazetaregionalna.com\/wp-content\/uploads\/2022\/02\/Czanka-2-768x572.jpg 768w, https:\/\/gazetaregionalna.com\/wp-content\/uploads\/2022\/02\/Czanka-2-1536x1143.jpg 1536w, https:\/\/gazetaregionalna.com\/wp-content\/uploads\/2022\/02\/Czanka-2-485x360.jpg 485w, https:\/\/gazetaregionalna.com\/wp-content\/uploads\/2022\/02\/Czanka-2-696x518.jpg 696w, https:\/\/gazetaregionalna.com\/wp-content\/uploads\/2022\/02\/Czanka-2-1068x795.jpg 1068w, https:\/\/gazetaregionalna.com\/wp-content\/uploads\/2022\/02\/Czanka-2-1920x1429.jpg 1920w, https:\/\/gazetaregionalna.com\/wp-content\/uploads\/2022\/02\/Czanka-2-564x420.jpg 564w, https:\/\/gazetaregionalna.com\/wp-content\/uploads\/2022\/02\/Czanka-2-80x60.jpg 80w, https:\/\/gazetaregionalna.com\/wp-content\/uploads\/2022\/02\/Czanka-2-265x198.jpg 265w, https:\/\/gazetaregionalna.com\/wp-content\/uploads\/2022\/02\/Czanka-2.jpg 1600w\" data-sizes=\"(max-width: 1024px) 100vw, 1024px\" src=\"data:image\/svg+xml;base64,PHN2ZyB3aWR0aD0iMSIgaGVpZ2h0PSIxIiB4bWxucz0iaHR0cDovL3d3dy53My5vcmcvMjAwMC9zdmciPjwvc3ZnPg==\" style=\"--smush-placeholder-width: 1024px; --smush-placeholder-aspect-ratio: 1024\/762;\" \/><\/figure>\n\n\n\n<figure class=\"wp-block-image size-large\"><img decoding=\"async\" width=\"1024\" height=\"683\" data-src=\"https:\/\/gazetaregionalna.com\/wp-content\/uploads\/2022\/02\/Czanka-1-1024x683.jpg\" alt=\"\" class=\"wp-image-72949 lazyload\" data-srcset=\"https:\/\/gazetaregionalna.com\/wp-content\/uploads\/2022\/02\/Czanka-1-1024x683.jpg 1024w, https:\/\/gazetaregionalna.com\/wp-content\/uploads\/2022\/02\/Czanka-1-300x200.jpg 300w, https:\/\/gazetaregionalna.com\/wp-content\/uploads\/2022\/02\/Czanka-1-768x512.jpg 768w, https:\/\/gazetaregionalna.com\/wp-content\/uploads\/2022\/02\/Czanka-1-1536x1024.jpg 1536w, https:\/\/gazetaregionalna.com\/wp-content\/uploads\/2022\/02\/Czanka-1-696x464.jpg 696w, https:\/\/gazetaregionalna.com\/wp-content\/uploads\/2022\/02\/Czanka-1-1068x712.jpg 1068w, https:\/\/gazetaregionalna.com\/wp-content\/uploads\/2022\/02\/Czanka-1-1920x1280.jpg 1920w, https:\/\/gazetaregionalna.com\/wp-content\/uploads\/2022\/02\/Czanka-1-630x420.jpg 630w, https:\/\/gazetaregionalna.com\/wp-content\/uploads\/2022\/02\/Czanka-1.jpg 1600w\" data-sizes=\"(max-width: 1024px) 100vw, 1024px\" src=\"data:image\/svg+xml;base64,PHN2ZyB3aWR0aD0iMSIgaGVpZ2h0PSIxIiB4bWxucz0iaHR0cDovL3d3dy53My5vcmcvMjAwMC9zdmciPjwvc3ZnPg==\" style=\"--smush-placeholder-width: 1024px; --smush-placeholder-aspect-ratio: 1024\/683;\" \/><\/figure>\n","protected":false},"excerpt":{"rendered":"<p>Olbrzymi sukces odnios\u0142y w niedziel\u0119 siatkarki KS Cz\u0119stochowianka. Dru\u017cyna trenera Micha\u0142a Kaloty wywalczy\u0142a mistrzostwo wojew\u00f3dztwa \u015bl\u0105skiego i z\u0142ote medale w\u015br\u00f3d m\u0142odziczek. Turniej fina\u0142owy mistrzostw<\/p>\n","protected":false},"author":15,"featured_media":72949,"comment_status":"closed","ping_status":"open","sticky":false,"template":"","format":"standard","meta":{"_monsterinsights_skip_tracking":false,"_monsterinsights_sitenote_active":false,"_monsterinsights_sitenote_note":"","_monsterinsights_sitenote_category":0,"_uf_show_specific_survey":0,"_uf_disable_surveys":false,"footnotes":""},"categories":[5,8],"tags":[],"class_list":["post-72948","post","type-post","status-publish","format-standard","has-post-thumbnail","hentry","category-sport","category-siatkowka"],"_links":{"self":[{"href":"https:\/\/gazetaregionalna.com\/index.php?rest_route=\/wp\/v2\/posts\/72948","targetHints":{"allow":["GET"]}}],"collection":[{"href":"https:\/\/gazetaregionalna.com\/index.php?rest_route=\/wp\/v2\/posts"}],"about":[{"href":"https:\/\/gazetaregionalna.com\/index.php?rest_route=\/wp\/v2\/types\/post"}],"author":[{"embeddable":true,"href":"https:\/\/gazetaregionalna.com\/index.php?rest_route=\/wp\/v2\/users\/15"}],"replies":[{"embeddable":true,"href":"https:\/\/gazetaregionalna.com\/index.php?rest_route=%2Fwp%2Fv2%2Fcomments&post=72948"}],"version-history":[{"count":2,"href":"https:\/\/gazetaregionalna.com\/index.php?rest_route=\/wp\/v2\/posts\/72948\/revisions"}],"predecessor-version":[{"id":72954,"href":"https:\/\/gazetaregionalna.com\/index.php?rest_route=\/wp\/v2\/posts\/72948\/revisions\/72954"}],"wp:featuredmedia":[{"embeddable":true,"href":"https:\/\/gazetaregionalna.com\/index.php?rest_route=\/wp\/v2\/media\/72949"}],"wp:attachment":[{"href":"https:\/\/gazetaregionalna.com\/index.php?rest_route=%2Fwp%2Fv2%2Fmedia&parent=72948"}],"wp:term":[{"taxonomy":"category","embeddable":true,"href":"https:\/\/gazetaregionalna.com\/index.php?rest_route=%2Fwp%2Fv2%2Fcategories&post=72948"},{"taxonomy":"post_tag","embeddable":true,"href":"https:\/\/gazetaregionalna.com\/index.php?rest_route=%2Fwp%2Fv2%2Ftags&post=72948"}],"curies":[{"name":"wp","href":"https:\/\/api.w.org\/{rel}","templated":true}]}}