{"id":72835,"date":"2022-02-27T13:33:08","date_gmt":"2022-02-27T13:33:08","guid":{"rendered":"https:\/\/gazetaregionalna.com\/?p=72835"},"modified":"2022-02-27T13:33:10","modified_gmt":"2022-02-27T13:33:10","slug":"czestochowskie-uczelnie-pomoc-dla-ukrainy","status":"publish","type":"post","link":"https:\/\/gazetaregionalna.com\/?p=72835","title":{"rendered":"Cz\u0119stochowskie uczelnie organizuj\u0105 pomoc dla Ukrainy. Jak si\u0119 przy\u0142\u0105czy\u0107?"},"content":{"rendered":"\n<h2 class=\"wp-block-heading\">Swoje zbi\u00f3rki na rzecz obywateli Ukrainy organizuj\u0105 te\u017c cz\u0119stochowskie uczelnie wy\u017csze. <\/h2>\n\n\n\n<p>Wyrazy solidarno\u015bci z narodem ukrai\u0144skim p\u0142yn\u0105 z r\u00f3\u017cnych stron. Swoje zbi\u00f3rki prowadz\u0105 r\u00f3wnie\u017c cz\u0119stochowskie uczelnie wy\u017csze.<\/p>\n\n\n\n<p>Na <a href=\"https:\/\/www.facebook.com\/politechnikaczestochowskaPCz\" target=\"_blank\" rel=\"noopener\">Politechnice Cz\u0119stochowskiej<\/a> trwa ju\u017c kolejny dzie\u0144 zbi\u00f3rki pod has\u0142em &#8222;Solidarni z Ukrain\u0105&#8221;. W niedziel\u0119, 27 lutego do godz. 20 dary mo\u017cna przynosi\u0107 na Wydzia\u0142 Zarz\u0105dzania  przy Al. Armii Krajowej 19b (portiernia). W tygodniu pomoc tam b\u0119dzie mo\u017cna dostarcza\u0107 od godz. 8 do 20.<\/p>\n\n\n\n<figure class=\"wp-block-image size-large\"><img decoding=\"async\" data-src=\"https:\/\/gazetaregionalna.com\/wp-content\/uploads\/2022\/02\/274540353_4899163310171748_2638629157749786809_n-1024x768.jpg\" alt=\"\" class=\"wp-image-72843 lazyload\" src=\"data:image\/svg+xml;base64,PHN2ZyB3aWR0aD0iMSIgaGVpZ2h0PSIxIiB4bWxucz0iaHR0cDovL3d3dy53My5vcmcvMjAwMC9zdmciPjwvc3ZnPg==\" style=\"--smush-placeholder-width: 1024px; --smush-placeholder-aspect-ratio: 1024\/768;\"><figcaption>fot. PCz<\/figcaption><\/figure>\n\n\n\n<p>Z kolei od poniedzia\u0142ku zbi\u00f3rka ruszy tak\u017ce w innych obiektach PCz: Wydziale In\u017cynierii Produkcji i Technologii Materia\u0142\u00f3w przy Al. Armii Krajowej 19, Wydziale Budownictwa przy ul. Akademickiej 3, Wydziale Infrastruktury i \u015arodowiska przy ul. Brze\u017anickiej 60A, Wydziale In\u017cynierii Mechanicznej i Informatyki przy Al. Armii Krajowej 21 oraz Rektoracie przy ul.D\u0105browskiego 69. W ka\u017cdym z tych punkt\u00f3w rzeczy nale\u017cy zostawia\u0107 na portierni w godz. 10 -14.<\/p>\n\n\n\n<p>Zbierane s\u0105: warzywa i owoce, d\u0142ugoterminowa \u017cywno\u015b\u0107, leki przeciwb\u00f3lowe, mleko w kartonach, jogurty, zgrzewki z wod\u0105 butelkowan\u0105, jedzenie dla dzieci (s\u0142oiczki), pieluchy w r\u00f3\u017cnych rozmiarach oraz \u015brodki higieniczne (np. szczoteczki i pasty do z\u0119b\u00f3w, myd\u0142a w p\u0142ynie, szampony, podpaski, papier toaletowy, r\u0119czniki papierowe).<\/p>\n\n\n\n<p>Zebrane rzeczy zostan\u0105 przekazane Fundacji Pomocy Kobietom &#8222;Eurohelp&#8221; przy ul. Przemys\u0142owej 9 w Cz\u0119stochowie.<\/p>\n\n\n\n<figure class=\"wp-block-image size-large\"><img decoding=\"async\" data-src=\"https:\/\/gazetaregionalna.com\/wp-content\/uploads\/2022\/02\/274626348_4900778333343579_3586054449173674808_n-724x1024.jpg\" alt=\"\" class=\"wp-image-72838 lazyload\" src=\"data:image\/svg+xml;base64,PHN2ZyB3aWR0aD0iMSIgaGVpZ2h0PSIxIiB4bWxucz0iaHR0cDovL3d3dy53My5vcmcvMjAwMC9zdmciPjwvc3ZnPg==\" style=\"--smush-placeholder-width: 724px; --smush-placeholder-aspect-ratio: 724\/1024;\"><figcaption>mat. PCz<\/figcaption><\/figure>\n\n\n\n<h4 class=\"wp-block-heading\">Zbi\u00f3rka Uniwersytetu Humanistyczno-Przyrodniczego im. D\u0142ugosza<\/h4>\n\n\n\n<p><a href=\"https:\/\/www.facebook.com\/UJDCzestochowa\" target=\"_blank\" rel=\"noopener\">Uniwersytet Humanistyczno-Przyrodniczy im. D\u0142ugosza<\/a> uruchomi zbi\u00f3rk\u0119 w poniedzia\u0142ek, 28 lutego . Rozpocznie si\u0119 ona o godz. 10 i b\u0119dzie trwa\u0142a a\u017c do odwo\u0142ania. Szczeg\u00f3lnie potrzebne s\u0105: koce, \u015bpiwory, materace, karimaty, r\u0119czniki, \u015brodki opatrunkowe (banda\u017ce, plastry, gazy, maseczki, r\u0119kawiczki), \u015brodki higieniczne (myd\u0142a, szampony, chusteczki, papier toaletowy, r\u0119czniki papierowe, pieluchy dla dzieci, podpaski), baterie, latarki, \u015brodki do dezynfekcji (\u017cele, spraye, chusteczki antybakteryjne) oraz \u017cywno\u015b\u0107 z d\u0142ugim terminem wa\u017cno\u015bci. Organizatorzy zaznaczaj\u0105, \u017ce ze wzgl\u0119d\u00f3w epidemiologicznych rzeczy powinny by\u0107 nowe, a tak\u017ce, \u017ce nie zbieraj\u0105 odzie\u017cy. <\/p>\n\n\n\n<p>Miejscem zbi\u00f3rki b\u0119dzie parter budynku przy ul. Waszyngtona 4\/8. -Bardzo prosimy o przygotowanie rzeczy, kt\u00f3re mog\u0105 Pa\u0144stwo przekaza\u0107 dla os\u00f3b potrzebuj\u0105cych w Ukrainie i uchod\u017ac\u00f3w ukrai\u0144skich w Polsce. Zbi\u00f3rka odbywa si\u0119 na podstawie decyzji JM Rektor Uniwersytetu w ramach akcji &#8222;Solidarni z Ukrain\u0105!&#8221;- zaznacza uczelnia. <\/p>\n\n\n\n<figure class=\"wp-block-image size-large\"><img decoding=\"async\" width=\"1024\" height=\"1024\" data-src=\"https:\/\/gazetaregionalna.com\/wp-content\/uploads\/2022\/02\/274374216_1601872783508630_4945608223868342939_n-1024x1024.jpg\" alt=\"\" class=\"wp-image-72841 lazyload\" data-srcset=\"https:\/\/gazetaregionalna.com\/wp-content\/uploads\/2022\/02\/274374216_1601872783508630_4945608223868342939_n-1024x1024.jpg 1024w, https:\/\/gazetaregionalna.com\/wp-content\/uploads\/2022\/02\/274374216_1601872783508630_4945608223868342939_n-300x300.jpg 300w, https:\/\/gazetaregionalna.com\/wp-content\/uploads\/2022\/02\/274374216_1601872783508630_4945608223868342939_n-150x150.jpg 150w, https:\/\/gazetaregionalna.com\/wp-content\/uploads\/2022\/02\/274374216_1601872783508630_4945608223868342939_n-768x768.jpg 768w, https:\/\/gazetaregionalna.com\/wp-content\/uploads\/2022\/02\/274374216_1601872783508630_4945608223868342939_n-696x696.jpg 696w, https:\/\/gazetaregionalna.com\/wp-content\/uploads\/2022\/02\/274374216_1601872783508630_4945608223868342939_n-1068x1068.jpg 1068w, https:\/\/gazetaregionalna.com\/wp-content\/uploads\/2022\/02\/274374216_1601872783508630_4945608223868342939_n-420x420.jpg 420w, https:\/\/gazetaregionalna.com\/wp-content\/uploads\/2022\/02\/274374216_1601872783508630_4945608223868342939_n.jpg 1080w\" data-sizes=\"(max-width: 1024px) 100vw, 1024px\" src=\"data:image\/svg+xml;base64,PHN2ZyB3aWR0aD0iMSIgaGVpZ2h0PSIxIiB4bWxucz0iaHR0cDovL3d3dy53My5vcmcvMjAwMC9zdmciPjwvc3ZnPg==\" style=\"--smush-placeholder-width: 1024px; --smush-placeholder-aspect-ratio: 1024\/1024;\" \/><figcaption>mat. UJD<\/figcaption><\/figure>\n\n\n\n<h4 class=\"wp-block-heading\">Zbi\u00f3rka w Wy\u017cszej Szkole Zarz\u0105dzania<\/h4>\n\n\n\n<p>27 lutego swoj\u0105 zbi\u00f3rk\u0119 og\u0142osi\u0142a <a href=\"https:\/\/www.facebook.com\/wszczwa\/\" target=\"_blank\" rel=\"noopener\">Wy\u017csza Szko\u0142a Zarz\u0105dzania w Cz\u0119stochowie<\/a> W budynku uczelni przy ul. 1 Maja 40 zbierane b\u0119d\u0105 talerze, kubki, szklanki, sztu\u0107ce, czajniki elektryczne, pieluszki i chusteczki nawil\u017cane dla dzieci, r\u0119czniki papierowe, papier toaletowy, \u015brodki higieny osobistej (podpaski, tampony, szampony, myd\u0142o w p\u0142ynie, pasty do z\u0119b\u00f3w itp.) oraz jedzenie z d\u0142ugim terminem \u017cywno\u015bci (makaron, ry\u017c, kasza, oleje itp.). Poszukiwanie s\u0105 r\u00f3wnie\u017c wolontariusze, kt\u00f3rzy pomog\u0105 w tych charytatywnych dzia\u0142aniach. <\/p>\n\n\n\n<p><strong>ZS<\/strong><\/p>\n\n\n\n<p><strong><a href=\"https:\/\/gazetaregionalna.com\/potrzebne-sa-spiwory-koce-zywnosc\/\">Czytaj tak\u017ce: Potrzebne s\u0105 \u015bpiwory, koce, \u017cywno\u015b\u0107. Od poniedzia\u0142ku b\u0119d\u0105 je zbiera\u0107 cz\u0119stochowskie szko\u0142y<\/a><\/strong><\/p>\n","protected":false},"excerpt":{"rendered":"<p>Swoje zbi\u00f3rki na rzecz obywateli Ukrainy organizuj\u0105 te\u017c cz\u0119stochowskie uczelnie wy\u017csze. Wyrazy solidarno\u015bci z narodem ukrai\u0144skim p\u0142yn\u0105 z r\u00f3\u017cnych stron. Swoje zbi\u00f3rki prowadz\u0105 r\u00f3wnie\u017c<\/p>\n","protected":false},"author":18,"featured_media":0,"comment_status":"closed","ping_status":"open","sticky":false,"template":"","format":"standard","meta":{"_monsterinsights_skip_tracking":false,"_monsterinsights_sitenote_active":false,"_monsterinsights_sitenote_note":"","_monsterinsights_sitenote_category":0,"_uf_show_specific_survey":0,"_uf_disable_surveys":false,"footnotes":""},"categories":[4027,3,41,94,2],"tags":[137,467,3202,3250,4036],"class_list":["post-72835","post","type-post","status-publish","format-standard","hentry","category-pomoc-dla-ukrainy","category-czestochowa-informacje","category-edukacja","category-polecane","category-wiadomosci","tag-politechnika-czestochowska","tag-pomoc","tag-ujd","tag-ukraina-2","tag-wyzsza-szkola-zarzadzania"],"_links":{"self":[{"href":"https:\/\/gazetaregionalna.com\/index.php?rest_route=\/wp\/v2\/posts\/72835","targetHints":{"allow":["GET"]}}],"collection":[{"href":"https:\/\/gazetaregionalna.com\/index.php?rest_route=\/wp\/v2\/posts"}],"about":[{"href":"https:\/\/gazetaregionalna.com\/index.php?rest_route=\/wp\/v2\/types\/post"}],"author":[{"embeddable":true,"href":"https:\/\/gazetaregionalna.com\/index.php?rest_route=\/wp\/v2\/users\/18"}],"replies":[{"embeddable":true,"href":"https:\/\/gazetaregionalna.com\/index.php?rest_route=%2Fwp%2Fv2%2Fcomments&post=72835"}],"version-history":[{"count":6,"href":"https:\/\/gazetaregionalna.com\/index.php?rest_route=\/wp\/v2\/posts\/72835\/revisions"}],"predecessor-version":[{"id":72845,"href":"https:\/\/gazetaregionalna.com\/index.php?rest_route=\/wp\/v2\/posts\/72835\/revisions\/72845"}],"wp:attachment":[{"href":"https:\/\/gazetaregionalna.com\/index.php?rest_route=%2Fwp%2Fv2%2Fmedia&parent=72835"}],"wp:term":[{"taxonomy":"category","embeddable":true,"href":"https:\/\/gazetaregionalna.com\/index.php?rest_route=%2Fwp%2Fv2%2Fcategories&post=72835"},{"taxonomy":"post_tag","embeddable":true,"href":"https:\/\/gazetaregionalna.com\/index.php?rest_route=%2Fwp%2Fv2%2Ftags&post=72835"}],"curies":[{"name":"wp","href":"https:\/\/api.w.org\/{rel}","templated":true}]}}