{"id":72803,"date":"2022-02-26T22:22:50","date_gmt":"2022-02-26T22:22:50","guid":{"rendered":"https:\/\/gazetaregionalna.com\/?p=72803"},"modified":"2022-02-26T22:22:51","modified_gmt":"2022-02-26T22:22:51","slug":"jasnogorska-wieza-w-barwach-niebiesko-zoltych","status":"publish","type":"post","link":"https:\/\/gazetaregionalna.com\/?p=72803","title":{"rendered":"Jasnog\u00f3rska wie\u017ca w barwach niebiesko-\u017c\u00f3\u0142tych. To znak solidarno\u015bci z Ukrain\u0105"},"content":{"rendered":"\n<h2 class=\"wp-block-heading\">W sobot\u0119 tu\u017c po zmroku wie\u017ca Jasnej G\u00f3ry zosta\u0142a o\u015bwietlona w barwach flagi Ukrainy.<\/h2>\n\n\n\n<p>Wie\u017ca Jasnej G\u00f3ry o\u015bwietlona zosta\u0142a w sobot\u0119 na wz\u00f3r ukrai\u0144skiej flagi. To symbol solidarno\u015bci z naszym wschodnim s\u0105siadem. W obliczu eskalacji dzia\u0142a\u0144 wojennych na Ukrainie w klasztorze podczas ka\u017cdej mszy \u015bw. zanoszone s\u0105 b\u0142agania o pok\u00f3j i bezpiecze\u0144stwo dla braci i si\u00f3str na wschodzie. <br>Jasna G\u00f3ra w porozumieniu z w\u0142adzami pa\u0144stwowymi i samorz\u0105dowymi gotowa jest go\u015bcinnie przyj\u0105\u0107 uchod\u017ac\u00f3w, dla kt\u00f3rych przygotujemy miejsca w Domu Pielgrzyma.<\/p>\n\n\n\n<figure class=\"wp-block-image size-large\"><img decoding=\"async\" width=\"678\" height=\"452\" data-src=\"https:\/\/gazetaregionalna.com\/wp-content\/uploads\/2022\/02\/425199.jpg\" alt=\"\" class=\"wp-image-72805 lazyload\" data-srcset=\"https:\/\/gazetaregionalna.com\/wp-content\/uploads\/2022\/02\/425199.jpg 678w, https:\/\/gazetaregionalna.com\/wp-content\/uploads\/2022\/02\/425199-300x200.jpg 300w, https:\/\/gazetaregionalna.com\/wp-content\/uploads\/2022\/02\/425199-630x420.jpg 630w\" data-sizes=\"(max-width: 678px) 100vw, 678px\" src=\"data:image\/svg+xml;base64,PHN2ZyB3aWR0aD0iMSIgaGVpZ2h0PSIxIiB4bWxucz0iaHR0cDovL3d3dy53My5vcmcvMjAwMC9zdmciPjwvc3ZnPg==\" style=\"--smush-placeholder-width: 678px; --smush-placeholder-aspect-ratio: 678\/452;\" \/><figcaption>fot. Biura Prasowego Jasnej G\u00f3ry<\/figcaption><\/figure>\n\n\n\n<p><br>&#8211; To zagro\u017cenie, kt\u00f3re mo\u017ce si\u0119 wydawa\u0107 dla jednych jak\u0105\u015b wojn\u0105 regionaln\u0105, tak naprawd\u0119 jest zagro\u017ceniem dla pokoju i stabilno\u015bci nie tylko Europy, ale i ca\u0142ego \u015bwiata. Przede wszystkim na kolanach mo\u017cemy wyprosi\u0107 pok\u00f3j, bo wiemy, \u017ce jest on warto\u015bci\u0105 fundamentaln\u0105 dla wszystkich ludzi wszystkich czas\u00f3w i wszystkich miejsc &#8211; powiedzia\u0142 przeor Jasnej G\u00f3ry, o. Samuel Pacholski.<br><br>Jutro Apelem Jasnog\u00f3rskim rozpocz\u0119\u0142o si\u0119 nocne czuwanie z b\u0142aganiem o zaprzestanie rozlewu krwi za wstawiennictwem b\u0142. Prymasa kard. Stefana Wyszy\u0144skiego. Modlitw\u0119 poprowadzili Rycerze Kolumba.<\/p>\n\n\n\n<figure class=\"wp-block-embed is-type-wp-embed is-provider-gazeta-regionalna wp-block-embed-gazeta-regionalna\"><div class=\"wp-block-embed__wrapper\">\n<div class=\"fitvids-video\"><blockquote class=\"wp-embedded-content\" data-secret=\"MZZvvCL2uF\"><a href=\"https:\/\/gazetaregionalna.com\/jasna-gora-chce-przyjac-uchodzcow\/\">Jasna G\u00f3ra chce przyj\u0105\u0107 uchod\u017ac\u00f3w z Ukrainy. Szykuje dla nich miejsca w Domu Pielgrzyma<\/a><\/blockquote><iframe class=\"wp-embedded-content lazyload\" sandbox=\"allow-scripts\" security=\"restricted\" style=\"position: absolute; clip: rect(1px, 1px, 1px, 1px);\" title=\"&#8222;Jasna G\u00f3ra chce przyj\u0105\u0107 uchod\u017ac\u00f3w z Ukrainy. Szykuje dla nich miejsca w Domu Pielgrzyma&#8221; &#8212; Gazeta Regionalna\" data-src=\"https:\/\/gazetaregionalna.com\/jasna-gora-chce-przyjac-uchodzcow\/embed\/#?secret=a0y2mkpNnh#?secret=MZZvvCL2uF\" data-secret=\"MZZvvCL2uF\" width=\"600\" height=\"338\" frameborder=\"0\" marginwidth=\"0\" marginheight=\"0\" scrolling=\"no\" src=\"data:image\/svg+xml;base64,PHN2ZyB3aWR0aD0iMSIgaGVpZ2h0PSIxIiB4bWxucz0iaHR0cDovL3d3dy53My5vcmcvMjAwMC9zdmciPjwvc3ZnPg==\" data-load-mode=\"1\"><\/iframe><\/div>\n<\/div><\/figure>\n\n\n\n<h4 class=\"wp-block-heading\">Modlitwa o zaprzestanie rozlewu krwi na Ukrainie <\/h4>\n\n\n\n<p>Z kolei w niedziel\u0119, msz\u0105 \u015bw. o godz. 11 w Bazylice rozpocznie si\u0119 nabo\u017ce\u0144stwo 40-godzinne z wystawieniem Naj\u015bwi\u0119tszego Sakramentu. Do modlitwy b\u0142agalnej o zaprzestanie rozlewu krwi na Ukrainie zach\u0119ca kustosz Jasnej G\u00f3ry, o. Waldemar Pastusiak.<\/p>\n\n\n\n<p>Wojna nie jest czym\u015b abstrakcyjnym, staje si\u0119 niestety rzeczywisto\u015bci\u0105, kt\u00f3ra jest blisko nas. St\u0105d te\u017c g\u0142\u00f3wn\u0105 intencj\u0105 b\u0119dzie modlitwa o pok\u00f3j na Ukrainie. To b\u0119dzie nasza modlitwa za tych wszystkich, kt\u00f3rzy decyduj\u0105 o losach \u015bwiata, aby si\u0119 opami\u0119tali, aby zrozumieli, \u017ce przemoc, wojna, zabijanie nie jest drog\u0105 kreowania rzeczywisto\u015bci, ale w\u0142a\u015bnie wzajemny szacunek, mi\u0142o\u015b\u0107 i poszanowanie siebie nawzajem jest droga naszej egzystencji tu na ziemi, to przes\u0142anie wszystkich ludzi dobrej woli &#8211; zaprasza do modlitwy, za po\u015brednictwem <a href=\"http:\/\/jasnagora.com\/\" target=\"_blank\" rel=\"noopener\">Biura Prasowego Jasnej G\u00f3ry<\/a>, kustosz Jasnej G\u00f3ry.<\/p>\n\n\n\n<figure class=\"wp-block-image size-large\"><img decoding=\"async\" width=\"678\" height=\"452\" data-src=\"https:\/\/gazetaregionalna.com\/wp-content\/uploads\/2022\/02\/425200.jpg\" alt=\"\" class=\"wp-image-72806 lazyload\" data-srcset=\"https:\/\/gazetaregionalna.com\/wp-content\/uploads\/2022\/02\/425200.jpg 678w, https:\/\/gazetaregionalna.com\/wp-content\/uploads\/2022\/02\/425200-300x200.jpg 300w, https:\/\/gazetaregionalna.com\/wp-content\/uploads\/2022\/02\/425200-630x420.jpg 630w\" data-sizes=\"(max-width: 678px) 100vw, 678px\" src=\"data:image\/svg+xml;base64,PHN2ZyB3aWR0aD0iMSIgaGVpZ2h0PSIxIiB4bWxucz0iaHR0cDovL3d3dy53My5vcmcvMjAwMC9zdmciPjwvc3ZnPg==\" style=\"--smush-placeholder-width: 678px; --smush-placeholder-aspect-ratio: 678\/452;\" \/><figcaption>fot. Biura Prasowego Jasnej G\u00f3ry<\/figcaption><\/figure>\n\n\n\n<p>Nabo\u017ce\u0144stwo zako\u0144cz\u0105 Nieszpory Eucharystyczne w Bazylice o godz. 17 we wtorek, 1 marca. Ma ono charakter g\u0142\u00f3wnie pokutny i przeb\u0142agalny za pope\u0142nione grzechy. Stanowi przygotowanie do Wielkiego Postu.<\/p>\n\n\n\n<p>Adoracja w niedziel\u0119 trwa\u0107 b\u0119dzie do godz. 21, a w poniedzia\u0142ek i wtorek zaplanowano je w godz. 5 do 21.<\/p>\n\n\n\n<p><strong>ZS<\/strong><\/p>\n\n\n\n<p><strong><a href=\"https:\/\/gazetaregionalna.com\/potrzebne-sa-spiwory-koce-zywnosc\/\">Czytaj tak\u017ce: Potrzebne s\u0105 \u015bpiwory, koce, \u017cywno\u015b\u0107. Od poniedzia\u0142ku b\u0119d\u0105 je zbiera\u0107 cz\u0119stochowskie szko\u0142y<\/a><\/strong><\/p>\n","protected":false},"excerpt":{"rendered":"<p>W sobot\u0119 tu\u017c po zmroku wie\u017ca Jasnej G\u00f3ry zosta\u0142a o\u015bwietlona w barwach flagi Ukrainy. Wie\u017ca Jasnej G\u00f3ry o\u015bwietlona zosta\u0142a w sobot\u0119 na wz\u00f3r ukrai\u0144skiej<\/p>\n","protected":false},"author":18,"featured_media":72804,"comment_status":"closed","ping_status":"open","sticky":false,"template":"","format":"standard","meta":{"_monsterinsights_skip_tracking":false,"_monsterinsights_sitenote_active":false,"_monsterinsights_sitenote_note":"","_monsterinsights_sitenote_category":0,"_uf_show_specific_survey":0,"_uf_disable_surveys":false,"footnotes":""},"categories":[4027,3,94,2],"tags":[200,3250],"class_list":["post-72803","post","type-post","status-publish","format-standard","has-post-thumbnail","hentry","category-pomoc-dla-ukrainy","category-czestochowa-informacje","category-polecane","category-wiadomosci","tag-jasna-gora","tag-ukraina-2"],"_links":{"self":[{"href":"https:\/\/gazetaregionalna.com\/index.php?rest_route=\/wp\/v2\/posts\/72803","targetHints":{"allow":["GET"]}}],"collection":[{"href":"https:\/\/gazetaregionalna.com\/index.php?rest_route=\/wp\/v2\/posts"}],"about":[{"href":"https:\/\/gazetaregionalna.com\/index.php?rest_route=\/wp\/v2\/types\/post"}],"author":[{"embeddable":true,"href":"https:\/\/gazetaregionalna.com\/index.php?rest_route=\/wp\/v2\/users\/18"}],"replies":[{"embeddable":true,"href":"https:\/\/gazetaregionalna.com\/index.php?rest_route=%2Fwp%2Fv2%2Fcomments&post=72803"}],"version-history":[{"count":1,"href":"https:\/\/gazetaregionalna.com\/index.php?rest_route=\/wp\/v2\/posts\/72803\/revisions"}],"predecessor-version":[{"id":72807,"href":"https:\/\/gazetaregionalna.com\/index.php?rest_route=\/wp\/v2\/posts\/72803\/revisions\/72807"}],"wp:featuredmedia":[{"embeddable":true,"href":"https:\/\/gazetaregionalna.com\/index.php?rest_route=\/wp\/v2\/media\/72804"}],"wp:attachment":[{"href":"https:\/\/gazetaregionalna.com\/index.php?rest_route=%2Fwp%2Fv2%2Fmedia&parent=72803"}],"wp:term":[{"taxonomy":"category","embeddable":true,"href":"https:\/\/gazetaregionalna.com\/index.php?rest_route=%2Fwp%2Fv2%2Fcategories&post=72803"},{"taxonomy":"post_tag","embeddable":true,"href":"https:\/\/gazetaregionalna.com\/index.php?rest_route=%2Fwp%2Fv2%2Ftags&post=72803"}],"curies":[{"name":"wp","href":"https:\/\/api.w.org\/{rel}","templated":true}]}}