{"id":72793,"date":"2022-02-26T19:34:58","date_gmt":"2022-02-26T19:34:58","guid":{"rendered":"https:\/\/gazetaregionalna.com\/?p=72793"},"modified":"2022-02-27T11:16:06","modified_gmt":"2022-02-27T11:16:06","slug":"bialoruski-pilkarz-z-rosyjskiego-klubu-cska-moskwa-trafil-do-rakowa","status":"publish","type":"post","link":"https:\/\/gazetaregionalna.com\/?p=72793","title":{"rendered":"Bia\u0142oruski pi\u0142karz z rosyjskiego klubu CSKA Moskwa trafi\u0142 do Rakowa. Ostatnio gra\u0142 na Ukrainie"},"content":{"rendered":"\n<p>22-letni Ilja Skuryn z Bia\u0142orusi zosta\u0142 nowym napastnikiem Rakowa. Zosta\u0142 wypo\u017cyczony z&#8230; rosyjskiego CSKA Moskwa do ko\u0144ca czerwca 2022&#8230;<\/p>\n\n\n\n<p>Nowy napastnik Rakowa ma 188 centymetr\u00f3w wzrostu. W zespole CSKA zagra\u0142 19 razy i strzeli\u0142 3 bramki. W ostatnim czasie wyst\u0119powa\u0142 w ukrai\u0144skim Dynamo Kij\u00f3w. Zagra\u0142 w 11 meczach. Ma za sob\u0105 te\u017c dwa mecze w Lidze Mistrz\u00f3w. Jest te\u017c reprezentantem Bia\u0142orusi w kadrze U21.<\/p>\n\n\n\n<p>&#8211; Do\u0142\u0105czam do klubu z nadziej\u0105, \u017ce b\u0119d\u0119 umia\u0142 pom\u00f3c dru\u017cynie. Chcia\u0142bym zdobywa\u0107 tak wiele goli, jak to tylko mo\u017cliwe &#8211; powiedzia\u0142 dla oficjalnej strony Rakowa (rakow.com) po podpisaniu umowy Ilja Szkuryn.<\/p>\n\n\n\n<p>&#8211; Mimo m\u0142odego wieku Ilja jest ju\u017c do\u015bwiadczonym zawodnikiem. Du\u017cymi atutami u\u0142atwiaj\u0105cymi mu adaptacj\u0119 w naszej dru\u017cynie b\u0119d\u0105 skuteczno\u015b\u0107 w wyka\u0144czaniu sytuacji i dobre warunki fizyczne. Nad pozyskaniem tego zawodnika pracowali\u015bmy przez kilka ostatnich tygodni i cieszymy si\u0119, \u017ce uda\u0142o si\u0119 dopi\u0105\u0107 wszystkie formalno\u015bci \u2013 m\u00f3wi dla oficjalnej strony rakow.com dyrektor sportowy Rakowa, Robert Graf.<\/p>\n\n\n\n<p><strong>AK<\/strong>, foto: <strong>Jakub Ziemianin<\/strong> (rakow.com)<\/p>\n\n\n\n<figure class=\"wp-block-image size-large\"><img decoding=\"async\" width=\"800\" height=\"533\" data-src=\"https:\/\/gazetaregionalna.com\/wp-content\/uploads\/2022\/02\/Rakow-Ilia.jpg\" alt=\"\" class=\"wp-image-72794 lazyload\" data-srcset=\"https:\/\/gazetaregionalna.com\/wp-content\/uploads\/2022\/02\/Rakow-Ilia.jpg 800w, https:\/\/gazetaregionalna.com\/wp-content\/uploads\/2022\/02\/Rakow-Ilia-300x200.jpg 300w, https:\/\/gazetaregionalna.com\/wp-content\/uploads\/2022\/02\/Rakow-Ilia-768x512.jpg 768w, https:\/\/gazetaregionalna.com\/wp-content\/uploads\/2022\/02\/Rakow-Ilia-696x464.jpg 696w, https:\/\/gazetaregionalna.com\/wp-content\/uploads\/2022\/02\/Rakow-Ilia-630x420.jpg 630w\" data-sizes=\"(max-width: 800px) 100vw, 800px\" src=\"data:image\/svg+xml;base64,PHN2ZyB3aWR0aD0iMSIgaGVpZ2h0PSIxIiB4bWxucz0iaHR0cDovL3d3dy53My5vcmcvMjAwMC9zdmciPjwvc3ZnPg==\" style=\"--smush-placeholder-width: 800px; --smush-placeholder-aspect-ratio: 800\/533;\" \/><\/figure>\n\n\n\n<figure class=\"wp-block-image size-large\"><img decoding=\"async\" width=\"300\" height=\"250\" data-src=\"https:\/\/gazetaregionalna.com\/wp-content\/uploads\/2021\/10\/DMKInvest2.jpg\" alt=\"\" class=\"wp-image-58380 lazyload\" src=\"data:image\/svg+xml;base64,PHN2ZyB3aWR0aD0iMSIgaGVpZ2h0PSIxIiB4bWxucz0iaHR0cDovL3d3dy53My5vcmcvMjAwMC9zdmciPjwvc3ZnPg==\" style=\"--smush-placeholder-width: 300px; --smush-placeholder-aspect-ratio: 300\/250;\"><\/figure>\n","protected":false},"excerpt":{"rendered":"<p>22-letni Ilja Skuryn z Bia\u0142orusi zosta\u0142 nowym napastnikiem Rakowa. Zosta\u0142 wypo\u017cyczony z&#8230; rosyjskiego CSKA Moskwa do ko\u0144ca czerwca 2022&#8230; Nowy napastnik Rakowa ma 188<\/p>\n","protected":false},"author":15,"featured_media":72794,"comment_status":"closed","ping_status":"open","sticky":false,"template":"","format":"standard","meta":{"_monsterinsights_skip_tracking":false,"_monsterinsights_sitenote_active":false,"_monsterinsights_sitenote_note":"","_monsterinsights_sitenote_category":0,"_uf_show_specific_survey":0,"_uf_disable_surveys":false,"footnotes":""},"categories":[94,6,5],"tags":[],"class_list":["post-72793","post","type-post","status-publish","format-standard","has-post-thumbnail","hentry","category-polecane","category-pilka-nozna","category-sport"],"_links":{"self":[{"href":"https:\/\/gazetaregionalna.com\/index.php?rest_route=\/wp\/v2\/posts\/72793","targetHints":{"allow":["GET"]}}],"collection":[{"href":"https:\/\/gazetaregionalna.com\/index.php?rest_route=\/wp\/v2\/posts"}],"about":[{"href":"https:\/\/gazetaregionalna.com\/index.php?rest_route=\/wp\/v2\/types\/post"}],"author":[{"embeddable":true,"href":"https:\/\/gazetaregionalna.com\/index.php?rest_route=\/wp\/v2\/users\/15"}],"replies":[{"embeddable":true,"href":"https:\/\/gazetaregionalna.com\/index.php?rest_route=%2Fwp%2Fv2%2Fcomments&post=72793"}],"version-history":[{"count":2,"href":"https:\/\/gazetaregionalna.com\/index.php?rest_route=\/wp\/v2\/posts\/72793\/revisions"}],"predecessor-version":[{"id":72833,"href":"https:\/\/gazetaregionalna.com\/index.php?rest_route=\/wp\/v2\/posts\/72793\/revisions\/72833"}],"wp:featuredmedia":[{"embeddable":true,"href":"https:\/\/gazetaregionalna.com\/index.php?rest_route=\/wp\/v2\/media\/72794"}],"wp:attachment":[{"href":"https:\/\/gazetaregionalna.com\/index.php?rest_route=%2Fwp%2Fv2%2Fmedia&parent=72793"}],"wp:term":[{"taxonomy":"category","embeddable":true,"href":"https:\/\/gazetaregionalna.com\/index.php?rest_route=%2Fwp%2Fv2%2Fcategories&post=72793"},{"taxonomy":"post_tag","embeddable":true,"href":"https:\/\/gazetaregionalna.com\/index.php?rest_route=%2Fwp%2Fv2%2Ftags&post=72793"}],"curies":[{"name":"wp","href":"https:\/\/api.w.org\/{rel}","templated":true}]}}