{"id":72728,"date":"2022-02-25T20:45:48","date_gmt":"2022-02-25T20:45:48","guid":{"rendered":"https:\/\/gazetaregionalna.com\/?p=72728"},"modified":"2022-02-25T20:45:49","modified_gmt":"2022-02-25T20:45:49","slug":"kapitan-rakowa-tomas-petrasek-na-mecz-z-wisla-plock-wyszedl-z-szalikiem-ukrainy","status":"publish","type":"post","link":"https:\/\/gazetaregionalna.com\/?p=72728","title":{"rendered":"Kapitan Rakowa Tomas Petrasek na mecz z Wis\u0142\u0105 P\u0142ock wyszed\u0142 z szalikiem Ukrainy"},"content":{"rendered":"\n<p>Solidarno\u015bci\u0105 z narodem Ukrainy rozpocz\u0105\u0142 si\u0119 pi\u0105tkowy mecz Rakowa Cz\u0119stochowa z Wis\u0142\u0105 P\u0142ock. Kapitan Rakowa Tomas Petrasek wyszed\u0142 na prezentacj\u0119 z szalikiem Ukrainy w r\u0119ku. Nast\u0119pnie wraz z kapitanem Wis\u0142y Dominikiem Furmanem i s\u0119dzi\u0105 g\u0142\u00f3wnym pozowali do zdj\u0119cia z szalikiem Ukrainy okazuj\u0105c tym samym gest solidarno\u015bci&#8230;<\/p>\n\n\n\n<p>Gestem solidarno\u015bci z Ukrain\u0105 rozpocz\u0105\u0142 si\u0119 pi\u0105tkowy mecz Rakowa z Wis\u0142\u0105 P\u0142ock. Kapitan Rakowa Tomas Petrasek wychodz\u0105c na prezentacj\u0119 mia\u0142 w r\u0119ce szalik Ukrainy. Nast\u0119pnie razem z kapitanem Wis\u0142y Dominikiem Furmanem i s\u0119dzi\u0105 g\u0142\u00f3wnym meczu Sebastianem Krasnym stan\u0119li z szalikiem Ukrainy i okazali w ge\u015bcie solidarno\u015bci wsparcie dla narodu ukrai\u0144skiego.<\/p>\n\n\n\n<p>AK, foto: AK, Jakub Ziemianin (rakow.com)<\/p>\n\n\n\n<figure class=\"wp-block-image size-large\"><img decoding=\"async\" width=\"840\" height=\"560\" data-src=\"https:\/\/gazetaregionalna.com\/wp-content\/uploads\/2022\/02\/Szalik-Ukraina-2.jpg\" alt=\"\" class=\"wp-image-72739 lazyload\" data-srcset=\"https:\/\/gazetaregionalna.com\/wp-content\/uploads\/2022\/02\/Szalik-Ukraina-2.jpg 840w, https:\/\/gazetaregionalna.com\/wp-content\/uploads\/2022\/02\/Szalik-Ukraina-2-300x200.jpg 300w, https:\/\/gazetaregionalna.com\/wp-content\/uploads\/2022\/02\/Szalik-Ukraina-2-768x512.jpg 768w, https:\/\/gazetaregionalna.com\/wp-content\/uploads\/2022\/02\/Szalik-Ukraina-2-696x464.jpg 696w, https:\/\/gazetaregionalna.com\/wp-content\/uploads\/2022\/02\/Szalik-Ukraina-2-630x420.jpg 630w\" data-sizes=\"(max-width: 840px) 100vw, 840px\" src=\"data:image\/svg+xml;base64,PHN2ZyB3aWR0aD0iMSIgaGVpZ2h0PSIxIiB4bWxucz0iaHR0cDovL3d3dy53My5vcmcvMjAwMC9zdmciPjwvc3ZnPg==\" style=\"--smush-placeholder-width: 840px; --smush-placeholder-aspect-ratio: 840\/560;\" \/><\/figure>\n\n\n\n<figure class=\"wp-block-image size-large\"><img decoding=\"async\" width=\"1024\" height=\"683\" data-src=\"https:\/\/gazetaregionalna.com\/wp-content\/uploads\/2022\/02\/Szalik-Ukraina-1024x683.jpg\" alt=\"\" class=\"wp-image-72737 lazyload\" data-srcset=\"https:\/\/gazetaregionalna.com\/wp-content\/uploads\/2022\/02\/Szalik-Ukraina-1024x683.jpg 1024w, https:\/\/gazetaregionalna.com\/wp-content\/uploads\/2022\/02\/Szalik-Ukraina-300x200.jpg 300w, https:\/\/gazetaregionalna.com\/wp-content\/uploads\/2022\/02\/Szalik-Ukraina-768x512.jpg 768w, https:\/\/gazetaregionalna.com\/wp-content\/uploads\/2022\/02\/Szalik-Ukraina-1536x1024.jpg 1536w, https:\/\/gazetaregionalna.com\/wp-content\/uploads\/2022\/02\/Szalik-Ukraina-2048x1365.jpg 2048w, https:\/\/gazetaregionalna.com\/wp-content\/uploads\/2022\/02\/Szalik-Ukraina-696x464.jpg 696w, https:\/\/gazetaregionalna.com\/wp-content\/uploads\/2022\/02\/Szalik-Ukraina-1068x712.jpg 1068w, https:\/\/gazetaregionalna.com\/wp-content\/uploads\/2022\/02\/Szalik-Ukraina-1920x1280.jpg 1920w, https:\/\/gazetaregionalna.com\/wp-content\/uploads\/2022\/02\/Szalik-Ukraina-630x420.jpg 630w, https:\/\/gazetaregionalna.com\/wp-content\/uploads\/2022\/02\/Szalik-Ukraina-scaled.jpg 1600w\" data-sizes=\"(max-width: 1024px) 100vw, 1024px\" src=\"data:image\/svg+xml;base64,PHN2ZyB3aWR0aD0iMSIgaGVpZ2h0PSIxIiB4bWxucz0iaHR0cDovL3d3dy53My5vcmcvMjAwMC9zdmciPjwvc3ZnPg==\" style=\"--smush-placeholder-width: 1024px; --smush-placeholder-aspect-ratio: 1024\/683;\" \/><\/figure>\n\n\n\n<figure class=\"wp-block-image size-large\"><img decoding=\"async\" width=\"300\" height=\"250\" data-src=\"https:\/\/gazetaregionalna.com\/wp-content\/uploads\/2021\/10\/DMKInvest2.jpg\" alt=\"\" class=\"wp-image-58380 lazyload\" src=\"data:image\/svg+xml;base64,PHN2ZyB3aWR0aD0iMSIgaGVpZ2h0PSIxIiB4bWxucz0iaHR0cDovL3d3dy53My5vcmcvMjAwMC9zdmciPjwvc3ZnPg==\" style=\"--smush-placeholder-width: 300px; --smush-placeholder-aspect-ratio: 300\/250;\"><\/figure>\n","protected":false},"excerpt":{"rendered":"<p>Solidarno\u015bci\u0105 z narodem Ukrainy rozpocz\u0105\u0142 si\u0119 pi\u0105tkowy mecz Rakowa Cz\u0119stochowa z Wis\u0142\u0105 P\u0142ock. Kapitan Rakowa Tomas Petrasek wyszed\u0142 na prezentacj\u0119 z szalikiem Ukrainy w<\/p>\n","protected":false},"author":15,"featured_media":72739,"comment_status":"closed","ping_status":"open","sticky":false,"template":"","format":"standard","meta":{"_monsterinsights_skip_tracking":false,"_monsterinsights_sitenote_active":false,"_monsterinsights_sitenote_note":"","_monsterinsights_sitenote_category":0,"_uf_show_specific_survey":0,"_uf_disable_surveys":false,"footnotes":""},"categories":[94,6,5],"tags":[],"class_list":["post-72728","post","type-post","status-publish","format-standard","has-post-thumbnail","hentry","category-polecane","category-pilka-nozna","category-sport"],"_links":{"self":[{"href":"https:\/\/gazetaregionalna.com\/index.php?rest_route=\/wp\/v2\/posts\/72728","targetHints":{"allow":["GET"]}}],"collection":[{"href":"https:\/\/gazetaregionalna.com\/index.php?rest_route=\/wp\/v2\/posts"}],"about":[{"href":"https:\/\/gazetaregionalna.com\/index.php?rest_route=\/wp\/v2\/types\/post"}],"author":[{"embeddable":true,"href":"https:\/\/gazetaregionalna.com\/index.php?rest_route=\/wp\/v2\/users\/15"}],"replies":[{"embeddable":true,"href":"https:\/\/gazetaregionalna.com\/index.php?rest_route=%2Fwp%2Fv2%2Fcomments&post=72728"}],"version-history":[{"count":1,"href":"https:\/\/gazetaregionalna.com\/index.php?rest_route=\/wp\/v2\/posts\/72728\/revisions"}],"predecessor-version":[{"id":72743,"href":"https:\/\/gazetaregionalna.com\/index.php?rest_route=\/wp\/v2\/posts\/72728\/revisions\/72743"}],"wp:featuredmedia":[{"embeddable":true,"href":"https:\/\/gazetaregionalna.com\/index.php?rest_route=\/wp\/v2\/media\/72739"}],"wp:attachment":[{"href":"https:\/\/gazetaregionalna.com\/index.php?rest_route=%2Fwp%2Fv2%2Fmedia&parent=72728"}],"wp:term":[{"taxonomy":"category","embeddable":true,"href":"https:\/\/gazetaregionalna.com\/index.php?rest_route=%2Fwp%2Fv2%2Fcategories&post=72728"},{"taxonomy":"post_tag","embeddable":true,"href":"https:\/\/gazetaregionalna.com\/index.php?rest_route=%2Fwp%2Fv2%2Ftags&post=72728"}],"curies":[{"name":"wp","href":"https:\/\/api.w.org\/{rel}","templated":true}]}}