{"id":72437,"date":"2022-02-24T09:04:56","date_gmt":"2022-02-24T09:04:56","guid":{"rendered":"https:\/\/gazetaregionalna.com\/?p=72437"},"modified":"2022-02-24T09:04:57","modified_gmt":"2022-02-24T09:04:57","slug":"czestochowa-dofinansowanie-zabiegu-in-vitro","status":"publish","type":"post","link":"https:\/\/gazetaregionalna.com\/?p=72437","title":{"rendered":"Cz\u0119stochowa po raz kolejny dofinansowuje zabieg in-vitro"},"content":{"rendered":"\n<p><strong>Rusza kolejny nab\u00f3r wniosk\u00f3w dofinansowania do zabiegu in vitro. Wnioski nale\u017cy sk\u0142ada\u0107 5 marca, w godzinach 9.00-12.00.<\/strong><\/p>\n\n\n\n<p>Program nosi nazw\u0119 \u201eLeczenie niep\u0142odno\u015bci metod\u0105 zap\u0142odnienia pozaustrojowego dla mieszka\u0144c\u00f3w Miasta Cz\u0119stochowy\u201d i w Cz\u0119stochowie jest realizowany ju\u017c od dziesi\u0119ciu lat. Uczestnicy programu maj\u0105 mo\u017cliwo\u015b\u0107 jednorazowego dofinansowania do zabiegu in-vitro, w wysoko\u015bci do 5 tys. z\u0142. Warunkiem jest przeprowadzenie co najmniej jednej takiej procedury. Pozosta\u0142e koszty ponosz\u0105 pacjenci.<br><br>Wnioski dost\u0119pne s\u0105 na po\u015bwi\u0119conej programowi podstronie, nale\u017cy sk\u0142ada\u0107 w sobot\u0119, 5 marca, w godzinach 9.00 \u2013 12.00 w holu na parterze Urz\u0119du Miasta Cz\u0119stochowy. Przy naborze wniosk\u00f3w decyduje kolejno\u015b\u0107 zg\u0142osze\u0144.<br><br>Cz\u0119stochowa by\u0142a pierwszym miastem w Polsce, kt\u00f3re wprowadzi\u0142o program dofinansowania leczenia in vitro ze swojego bud\u017cetu. To dziesi\u0105ty rok trwania programu. Odby\u0142y si\u0119 ju\u017c trzy edycje, przy czym obecna jest czwarta, obejmuj\u0105ca lata 2021-2023.<br><br>Aby zosta\u0107 zakwalifikowanym do programu, nale\u017cy spe\u0142ni\u0107 kilka kryteri\u00f3w. Para, staraj\u0105ca si\u0119 o dofinansowanie powinna by\u0107 mieszka\u0144cami Cz\u0119stochowy i by\u0107 w zwi\u0105zku ma\u0142\u017ce\u0144skim lub partnerskim. Powinna tak\u017ce mie\u0107 za sob\u0105 wcze\u015bniejsze leczenie ni\u017cszego rz\u0119du, kt\u00f3re zako\u0144czy\u0142o si\u0119 niepowodzeniem lub posiada bezpo\u015brednie wskazania do zap\u0142odnienia pozaustrojowego, a tak\u017ce zosta\u0142a zakwalifikowana do leczenia niep\u0142odno\u015bci metod\u0105 zap\u0142odnienia pozaustrojowego przez Realizatora Programu, zgodnie z wytycznymi Polskiego Towarzystwa Medycyny Rozrodu. Wiek kobiety powinien mie\u015bci\u0107 si\u0119 w przedziale 20-40 lat wed\u0142ug rocznika urodzenia. Dopuszcza si\u0119 mo\u017cliwo\u015b\u0107 przeprowadzenia procedury u pacjentek w wieku do 42 lat, je\u017celi st\u0119\u017cenie AMH jest powy\u017cej 0,7 ng\/ml.<\/p>\n\n\n\n<p>Problem niep\u0142odno\u015bci dotyczy obecnie nawet 15-20% par w wieku rozrodczym. Dla wielu z tych par, jedyn\u0105 szans\u0105 na dziecko jest zap\u0142odnienie pozaustrojowe, czyli zabieg in-vitro. To procedura medyczna, kt\u00f3ra polega na zap\u0142odnieniu kom\u00f3rki jajowej przez plemnik poza \u017ce\u0144skim uk\u0142adem rozrodczym, w warunkach laboratoryjnych.<\/p>\n\n\n\n<p><strong>LN\u015a<\/strong><\/p>\n","protected":false},"excerpt":{"rendered":"<p>Rusza kolejny nab\u00f3r wniosk\u00f3w dofinansowania do zabiegu in vitro. Wnioski nale\u017cy sk\u0142ada\u0107 5 marca, w godzinach 9.00-12.00. Program nosi nazw\u0119 \u201eLeczenie niep\u0142odno\u015bci metod\u0105 zap\u0142odnienia<\/p>\n","protected":false},"author":26,"featured_media":72438,"comment_status":"closed","ping_status":"open","sticky":false,"template":"","format":"standard","meta":{"_monsterinsights_skip_tracking":false,"_monsterinsights_sitenote_active":false,"_monsterinsights_sitenote_note":"","_monsterinsights_sitenote_category":0,"_uf_show_specific_survey":0,"_uf_disable_surveys":false,"footnotes":""},"categories":[94,3,97,2,37],"tags":[144,505,4001,1614],"class_list":["post-72437","post","type-post","status-publish","format-standard","has-post-thumbnail","hentry","category-polecane","category-czestochowa-informacje","category-rodzina","category-wiadomosci","category-zdrowie","tag-czestochowa","tag-dofinansowanie","tag-in-vitro-2","tag-program"],"_links":{"self":[{"href":"https:\/\/gazetaregionalna.com\/index.php?rest_route=\/wp\/v2\/posts\/72437","targetHints":{"allow":["GET"]}}],"collection":[{"href":"https:\/\/gazetaregionalna.com\/index.php?rest_route=\/wp\/v2\/posts"}],"about":[{"href":"https:\/\/gazetaregionalna.com\/index.php?rest_route=\/wp\/v2\/types\/post"}],"author":[{"embeddable":true,"href":"https:\/\/gazetaregionalna.com\/index.php?rest_route=\/wp\/v2\/users\/26"}],"replies":[{"embeddable":true,"href":"https:\/\/gazetaregionalna.com\/index.php?rest_route=%2Fwp%2Fv2%2Fcomments&post=72437"}],"version-history":[{"count":1,"href":"https:\/\/gazetaregionalna.com\/index.php?rest_route=\/wp\/v2\/posts\/72437\/revisions"}],"predecessor-version":[{"id":72439,"href":"https:\/\/gazetaregionalna.com\/index.php?rest_route=\/wp\/v2\/posts\/72437\/revisions\/72439"}],"wp:featuredmedia":[{"embeddable":true,"href":"https:\/\/gazetaregionalna.com\/index.php?rest_route=\/wp\/v2\/media\/72438"}],"wp:attachment":[{"href":"https:\/\/gazetaregionalna.com\/index.php?rest_route=%2Fwp%2Fv2%2Fmedia&parent=72437"}],"wp:term":[{"taxonomy":"category","embeddable":true,"href":"https:\/\/gazetaregionalna.com\/index.php?rest_route=%2Fwp%2Fv2%2Fcategories&post=72437"},{"taxonomy":"post_tag","embeddable":true,"href":"https:\/\/gazetaregionalna.com\/index.php?rest_route=%2Fwp%2Fv2%2Ftags&post=72437"}],"curies":[{"name":"wp","href":"https:\/\/api.w.org\/{rel}","templated":true}]}}