{"id":72329,"date":"2022-02-22T20:07:51","date_gmt":"2022-02-22T20:07:51","guid":{"rendered":"https:\/\/gazetaregionalna.com\/?p=72329"},"modified":"2022-02-22T20:10:18","modified_gmt":"2022-02-22T20:10:18","slug":"konkurs-bezpieczne-gospodarstwo-rolne","status":"publish","type":"post","link":"https:\/\/gazetaregionalna.com\/?p=72329","title":{"rendered":"Rusza XIX Og\u00f3lnokrajowy Konkurs &#8222;Bezpieczne Gospodarstwo Rolne&#8221;"},"content":{"rendered":"\n<h2 class=\"wp-block-heading\"><strong>Do udzia\u0142u w konkursie zaproszeni s\u0105 w\u0142a\u015bciciele gospodarstw indywidualnych, w kt\u00f3rych przynajmniej jedna osoba jest obj\u0119ta ubezpieczeniem spo\u0142ecznym rolnik\u00f3w.<\/strong><\/h2>\n\n\n\n<p>W poprzednich edycjach wzi\u0119\u0142o udzia\u0142 ponad 21 tysi\u0119cy gospodarstw. Konkurs organizowany jest w celu promocji zasad ochrony zdrowia i \u017cycia w gospodarstwie rolnym.<\/p>\n\n\n\n<p>Nie liczy si\u0119 wielko\u015b\u0107 gospodarstwa, ani profil produkcji. Najwa\u017cniejsze jest pokazanie podczas eliminacji, jak wygl\u0105da standard pracy w danym miejscu i dba\u0142o\u015b\u0107 o przepisy bhp. Zg\u0142aszajac si\u0119 do konkursu, rolnicy maj\u0105 mo\u017cliwo\u015b\u0107 poddania gospodarstwa profesjonalnej kontroli.<\/p>\n\n\n\n<p>Sk\u0142ad komisji to specjali\u015bci w zakresie bezpiecze\u0144stwa pracy w rolnictwie dzia\u0142aj\u0105cy w KRUS, Agencji Restrukturyzacji i Modernizacji Rolnictwa, Pa\u0144stwow\u0105 Inspekcj\u0119 Pracy, O\u015brodki Doradztwa Rolniczego, Ochotnicz\u0105 Stra\u017c Po\u017carn\u0105 i inne instytucje dzia\u0142aj\u0105ce w \u015brodowisku wiejskim.<\/p>\n\n\n\n<p>Konkurs odbywa si\u0119 pod Patronatem Honorowym Prezydenta Rzeczypospolitej Polskiej Andrzeja Dudy. Partnerem strategicznym przedsi\u0119wzi\u0119cia jest Pocztowe Towarzystwo Ubezpiecze\u0144 Wzajemnych, a partnerem wspieraj\u0105cym Narodowy Instytut Kultury Wsi i Dziedzictwa Narodowego<\/p>\n\n\n\n<p>Na zwyci\u0119zc\u00f3w czekaj\u0105 cenne nagrody rzeczowe i finansowe. W poprzednim roku gospodarz na medal otrzyma\u0142 ci\u0105gnik rolniczy o mocy 55 KM.<\/p>\n\n\n\n<p>Termin sk\u0142adania zg\u0142osze\u0144 mija 22 kwietnia 2022 roku, 8 lipca zako\u0144czy si\u0119 etap wojew\u00f3dzki, a na prze\u0142om lipca i sierpnia przewidziano wizytacje gospodarstw, kt\u00f3re znalaz\u0142y si\u0119 w finale.<\/p>\n\n\n\n<p>Zg\u0142oszenia do konkursu przyjmowane s\u0105 w najbli\u017cszej Plac\u00f3wce Terenowej lub OR. Informacje pod nr tel.: 34 378 85 19<\/p>\n\n\n\n<p>Regulamin dost\u0119pny jest m.in. na stronie internetowej Gminy Miasta Olsztyn <a href=\"https:\/\/www.olsztyn-jurajski.pl\/dla-mieszkancow\/\" target=\"_blank\" rel=\"noopener\">https:\/\/www.olsztyn-jurajski.pl\/dla-mieszkancow\/<\/a><\/p>\n\n\n\n<p><\/p>\n","protected":false},"excerpt":{"rendered":"<p>Do udzia\u0142u w konkursie zaproszeni s\u0105 w\u0142a\u015bciciele gospodarstw indywidualnych, w kt\u00f3rych przynajmniej jedna osoba jest obj\u0119ta ubezpieczeniem spo\u0142ecznym rolnik\u00f3w. W poprzednich edycjach wzi\u0119\u0142o udzia\u0142<\/p>\n","protected":false},"author":24,"featured_media":72333,"comment_status":"closed","ping_status":"open","sticky":false,"template":"","format":"standard","meta":{"_monsterinsights_skip_tracking":false,"_monsterinsights_sitenote_active":false,"_monsterinsights_sitenote_note":"","_monsterinsights_sitenote_category":0,"_uf_show_specific_survey":0,"_uf_disable_surveys":false,"footnotes":""},"categories":[4,44],"tags":[3992,89,3993],"class_list":["post-72329","post","type-post","status-publish","format-standard","has-post-thumbnail","hentry","category-region","category-bezpieczenstwo","tag-gospodarstwo","tag-konkurs","tag-produkcja"],"_links":{"self":[{"href":"https:\/\/gazetaregionalna.com\/index.php?rest_route=\/wp\/v2\/posts\/72329","targetHints":{"allow":["GET"]}}],"collection":[{"href":"https:\/\/gazetaregionalna.com\/index.php?rest_route=\/wp\/v2\/posts"}],"about":[{"href":"https:\/\/gazetaregionalna.com\/index.php?rest_route=\/wp\/v2\/types\/post"}],"author":[{"embeddable":true,"href":"https:\/\/gazetaregionalna.com\/index.php?rest_route=\/wp\/v2\/users\/24"}],"replies":[{"embeddable":true,"href":"https:\/\/gazetaregionalna.com\/index.php?rest_route=%2Fwp%2Fv2%2Fcomments&post=72329"}],"version-history":[{"count":1,"href":"https:\/\/gazetaregionalna.com\/index.php?rest_route=\/wp\/v2\/posts\/72329\/revisions"}],"predecessor-version":[{"id":72330,"href":"https:\/\/gazetaregionalna.com\/index.php?rest_route=\/wp\/v2\/posts\/72329\/revisions\/72330"}],"wp:featuredmedia":[{"embeddable":true,"href":"https:\/\/gazetaregionalna.com\/index.php?rest_route=\/wp\/v2\/media\/72333"}],"wp:attachment":[{"href":"https:\/\/gazetaregionalna.com\/index.php?rest_route=%2Fwp%2Fv2%2Fmedia&parent=72329"}],"wp:term":[{"taxonomy":"category","embeddable":true,"href":"https:\/\/gazetaregionalna.com\/index.php?rest_route=%2Fwp%2Fv2%2Fcategories&post=72329"},{"taxonomy":"post_tag","embeddable":true,"href":"https:\/\/gazetaregionalna.com\/index.php?rest_route=%2Fwp%2Fv2%2Ftags&post=72329"}],"curies":[{"name":"wp","href":"https:\/\/api.w.org\/{rel}","templated":true}]}}