{"id":72324,"date":"2022-02-22T18:29:05","date_gmt":"2022-02-22T18:29:05","guid":{"rendered":"https:\/\/gazetaregionalna.com\/?p=72324"},"modified":"2022-02-22T18:29:05","modified_gmt":"2022-02-22T18:29:05","slug":"fundacja-promissum-obietnica-lepszego-jutra","status":"publish","type":"post","link":"https:\/\/gazetaregionalna.com\/?p=72324","title":{"rendered":"Fundacja Promissum-obietnica lepszego jutra"},"content":{"rendered":"\n<h2 class=\"wp-block-heading\">W Lubli\u0144cu powsta\u0142a nowa Fundacja charytatywna Promissum.<\/h2>\n\n\n\n<p>G\u0142\u00f3wnym celem fundacji jest pomoc osobom chorym i niepe\u0142nosprawnym, a tak\u017ce osobom w cie\u017ckiej sytuacji materialnej. Niestety, cz\u0119sto te wszystkie problemy wyst\u0119puj\u0105 jednocze\u015bnie i wtedy naprawd\u0119 trudno sobie poradzi\u0107 bez wsparcia takich instytucji.<\/p>\n\n\n\n<p>Prezes fundacji lek. Beata Janik podkre\u015bla, \u017ce dzia\u0142ania fundacji skupi\u0105 si\u0119 na finansowaniu leczenia, zakupu sprz\u0119tu medycznego, a tak\u017ce zorganizowaniu rehabilitacji dla os\u00f3b po zabiegach.<\/p>\n\n\n\n<p>Statut Fundacji Promissum obejmuje szereg dziedzin i dzia\u0142a\u0144 pomocowych. Wsparcie samotnych matek i dom\u00f3w dziecka, organizacja warsztat\u00f3w artystycznych i j\u0119zykowych dla dzieci z niepe\u0142nosprawno\u015bciami, zakup podr\u0119cznik\u00f3w, do\u017cywianie m\u0142odzie\u017cy z biednych rodzin, to kolejne cho\u0107 jeszcze nie wszystkie plany fundacji.<\/p>\n\n\n\n<p>Pierwszym celem jest kupno pomp insulinowych i lek\u00f3w dla cukrzyk\u00f3w oraz sfinansowanie rehabilitacji po urazach i zabiegach dla mieszka\u0144c\u00f3w powiatu lublinieckiego.<\/p>\n\n\n\n<p>W ostatnich latach niepokoj\u0105co wzros\u0142a liczba chorych na cukrzyc\u0119, zw\u0142aszcza w\u015br\u00f3d ma\u0142ych dzieci. Dlatego wa\u017cna jest codzienna kontrola poziomu glukozy i insulinoterapia, tak by nie dopu\u015bci\u0107 do stanu zagro\u017cenia \u017cycia.<\/p>\n\n\n\n<p>Z czasem, Fundacja b\u0119dzie stara\u0142a si\u0119 rozszerza\u0107 swoje dzia\u0142ania, pomaga\u0107 w refundacji kosztownych terapii chor\u00f3b nowotworowych, czy innych ci\u0119\u017ckich schorze\u0144 przewlek\u0142ych.<\/p>\n\n\n\n<p>Warto przyjrze\u0107 si\u0119 pe\u0142nemu statutowi Fundacji, warto wesprze\u0107 ich finansowo.<\/p>\n\n\n\n<p>Szczeg\u00f3\u0142y pod linkiem <a href=\"https:\/\/promissum.pl\/\" target=\"_blank\" rel=\"noopener\">https:\/\/promissum.pl\/<\/a><\/p>\n\n\n\n<p>Promissum szuka r\u00f3wnie\u017c wolontariuszy, wi\u0119c je\u015bli kto\u015b chcia\u0142by po\u015bwi\u0119ci\u0107 troch\u0119 czasu na czynienie ogromu dobra, mo\u017ce si\u0119 zg\u0142asza\u0107.<\/p>\n\n\n\n<p>Fundacja Promissum, ul.Piaskowa 28\/1   42-700 Lubliniec<\/p>\n\n\n\n<p>Nr konta bankowego: BNP Paribas 76160014621809824890000001<\/p>\n","protected":false},"excerpt":{"rendered":"<p>W Lubli\u0144cu powsta\u0142a nowa Fundacja charytatywna Promissum. G\u0142\u00f3wnym celem fundacji jest pomoc osobom chorym i niepe\u0142nosprawnym, a tak\u017ce osobom w cie\u017ckiej sytuacji materialnej. Niestety,<\/p>\n","protected":false},"author":24,"featured_media":72326,"comment_status":"closed","ping_status":"open","sticky":false,"template":"","format":"standard","meta":{"_monsterinsights_skip_tracking":false,"_monsterinsights_sitenote_active":false,"_monsterinsights_sitenote_note":"","_monsterinsights_sitenote_category":0,"_uf_show_specific_survey":0,"_uf_disable_surveys":false,"footnotes":""},"categories":[4,94,37],"tags":[3644,104],"class_list":["post-72324","post","type-post","status-publish","format-standard","has-post-thumbnail","hentry","category-region","category-polecane","category-zdrowie","tag-fundacja","tag-lubliniec"],"_links":{"self":[{"href":"https:\/\/gazetaregionalna.com\/index.php?rest_route=\/wp\/v2\/posts\/72324","targetHints":{"allow":["GET"]}}],"collection":[{"href":"https:\/\/gazetaregionalna.com\/index.php?rest_route=\/wp\/v2\/posts"}],"about":[{"href":"https:\/\/gazetaregionalna.com\/index.php?rest_route=\/wp\/v2\/types\/post"}],"author":[{"embeddable":true,"href":"https:\/\/gazetaregionalna.com\/index.php?rest_route=\/wp\/v2\/users\/24"}],"replies":[{"embeddable":true,"href":"https:\/\/gazetaregionalna.com\/index.php?rest_route=%2Fwp%2Fv2%2Fcomments&post=72324"}],"version-history":[{"count":2,"href":"https:\/\/gazetaregionalna.com\/index.php?rest_route=\/wp\/v2\/posts\/72324\/revisions"}],"predecessor-version":[{"id":72327,"href":"https:\/\/gazetaregionalna.com\/index.php?rest_route=\/wp\/v2\/posts\/72324\/revisions\/72327"}],"wp:featuredmedia":[{"embeddable":true,"href":"https:\/\/gazetaregionalna.com\/index.php?rest_route=\/wp\/v2\/media\/72326"}],"wp:attachment":[{"href":"https:\/\/gazetaregionalna.com\/index.php?rest_route=%2Fwp%2Fv2%2Fmedia&parent=72324"}],"wp:term":[{"taxonomy":"category","embeddable":true,"href":"https:\/\/gazetaregionalna.com\/index.php?rest_route=%2Fwp%2Fv2%2Fcategories&post=72324"},{"taxonomy":"post_tag","embeddable":true,"href":"https:\/\/gazetaregionalna.com\/index.php?rest_route=%2Fwp%2Fv2%2Ftags&post=72324"}],"curies":[{"name":"wp","href":"https:\/\/api.w.org\/{rel}","templated":true}]}}