{"id":72321,"date":"2022-02-22T18:08:47","date_gmt":"2022-02-22T18:08:47","guid":{"rendered":"https:\/\/gazetaregionalna.com\/?p=72321"},"modified":"2022-02-22T18:08:48","modified_gmt":"2022-02-22T18:08:48","slug":"czestochowscy-straznicy-miejscy-rozpoznali-mezczyzne-ktory-unikal-3-lat-pozbawienia-wolnosci","status":"publish","type":"post","link":"https:\/\/gazetaregionalna.com\/?p=72321","title":{"rendered":"Cz\u0119stochowscy stra\u017cnicy miejscy rozpoznali m\u0119\u017cczyzn\u0119, kt\u00f3ry unika\u0142 3 lat pozbawienia wolno\u015bci"},"content":{"rendered":"\n<p>Cz\u0119stochowscy stra\u017cnicy miejscy uj\u0119li dw\u00f3ch m\u0119\u017cczyzn, kt\u00f3rzy byli poszukiwani przez Policj\u0119.<\/p>\n\n\n\n<p>Podczas patrolowania rejonu Starego Miasta stra\u017cnicy miejscy zauwa\u017cyli i uj\u0119li w miniony pi\u0105tek m\u0119\u017cczyzn\u0119, kt\u00f3ry by\u0142 poszukiwany przez Policj\u0119. M\u0119\u017cczyzna unika\u0142 kary 3 lat pozbawienia wolno\u015bci. Uj\u0119tego m\u0119\u017cczyzn\u0119 stra\u017cnicy miejscy przekazali policjantom z IV Komisariatu Policji.<\/p>\n\n\n\n<p>Tego samego dnia cz\u0119stochowscy stra\u017cnicy miejscy uj\u0119li przy ul. Mehoffera drugiego m\u0119\u017cczyzn\u0119, kt\u00f3ry figurowa\u0142 w kartotece os\u00f3b poszukiwanych. M\u0119\u017cczyzna zosta\u0142 przekazany na II Komisariat Policji.<\/p>\n\n\n\n<p>MR-K<\/p>\n","protected":false},"excerpt":{"rendered":"<p>Cz\u0119stochowscy stra\u017cnicy miejscy uj\u0119li dw\u00f3ch m\u0119\u017cczyzn, kt\u00f3rzy byli poszukiwani przez Policj\u0119. Podczas patrolowania rejonu Starego Miasta stra\u017cnicy miejscy zauwa\u017cyli i uj\u0119li w miniony pi\u0105tek<\/p>\n","protected":false},"author":25,"featured_media":34905,"comment_status":"closed","ping_status":"open","sticky":false,"template":"","format":"standard","meta":{"_monsterinsights_skip_tracking":false,"_monsterinsights_sitenote_active":false,"_monsterinsights_sitenote_note":"","_monsterinsights_sitenote_category":0,"_uf_show_specific_survey":0,"_uf_disable_surveys":false,"footnotes":""},"categories":[94,3,2],"tags":[],"class_list":["post-72321","post","type-post","status-publish","format-standard","has-post-thumbnail","hentry","category-polecane","category-czestochowa-informacje","category-wiadomosci"],"_links":{"self":[{"href":"https:\/\/gazetaregionalna.com\/index.php?rest_route=\/wp\/v2\/posts\/72321","targetHints":{"allow":["GET"]}}],"collection":[{"href":"https:\/\/gazetaregionalna.com\/index.php?rest_route=\/wp\/v2\/posts"}],"about":[{"href":"https:\/\/gazetaregionalna.com\/index.php?rest_route=\/wp\/v2\/types\/post"}],"author":[{"embeddable":true,"href":"https:\/\/gazetaregionalna.com\/index.php?rest_route=\/wp\/v2\/users\/25"}],"replies":[{"embeddable":true,"href":"https:\/\/gazetaregionalna.com\/index.php?rest_route=%2Fwp%2Fv2%2Fcomments&post=72321"}],"version-history":[{"count":1,"href":"https:\/\/gazetaregionalna.com\/index.php?rest_route=\/wp\/v2\/posts\/72321\/revisions"}],"predecessor-version":[{"id":72322,"href":"https:\/\/gazetaregionalna.com\/index.php?rest_route=\/wp\/v2\/posts\/72321\/revisions\/72322"}],"wp:featuredmedia":[{"embeddable":true,"href":"https:\/\/gazetaregionalna.com\/index.php?rest_route=\/wp\/v2\/media\/34905"}],"wp:attachment":[{"href":"https:\/\/gazetaregionalna.com\/index.php?rest_route=%2Fwp%2Fv2%2Fmedia&parent=72321"}],"wp:term":[{"taxonomy":"category","embeddable":true,"href":"https:\/\/gazetaregionalna.com\/index.php?rest_route=%2Fwp%2Fv2%2Fcategories&post=72321"},{"taxonomy":"post_tag","embeddable":true,"href":"https:\/\/gazetaregionalna.com\/index.php?rest_route=%2Fwp%2Fv2%2Ftags&post=72321"}],"curies":[{"name":"wp","href":"https:\/\/api.w.org\/{rel}","templated":true}]}}