{"id":7186,"date":"2019-10-17T07:55:15","date_gmt":"2019-10-17T07:55:15","guid":{"rendered":"https:\/\/gazetaregionalna.com\/?p=7186"},"modified":"2019-10-17T07:55:18","modified_gmt":"2019-10-17T07:55:18","slug":"dofinansowanie-oze-dla-mieszkancow-lublinca","status":"publish","type":"post","link":"https:\/\/gazetaregionalna.com\/?p=7186","title":{"rendered":"Dofinansowanie OZE dla mieszka\u0144c\u00f3w Lubli\u0144ca"},"content":{"rendered":"\n<h2 class=\"wp-block-heading\"> <strong>W dniu 24.10.2019 o godzinie 16.00  w sali kinowej w MIEJSKIM DOMU KULTURY W LUBLI\u0143CU,\u00a0ul. Plebiscytowa 9, Lubliniec odb\u0119dzie si\u0119 spotkanie po\u015bwi\u0119cone programowi dofinansowie do OZE, termomodernizacji budynk\u00f3w i wymiany kot\u0142\u00f3w CO<\/strong>.<\/h2>\n\n\n\n<p>Urz\u0105d Miejski wychodzi z niezmiernie cenn\u0105 inicjatyw\u0105 i  w czwartek 24.10 organizuje spotkanie na kt\u00f3rym mieszka\u0144cy b\u0119d\u0105 mogli om\u00f3wi\u0107 praktyczne sposoby pozyskania \u015brodk\u00f3w z dofinansowa\u0144 proponowanych obecnie przez Pa\u0144stwo w zakresie szeroko rozumianej akcji &#8222;Czyste Powietrze&#8221;. Mamy w obecnej chwili kilka r\u00f3wnoleg\u0142ych program\u00f3w z kt\u00f3rych mo\u017cemy korzysta\u0107 tak w zakresie termomodernizacji budynk\u00f3w jak i wymiany starych urz\u0105dze\u0144 grzewczych. Dodatkowo poruszone zostan\u0105 tematy zwi\u0105zane z modn\u0105 ostatnio tematyk\u0105 fotowoltaiki.<\/p>\n\n\n\n<p><\/p>\n\n\n\n<figure class=\"wp-block-image\"><img decoding=\"async\" width=\"780\" height=\"446\" data-src=\"https:\/\/gazetaregionalna.com\/wp-content\/uploads\/2019\/10\/zielonyekolog.jpg\" alt=\"\" class=\"wp-image-7188 lazyload\" data-srcset=\"https:\/\/gazetaregionalna.com\/wp-content\/uploads\/2019\/10\/zielonyekolog.jpg 780w, https:\/\/gazetaregionalna.com\/wp-content\/uploads\/2019\/10\/zielonyekolog-300x172.jpg 300w, https:\/\/gazetaregionalna.com\/wp-content\/uploads\/2019\/10\/zielonyekolog-768x439.jpg 768w, https:\/\/gazetaregionalna.com\/wp-content\/uploads\/2019\/10\/zielonyekolog-696x398.jpg 696w, https:\/\/gazetaregionalna.com\/wp-content\/uploads\/2019\/10\/zielonyekolog-735x420.jpg 735w\" data-sizes=\"(max-width: 780px) 100vw, 780px\" src=\"data:image\/svg+xml;base64,PHN2ZyB3aWR0aD0iMSIgaGVpZ2h0PSIxIiB4bWxucz0iaHR0cDovL3d3dy53My5vcmcvMjAwMC9zdmciPjwvc3ZnPg==\" style=\"--smush-placeholder-width: 780px; --smush-placeholder-aspect-ratio: 780\/446;\" \/><\/figure>\n\n\n\n<p>Zaproszenie skierowane jest przede wszystkim do os\u00f3b fizycznych ale zostan\u0105 tu r\u00f3wnie\u017c poruszone programy z kt\u00f3rych mog\u0105 skorzysta\u0107 wsp\u00f3lnoty mieszkaniowe jak i sp\u00f3\u0142dzielnie mieszkaniowe.<\/p>\n\n\n\n<p>Polecamy wszystkim mieszka\u0144com skorzystanie z mo\u017cliwo\u015bci rozmowy z urz\u0119dnikami, kt\u00f3rzy b\u0119d\u0105 mogli rzeczowo wyja\u015bni\u0107 praktyczne mo\u017cliwo\u015bci skorzystania z dofinansowa\u0144. Inicjatywa niezmiernie cenna bowiem mo\u017cliwo\u015bci w chwili obecnej do modernizacji naszych dom\u00f3w jest kilka a \u0142atwo w g\u0105szczu przepis\u00f3w pomin\u0105\u0107 te dla nas najkorzystniejsze. <\/p>\n","protected":false},"excerpt":{"rendered":"<p>W dniu 24.10.2019 o godzinie 16.00 w sali kinowej w MIEJSKIM DOMU KULTURY W LUBLI\u0143CU,\u00a0ul. Plebiscytowa 9, Lubliniec odb\u0119dzie si\u0119 spotkanie po\u015bwi\u0119cone programowi dofinansowie<\/p>\n","protected":false},"author":2,"featured_media":7187,"comment_status":"open","ping_status":"open","sticky":false,"template":"","format":"standard","meta":{"_monsterinsights_skip_tracking":false,"_monsterinsights_sitenote_active":false,"_monsterinsights_sitenote_note":"","_monsterinsights_sitenote_category":0,"_uf_show_specific_survey":0,"_uf_disable_surveys":false,"footnotes":""},"categories":[25],"tags":[159],"class_list":["post-7186","post","type-post","status-publish","format-standard","has-post-thumbnail","hentry","category-lubliniec","tag-dofinansowanie-oze"],"_links":{"self":[{"href":"https:\/\/gazetaregionalna.com\/index.php?rest_route=\/wp\/v2\/posts\/7186","targetHints":{"allow":["GET"]}}],"collection":[{"href":"https:\/\/gazetaregionalna.com\/index.php?rest_route=\/wp\/v2\/posts"}],"about":[{"href":"https:\/\/gazetaregionalna.com\/index.php?rest_route=\/wp\/v2\/types\/post"}],"author":[{"embeddable":true,"href":"https:\/\/gazetaregionalna.com\/index.php?rest_route=\/wp\/v2\/users\/2"}],"replies":[{"embeddable":true,"href":"https:\/\/gazetaregionalna.com\/index.php?rest_route=%2Fwp%2Fv2%2Fcomments&post=7186"}],"version-history":[{"count":2,"href":"https:\/\/gazetaregionalna.com\/index.php?rest_route=\/wp\/v2\/posts\/7186\/revisions"}],"predecessor-version":[{"id":7190,"href":"https:\/\/gazetaregionalna.com\/index.php?rest_route=\/wp\/v2\/posts\/7186\/revisions\/7190"}],"wp:featuredmedia":[{"embeddable":true,"href":"https:\/\/gazetaregionalna.com\/index.php?rest_route=\/wp\/v2\/media\/7187"}],"wp:attachment":[{"href":"https:\/\/gazetaregionalna.com\/index.php?rest_route=%2Fwp%2Fv2%2Fmedia&parent=7186"}],"wp:term":[{"taxonomy":"category","embeddable":true,"href":"https:\/\/gazetaregionalna.com\/index.php?rest_route=%2Fwp%2Fv2%2Fcategories&post=7186"},{"taxonomy":"post_tag","embeddable":true,"href":"https:\/\/gazetaregionalna.com\/index.php?rest_route=%2Fwp%2Fv2%2Ftags&post=7186"}],"curies":[{"name":"wp","href":"https:\/\/api.w.org\/{rel}","templated":true}]}}