{"id":7165,"date":"2019-10-15T18:07:16","date_gmt":"2019-10-15T18:07:16","guid":{"rendered":"https:\/\/gazetaregionalna.com\/?p=7165"},"modified":"2019-10-15T18:07:19","modified_gmt":"2019-10-15T18:07:19","slug":"moj-przyjaciel-zwierz","status":"publish","type":"post","link":"https:\/\/gazetaregionalna.com\/?p=7165","title":{"rendered":"&#8222;M\u00f3j Przyjaciel Zwierz&#8221;"},"content":{"rendered":"\n<p>Samorz\u0105dowy O\u015brodek Kultury i Sportu w Janowie oraz Starostwo Powiatowe w Cz\u0119stochowie organizuj\u0105 Konkurs fotograficzny pod has\u0142em &#8222;M\u00f3j Przyjaciel Zwierz&#8221;. <br> Do Konkursu zg\u0142aszane oraz oceniane tylko zdj\u0119cia przedstawiaj\u0105ce tematyk\u0119 zwi\u0105zan\u0105 z tytu\u0142em konkursu tj. fotografie ukazuj\u0105ce wi\u0119zi uczuciowe \u0142\u0105cz\u0105ce ludzi ze zwierz\u0119tami. Uczestnikami Konkursu mog\u0105 by\u0107 wy\u0142\u0105cznie osoby amatorsko zajmuj\u0105ce si\u0119 dziedzin\u0105 fotografii. Zdj\u0119cia przedstawiaj\u0105ce tylko zwierz\u0119ta nie b\u0119d\u0105 brane pod uwag\u0119. Ka\u017cdy uczestnik mo\u017ce zg\u0142osi\u0107 tylko jedn\u0105 fotografi\u0119.<\/p>\n\n\n\n<figure class=\"wp-block-image\"><img decoding=\"async\" width=\"1024\" height=\"719\" data-src=\"https:\/\/gazetaregionalna.com\/wp-content\/uploads\/2019\/10\/zwierz-2019-1-1024x719.jpg\" alt=\"\" class=\"wp-image-7166 lazyload\" data-srcset=\"https:\/\/gazetaregionalna.com\/wp-content\/uploads\/2019\/10\/zwierz-2019-1-1024x719.jpg 1024w, https:\/\/gazetaregionalna.com\/wp-content\/uploads\/2019\/10\/zwierz-2019-1-300x211.jpg 300w, https:\/\/gazetaregionalna.com\/wp-content\/uploads\/2019\/10\/zwierz-2019-1-768x539.jpg 768w, https:\/\/gazetaregionalna.com\/wp-content\/uploads\/2019\/10\/zwierz-2019-1-100x70.jpg 100w, https:\/\/gazetaregionalna.com\/wp-content\/uploads\/2019\/10\/zwierz-2019-1-696x489.jpg 696w, https:\/\/gazetaregionalna.com\/wp-content\/uploads\/2019\/10\/zwierz-2019-1-1068x750.jpg 1068w, https:\/\/gazetaregionalna.com\/wp-content\/uploads\/2019\/10\/zwierz-2019-1-598x420.jpg 598w, https:\/\/gazetaregionalna.com\/wp-content\/uploads\/2019\/10\/zwierz-2019-1.jpg 1121w\" data-sizes=\"(max-width: 1024px) 100vw, 1024px\" src=\"data:image\/svg+xml;base64,PHN2ZyB3aWR0aD0iMSIgaGVpZ2h0PSIxIiB4bWxucz0iaHR0cDovL3d3dy53My5vcmcvMjAwMC9zdmciPjwvc3ZnPg==\" style=\"--smush-placeholder-width: 1024px; --smush-placeholder-aspect-ratio: 1024\/719;\" \/><\/figure>\n\n\n\n<p><br> Zdj\u0119cia mo\u017cna nadsy\u0142a\u0107 na adres e-mail: sokis@janow.pl; (lub dostarczy\u0107 do siedziby SOKiS na no\u015bniku danych). W temacie nale\u017cy poda\u0107 informacj\u0119: &#8222;Konkurs fotograficzny&#8221;, w rozwini\u0119ciu wiadomo\u015bci swoje dane kontaktowe (nr telefonu, imi\u0119 i nazwisko, wiek, miejscowo\u015b\u0107), kr\u00f3tki opis fotografii oraz zgod\u0119 na publikacj\u0119 swoich danych w internecie.<br> Zg\u0142oszenia prac trwa do 21 pa\u017adziernika, do godziny 14.<br> Wyniki konkursu zostan\u0105 opublikowane 28 pa\u017adziernika na stronie internetowej SOKiS Jan\u00f3w oraz w serwisie Facebook.<br> Wi\u0119cej szczeg\u00f3\u0142\u00f3w na www.sokisjanow.naszgok.pl.<\/p>\n","protected":false},"excerpt":{"rendered":"<p>Samorz\u0105dowy O\u015brodek Kultury i Sportu w Janowie oraz Starostwo Powiatowe w Cz\u0119stochowie organizuj\u0105 Konkurs fotograficzny pod has\u0142em &#8222;M\u00f3j Przyjaciel Zwierz&#8221;. Do Konkursu zg\u0142aszane oraz<\/p>\n","protected":false},"author":7,"featured_media":7167,"comment_status":"open","ping_status":"open","sticky":false,"template":"","format":"standard","meta":{"_monsterinsights_skip_tracking":false,"_monsterinsights_sitenote_active":false,"_monsterinsights_sitenote_note":"","_monsterinsights_sitenote_category":0,"_uf_show_specific_survey":0,"_uf_disable_surveys":false,"footnotes":""},"categories":[12,94,4,2,13],"tags":[],"class_list":["post-7165","post","type-post","status-publish","format-standard","has-post-thumbnail","hentry","category-kultura-i-rozrywka","category-polecane","category-region","category-wiadomosci","category-wydarzenia"],"_links":{"self":[{"href":"https:\/\/gazetaregionalna.com\/index.php?rest_route=\/wp\/v2\/posts\/7165","targetHints":{"allow":["GET"]}}],"collection":[{"href":"https:\/\/gazetaregionalna.com\/index.php?rest_route=\/wp\/v2\/posts"}],"about":[{"href":"https:\/\/gazetaregionalna.com\/index.php?rest_route=\/wp\/v2\/types\/post"}],"author":[{"embeddable":true,"href":"https:\/\/gazetaregionalna.com\/index.php?rest_route=\/wp\/v2\/users\/7"}],"replies":[{"embeddable":true,"href":"https:\/\/gazetaregionalna.com\/index.php?rest_route=%2Fwp%2Fv2%2Fcomments&post=7165"}],"version-history":[{"count":1,"href":"https:\/\/gazetaregionalna.com\/index.php?rest_route=\/wp\/v2\/posts\/7165\/revisions"}],"predecessor-version":[{"id":7168,"href":"https:\/\/gazetaregionalna.com\/index.php?rest_route=\/wp\/v2\/posts\/7165\/revisions\/7168"}],"wp:featuredmedia":[{"embeddable":true,"href":"https:\/\/gazetaregionalna.com\/index.php?rest_route=\/wp\/v2\/media\/7167"}],"wp:attachment":[{"href":"https:\/\/gazetaregionalna.com\/index.php?rest_route=%2Fwp%2Fv2%2Fmedia&parent=7165"}],"wp:term":[{"taxonomy":"category","embeddable":true,"href":"https:\/\/gazetaregionalna.com\/index.php?rest_route=%2Fwp%2Fv2%2Fcategories&post=7165"},{"taxonomy":"post_tag","embeddable":true,"href":"https:\/\/gazetaregionalna.com\/index.php?rest_route=%2Fwp%2Fv2%2Ftags&post=7165"}],"curies":[{"name":"wp","href":"https:\/\/api.w.org\/{rel}","templated":true}]}}