{"id":71564,"date":"2022-02-13T21:01:18","date_gmt":"2022-02-13T21:01:18","guid":{"rendered":"https:\/\/gazetaregionalna.com\/?p=71564"},"modified":"2022-02-13T21:11:09","modified_gmt":"2022-02-13T21:11:09","slug":"poraj-powrot-folkloriady","status":"publish","type":"post","link":"https:\/\/gazetaregionalna.com\/?p=71564","title":{"rendered":"Poraj. Powr\u00f3t Folkloriady"},"content":{"rendered":"\n<h2 class=\"wp-block-heading\">Po dw\u00f3ch latach pandemicznego u\u015bpienia, wraca \u201eFolkloriada Jurajska\u201d. Imprez\u0119 zaplanowano na ostatni weekend lipca.<\/h2>\n\n\n\n<p>To najwi\u0119ksze \u015bwi\u0119to folkloru w regionie. Organizatorzy z\u0142o\u017cyli w tym roku wniosek o dodatkowe fundusze do Narodowego Centrum Kultury w programie &#8222;Etnopolska&#8221;. Je\u015bli uda si\u0119 pozyska\u0107 finansowe wsparcie, jest szansa na rozszerzenie Przegl\u0105du Zespo\u0142\u00f3w Folklorystycznych i zaproszenie zespo\u0142\u00f3w taneczno-wokalnych.<\/p>\n\n\n\n<p>Do udzia\u0142u w imprezie ju\u017c teraz zapraszane s\u0105 kapele podw\u00f3rkowe, zespo\u0142y \u015bpiewacze i obrz\u0119dowe. Zosta\u0142o kilka miesi\u0119cy na przygotowanie repertuaru.<\/p>\n\n\n\n<p>Dwie ostatnie edycje odby\u0142y si\u0119 w ograniczonym zakresie. Czas pandemii spowodowa\u0142, \u017ce mo\u017cna by\u0142o zorganizowa\u0107 jedynie Konkurs R\u0119kodzie\u0142a Artystycznego. <\/p>\n\n\n\n<p>R\u0119kodzielnicy s\u0105 mile widziani tak\u017ce w tym roku, dlatego pora wzi\u0105\u0107 si\u0119 do pracy, by latem zaprezentowa\u0107 szeroki wachlarz mo\u017cliwo\u015bci i wszystkie rodzaje sztuki ludowej.<\/p>\n\n\n\n<p>To jedna z niewielu imprez tego rodzaju w naszym kraju. Cieszy fakt, \u017ce odbywa si\u0119 ona w\u0142a\u015bnie w naszym regionie, gdzie wida\u0107 przywi\u0105zanie do tradycji i kultywowania folkloru.<\/p>\n\n\n\n<p>Dok\u0142adny regulamin i program Folkloriady pojawi si\u0119 na pocz\u0105tku kwietnia, zaraz po rozstrzygni\u0119ciu wniosk\u00f3w z\u0142o\u017conych w Narodowym Centrum Kultury. <\/p>\n\n\n\n<p>KSz<\/p>\n\n\n\n<p><\/p>\n\n\n\n<p><\/p>\n\n\n\n<p><\/p>\n","protected":false},"excerpt":{"rendered":"<p>Po dw\u00f3ch latach pandemicznego u\u015bpienia, wraca \u201eFolkloriada Jurajska\u201d. Imprez\u0119 zaplanowano na ostatni weekend lipca. To najwi\u0119ksze \u015bwi\u0119to folkloru w regionie. Organizatorzy z\u0142o\u017cyli w tym<\/p>\n","protected":false},"author":24,"featured_media":71568,"comment_status":"closed","ping_status":"open","sticky":false,"template":"","format":"standard","meta":{"_monsterinsights_skip_tracking":false,"_monsterinsights_sitenote_active":false,"_monsterinsights_sitenote_note":"","_monsterinsights_sitenote_category":0,"_uf_show_specific_survey":0,"_uf_disable_surveys":false,"footnotes":""},"categories":[12,4,13],"tags":[3934,89,561,3700],"class_list":["post-71564","post","type-post","status-publish","format-standard","has-post-thumbnail","hentry","category-kultura-i-rozrywka","category-region","category-wydarzenia","tag-folklor","tag-konkurs","tag-poraj","tag-rekodzielo"],"_links":{"self":[{"href":"https:\/\/gazetaregionalna.com\/index.php?rest_route=\/wp\/v2\/posts\/71564","targetHints":{"allow":["GET"]}}],"collection":[{"href":"https:\/\/gazetaregionalna.com\/index.php?rest_route=\/wp\/v2\/posts"}],"about":[{"href":"https:\/\/gazetaregionalna.com\/index.php?rest_route=\/wp\/v2\/types\/post"}],"author":[{"embeddable":true,"href":"https:\/\/gazetaregionalna.com\/index.php?rest_route=\/wp\/v2\/users\/24"}],"replies":[{"embeddable":true,"href":"https:\/\/gazetaregionalna.com\/index.php?rest_route=%2Fwp%2Fv2%2Fcomments&post=71564"}],"version-history":[{"count":4,"href":"https:\/\/gazetaregionalna.com\/index.php?rest_route=\/wp\/v2\/posts\/71564\/revisions"}],"predecessor-version":[{"id":71569,"href":"https:\/\/gazetaregionalna.com\/index.php?rest_route=\/wp\/v2\/posts\/71564\/revisions\/71569"}],"wp:featuredmedia":[{"embeddable":true,"href":"https:\/\/gazetaregionalna.com\/index.php?rest_route=\/wp\/v2\/media\/71568"}],"wp:attachment":[{"href":"https:\/\/gazetaregionalna.com\/index.php?rest_route=%2Fwp%2Fv2%2Fmedia&parent=71564"}],"wp:term":[{"taxonomy":"category","embeddable":true,"href":"https:\/\/gazetaregionalna.com\/index.php?rest_route=%2Fwp%2Fv2%2Fcategories&post=71564"},{"taxonomy":"post_tag","embeddable":true,"href":"https:\/\/gazetaregionalna.com\/index.php?rest_route=%2Fwp%2Fv2%2Ftags&post=71564"}],"curies":[{"name":"wp","href":"https:\/\/api.w.org\/{rel}","templated":true}]}}