{"id":71559,"date":"2022-02-13T20:02:30","date_gmt":"2022-02-13T20:02:30","guid":{"rendered":"https:\/\/gazetaregionalna.com\/?p=71559"},"modified":"2022-02-13T20:04:57","modified_gmt":"2022-02-13T20:04:57","slug":"trener-rakowa-marek-papszun-po-wygranej-w-radomiu-wyjezdzamy-z-3-punktami","status":"publish","type":"post","link":"https:\/\/gazetaregionalna.com\/?p=71559","title":{"rendered":"Trener Rakowa Marek Papszun po wygranej w Radomiu:  Wyje\u017cd\u017camy z 3 punktami."},"content":{"rendered":"\n<p>&#8211; Ciesz\u0119 si\u0119 i gratuluj\u0119 ca\u0142emu sztabowi szkoleniowemu, szatni i zawodnikom, \u017ce potrafili te informacje wykorzysta\u0107 i wygra\u0107 na tym terenie, gdzie w ekstraklasie, jeszcze nikt nie wygra\u0142 \u2013 m\u00f3wi trener Rakowa Cz\u0119stochowa Marek Papszun po bardzo wa\u017cnym zwyci\u0119stwie w Radomiu.<\/p>\n\n\n\n<p>Tak jak m\u00f3wi\u0142em przed meczem. Radomiak jest dru\u017cyn\u0105, kt\u00f3r\u0105 \u0142atwo zidentyfikowa\u0107. I mo\u017cna dobrze przygotowa\u0107 si\u0119 do meczu. Ale trzeba te informacje dobrze wykorzysta\u0107. Ciesz\u0119 si\u0119 i gratuluj\u0119 ca\u0142emu sztabowi szkoleniowemu, szatni i zawodnikom, \u017ce potrafili te informacje wykorzysta\u0107 i wygra\u0107 na tym terenie, gdzie w ekstraklasie, jeszcze nikt nie wygra\u0142. Pierwsza po\u0142owa zupe\u0142na dominacja. Wiele sytuacji. Jedyny mankament, \u017ce nie zamkn\u0119li\u015bmy tego meczu. W drugiej po\u0142owie by\u0142o sporo chaosu, takiej kopaniny, ale wiadomo w jakim celu przyjechali\u015bmy czyli po 3 punkty. Wyje\u017cd\u017camy z 3 punktami. Celem nadrz\u0119dnym w 2 po\u0142owie by\u0142o \u017ceby si\u0119 dobrze zabezpieczy\u0107 i nie doprowadzi\u0107 do utraty tej zaliczki. Zesp\u00f3\u0142 zagra\u0142 m\u0105drze i dojrzale. Wygrywamy i idziemy dalej&#8230;<\/p>\n\n\n\n<p>MR-K, foto: AK<\/p>\n\n\n\n<figure class=\"wp-block-image size-large\"><img decoding=\"async\" width=\"1024\" height=\"683\" data-src=\"https:\/\/gazetaregionalna.com\/wp-content\/uploads\/2022\/02\/Rakow-Wisla-59-1024x683.jpg\" alt=\"\" class=\"wp-image-71111 lazyload\" data-srcset=\"https:\/\/gazetaregionalna.com\/wp-content\/uploads\/2022\/02\/Rakow-Wisla-59-1024x683.jpg 1024w, https:\/\/gazetaregionalna.com\/wp-content\/uploads\/2022\/02\/Rakow-Wisla-59-300x200.jpg 300w, https:\/\/gazetaregionalna.com\/wp-content\/uploads\/2022\/02\/Rakow-Wisla-59-768x512.jpg 768w, https:\/\/gazetaregionalna.com\/wp-content\/uploads\/2022\/02\/Rakow-Wisla-59-1536x1024.jpg 1536w, https:\/\/gazetaregionalna.com\/wp-content\/uploads\/2022\/02\/Rakow-Wisla-59-2048x1365.jpg 2048w, https:\/\/gazetaregionalna.com\/wp-content\/uploads\/2022\/02\/Rakow-Wisla-59-696x464.jpg 696w, https:\/\/gazetaregionalna.com\/wp-content\/uploads\/2022\/02\/Rakow-Wisla-59-1068x712.jpg 1068w, https:\/\/gazetaregionalna.com\/wp-content\/uploads\/2022\/02\/Rakow-Wisla-59-1920x1280.jpg 1920w, https:\/\/gazetaregionalna.com\/wp-content\/uploads\/2022\/02\/Rakow-Wisla-59-630x420.jpg 630w, https:\/\/gazetaregionalna.com\/wp-content\/uploads\/2022\/02\/Rakow-Wisla-59-scaled.jpg 1600w\" data-sizes=\"(max-width: 1024px) 100vw, 1024px\" src=\"data:image\/svg+xml;base64,PHN2ZyB3aWR0aD0iMSIgaGVpZ2h0PSIxIiB4bWxucz0iaHR0cDovL3d3dy53My5vcmcvMjAwMC9zdmciPjwvc3ZnPg==\" style=\"--smush-placeholder-width: 1024px; --smush-placeholder-aspect-ratio: 1024\/683;\" \/><\/figure>\n\n\n\n<figure class=\"wp-block-image size-large\"><img decoding=\"async\" width=\"300\" height=\"250\" data-src=\"https:\/\/gazetaregionalna.com\/wp-content\/uploads\/2021\/10\/DMKInvest2.jpg\" alt=\"\" class=\"wp-image-58380 lazyload\" src=\"data:image\/svg+xml;base64,PHN2ZyB3aWR0aD0iMSIgaGVpZ2h0PSIxIiB4bWxucz0iaHR0cDovL3d3dy53My5vcmcvMjAwMC9zdmciPjwvc3ZnPg==\" style=\"--smush-placeholder-width: 300px; --smush-placeholder-aspect-ratio: 300\/250;\"><\/figure>\n\n\n\n<figure class=\"wp-block-image size-large\"><img decoding=\"async\" width=\"1024\" height=\"683\" data-src=\"https:\/\/gazetaregionalna.com\/wp-content\/uploads\/2021\/09\/Radomiak-5-1024x683.jpg\" alt=\"\" class=\"wp-image-57300 lazyload\" data-srcset=\"https:\/\/gazetaregionalna.com\/wp-content\/uploads\/2021\/09\/Radomiak-5-1024x683.jpg 1024w, https:\/\/gazetaregionalna.com\/wp-content\/uploads\/2021\/09\/Radomiak-5-300x200.jpg 300w, https:\/\/gazetaregionalna.com\/wp-content\/uploads\/2021\/09\/Radomiak-5-768x512.jpg 768w, https:\/\/gazetaregionalna.com\/wp-content\/uploads\/2021\/09\/Radomiak-5-1536x1024.jpg 1536w, https:\/\/gazetaregionalna.com\/wp-content\/uploads\/2021\/09\/Radomiak-5-2048x1365.jpg 2048w, https:\/\/gazetaregionalna.com\/wp-content\/uploads\/2021\/09\/Radomiak-5-696x464.jpg 696w, https:\/\/gazetaregionalna.com\/wp-content\/uploads\/2021\/09\/Radomiak-5-1068x712.jpg 1068w, https:\/\/gazetaregionalna.com\/wp-content\/uploads\/2021\/09\/Radomiak-5-1920x1280.jpg 1920w, https:\/\/gazetaregionalna.com\/wp-content\/uploads\/2021\/09\/Radomiak-5-630x420.jpg 630w, https:\/\/gazetaregionalna.com\/wp-content\/uploads\/2021\/09\/Radomiak-5-scaled.jpg 1600w\" data-sizes=\"(max-width: 1024px) 100vw, 1024px\" src=\"data:image\/svg+xml;base64,PHN2ZyB3aWR0aD0iMSIgaGVpZ2h0PSIxIiB4bWxucz0iaHR0cDovL3d3dy53My5vcmcvMjAwMC9zdmciPjwvc3ZnPg==\" style=\"--smush-placeholder-width: 1024px; --smush-placeholder-aspect-ratio: 1024\/683;\" \/><\/figure>\n","protected":false},"excerpt":{"rendered":"<p>&#8211; Ciesz\u0119 si\u0119 i gratuluj\u0119 ca\u0142emu sztabowi szkoleniowemu, szatni i zawodnikom, \u017ce potrafili te informacje wykorzysta\u0107 i wygra\u0107 na tym terenie, gdzie w ekstraklasie,<\/p>\n","protected":false},"author":15,"featured_media":71111,"comment_status":"closed","ping_status":"open","sticky":false,"template":"","format":"standard","meta":{"_monsterinsights_skip_tracking":false,"_monsterinsights_sitenote_active":false,"_monsterinsights_sitenote_note":"","_monsterinsights_sitenote_category":0,"_uf_show_specific_survey":0,"_uf_disable_surveys":false,"footnotes":""},"categories":[5,6,94],"tags":[],"class_list":["post-71559","post","type-post","status-publish","format-standard","has-post-thumbnail","hentry","category-sport","category-pilka-nozna","category-polecane"],"_links":{"self":[{"href":"https:\/\/gazetaregionalna.com\/index.php?rest_route=\/wp\/v2\/posts\/71559","targetHints":{"allow":["GET"]}}],"collection":[{"href":"https:\/\/gazetaregionalna.com\/index.php?rest_route=\/wp\/v2\/posts"}],"about":[{"href":"https:\/\/gazetaregionalna.com\/index.php?rest_route=\/wp\/v2\/types\/post"}],"author":[{"embeddable":true,"href":"https:\/\/gazetaregionalna.com\/index.php?rest_route=\/wp\/v2\/users\/15"}],"replies":[{"embeddable":true,"href":"https:\/\/gazetaregionalna.com\/index.php?rest_route=%2Fwp%2Fv2%2Fcomments&post=71559"}],"version-history":[{"count":2,"href":"https:\/\/gazetaregionalna.com\/index.php?rest_route=\/wp\/v2\/posts\/71559\/revisions"}],"predecessor-version":[{"id":71562,"href":"https:\/\/gazetaregionalna.com\/index.php?rest_route=\/wp\/v2\/posts\/71559\/revisions\/71562"}],"wp:featuredmedia":[{"embeddable":true,"href":"https:\/\/gazetaregionalna.com\/index.php?rest_route=\/wp\/v2\/media\/71111"}],"wp:attachment":[{"href":"https:\/\/gazetaregionalna.com\/index.php?rest_route=%2Fwp%2Fv2%2Fmedia&parent=71559"}],"wp:term":[{"taxonomy":"category","embeddable":true,"href":"https:\/\/gazetaregionalna.com\/index.php?rest_route=%2Fwp%2Fv2%2Fcategories&post=71559"},{"taxonomy":"post_tag","embeddable":true,"href":"https:\/\/gazetaregionalna.com\/index.php?rest_route=%2Fwp%2Fv2%2Ftags&post=71559"}],"curies":[{"name":"wp","href":"https:\/\/api.w.org\/{rel}","templated":true}]}}