{"id":71523,"date":"2022-02-12T18:25:50","date_gmt":"2022-02-12T18:25:50","guid":{"rendered":"https:\/\/gazetaregionalna.com\/?p=71523"},"modified":"2022-02-12T18:25:51","modified_gmt":"2022-02-12T18:25:51","slug":"rakow-wygral-z-radomiakiem-i-jako-pierwszy-zdobyl-twierdze-radom","status":"publish","type":"post","link":"https:\/\/gazetaregionalna.com\/?p=71523","title":{"rendered":"Rak\u00f3w wygra\u0142 z Radomiakiem i jako pierwszy zdoby\u0142 twierdz\u0119 Radom!"},"content":{"rendered":"\n<p>Pi\u0142karze Rakowa w hicie 21 kolejki PKO BP Ekstraklasy wygra\u0142 w Radomiu z niepokonanym u siebie Radomiakiem. Gola na wag\u0119 trzech punkt\u00f3w zdoby\u0142 Giannis Papanikolau!<\/p>\n\n\n\n<p>Spotkanie Rakowa w Radomiu zapowiada\u0142o si\u0119 na trudny b\u00f3j. Radomiak w 10 meczach u sienie nie przegra\u0142 ani jednego. Ponadto mia\u0142 seri\u0119 spotka\u0144 bez pora\u017cki w PKO BP Ekstraklasie. Pi\u0142karze Rakowa maj\u0105 jednak du\u017ce ambicje i do Radomia jechali z wiar\u0105 w zwyci\u0119stwo. Tym bardziej, \u017ce Rak\u00f3w 2022 rok rozpocz\u0105\u0142 od zwyci\u0119stwa z Wis\u0142\u0105 Krak\u00f3w, a Radomiak zremisowa\u0142 z Wis\u0142\u0105 P\u0142ock. &#8211; Ka\u017cda seria ma sw\u00f3j koniec &#8211; m\u00f3wi\u0142 przed wyjazdem z optymizmem trener Rakowa Marek Papszun.<\/p>\n\n\n\n<p>Sobotnie spotkanie rozpocz\u0119\u0142o si\u0119 idealnie dla Rakowa. Ju\u017c w 1. minucie Giannis Papanikolau zdecydowa\u0142 si\u0119 na strza\u0142 zza pola karnego. Uderzy\u0142 przy s\u0142upku i pokona\u0142 bramkarza gospodarzy.<\/p>\n\n\n\n<p>Pi\u0142karze Rakowa w pierwszej po\u0142owie jeszcze drugi raz umie\u015bcili pi\u0142k\u0119 w bramce gospodarzy, ale s\u0119dziowie nie uznali gola.<\/p>\n\n\n\n<p>Po zmianie stron gospodarze mocniej zaatakowali, a Rak\u00f3w szuka\u0142 swych szans w szybkich atakach. W 63. minucie gola m\u00f3g\u0142 zdoby\u0107 Fran Tudor, kt\u00f3ry wykorzysta\u0142 b\u0142\u0105d bramkarza Radomiaka i odebra\u0142 mu pi\u0142k\u0119. Ale radomski golkiper zrehabilitowa\u0142 si\u0119 i wybi\u0142 pi\u0142k\u0119 Tudorowi spod n\u00f3g.<\/p>\n\n\n\n<p>W kolejnych minutach gry pi\u0142karze Rakowa rozbijali ataki Radomiaka i kontrolowali gr\u0119. Cz\u0119stochowianie utrzymali prowadzenie i po ostatnim gwizdku s\u0119dziego mogli cieszy\u0107 si\u0119 z bardzo wa\u017cnego zwyci\u0119stwa&#8230;<\/p>\n\n\n\n<p>Rak\u00f3w jako pierwszy wygra\u0142 w Radomiu i zdoby\u0142 twierdz\u0119 Radom. Czerwono-niebiescy zdobyli te\u017c wa\u017cne 3 punkty i awansowali na 2. miejsce w tabeli. Mog\u0105 jednak je straci\u0107 i wr\u00f3ci\u0107 na 3. pozycj\u0119, je\u015bli Pogo\u0144 Szczecin pokona w niedziel\u0119 Zag\u0142\u0119bie Lubin. Wa\u017cne jest te\u017c to, \u017ce dzi\u0119ki zwyci\u0119stwu w Radomiu Rak\u00f3w ma ju\u017c 5 punkt\u00f3w przewagi nad 4. w tabeli Radomiakiem.<\/p>\n\n\n\n<p>MR-K, foto: AK<\/p>\n\n\n\n<p><strong>Radomiak Radom \u2013 Rak\u00f3w Cz\u0119stochowa 0:1 (0:1)<\/strong><\/p>\n\n\n\n<p><strong>Bramka: 0:1 Papanikolau (1.).<\/strong><\/p>\n\n\n\n<p><strong>Rak\u00f3w:<\/strong> Kovacevi\u0107 \u2013 Petrasek, Arseni\u0107, Racovitan, Papanikolau, Lederman (57. Czy\u017c), Tudor, Kun, Wdowiak (74. Sorescu), Sturgeon (57. Ivi Lopez), Gutkovskis (74. Musiolik).<\/p>\n\n\n\n<figure class=\"wp-block-image size-large\"><img decoding=\"async\" width=\"1024\" height=\"683\" data-src=\"https:\/\/gazetaregionalna.com\/wp-content\/uploads\/2022\/02\/Rakow-Wisla-2-1024x683.jpg\" alt=\"\" class=\"wp-image-71089 lazyload\" data-srcset=\"https:\/\/gazetaregionalna.com\/wp-content\/uploads\/2022\/02\/Rakow-Wisla-2-1024x683.jpg 1024w, https:\/\/gazetaregionalna.com\/wp-content\/uploads\/2022\/02\/Rakow-Wisla-2-300x200.jpg 300w, https:\/\/gazetaregionalna.com\/wp-content\/uploads\/2022\/02\/Rakow-Wisla-2-768x512.jpg 768w, https:\/\/gazetaregionalna.com\/wp-content\/uploads\/2022\/02\/Rakow-Wisla-2-1536x1024.jpg 1536w, https:\/\/gazetaregionalna.com\/wp-content\/uploads\/2022\/02\/Rakow-Wisla-2-2048x1366.jpg 2048w, https:\/\/gazetaregionalna.com\/wp-content\/uploads\/2022\/02\/Rakow-Wisla-2-696x464.jpg 696w, https:\/\/gazetaregionalna.com\/wp-content\/uploads\/2022\/02\/Rakow-Wisla-2-1068x712.jpg 1068w, https:\/\/gazetaregionalna.com\/wp-content\/uploads\/2022\/02\/Rakow-Wisla-2-1920x1280.jpg 1920w, https:\/\/gazetaregionalna.com\/wp-content\/uploads\/2022\/02\/Rakow-Wisla-2-630x420.jpg 630w, https:\/\/gazetaregionalna.com\/wp-content\/uploads\/2022\/02\/Rakow-Wisla-2-scaled.jpg 1600w\" data-sizes=\"(max-width: 1024px) 100vw, 1024px\" src=\"data:image\/svg+xml;base64,PHN2ZyB3aWR0aD0iMSIgaGVpZ2h0PSIxIiB4bWxucz0iaHR0cDovL3d3dy53My5vcmcvMjAwMC9zdmciPjwvc3ZnPg==\" style=\"--smush-placeholder-width: 1024px; --smush-placeholder-aspect-ratio: 1024\/683;\" \/><\/figure>\n\n\n\n<figure class=\"wp-block-image size-large\"><img decoding=\"async\" width=\"300\" height=\"250\" data-src=\"https:\/\/gazetaregionalna.com\/wp-content\/uploads\/2021\/10\/DMKInvest2.jpg\" alt=\"\" class=\"wp-image-58380 lazyload\" src=\"data:image\/svg+xml;base64,PHN2ZyB3aWR0aD0iMSIgaGVpZ2h0PSIxIiB4bWxucz0iaHR0cDovL3d3dy53My5vcmcvMjAwMC9zdmciPjwvc3ZnPg==\" style=\"--smush-placeholder-width: 300px; --smush-placeholder-aspect-ratio: 300\/250;\"><\/figure>\n\n\n","protected":false},"excerpt":{"rendered":"<p>Pi\u0142karze Rakowa w hicie 21 kolejki PKO BP Ekstraklasy wygra\u0142 w Radomiu z niepokonanym u siebie Radomiakiem. Gola na wag\u0119 trzech punkt\u00f3w zdoby\u0142 Giannis<\/p>\n","protected":false},"author":15,"featured_media":71089,"comment_status":"closed","ping_status":"open","sticky":false,"template":"","format":"standard","meta":{"_monsterinsights_skip_tracking":false,"_monsterinsights_sitenote_active":false,"_monsterinsights_sitenote_note":"","_monsterinsights_sitenote_category":0,"_uf_show_specific_survey":0,"_uf_disable_surveys":false,"footnotes":""},"categories":[94,6,5],"tags":[],"class_list":["post-71523","post","type-post","status-publish","format-standard","has-post-thumbnail","hentry","category-polecane","category-pilka-nozna","category-sport"],"_links":{"self":[{"href":"https:\/\/gazetaregionalna.com\/index.php?rest_route=\/wp\/v2\/posts\/71523","targetHints":{"allow":["GET"]}}],"collection":[{"href":"https:\/\/gazetaregionalna.com\/index.php?rest_route=\/wp\/v2\/posts"}],"about":[{"href":"https:\/\/gazetaregionalna.com\/index.php?rest_route=\/wp\/v2\/types\/post"}],"author":[{"embeddable":true,"href":"https:\/\/gazetaregionalna.com\/index.php?rest_route=\/wp\/v2\/users\/15"}],"replies":[{"embeddable":true,"href":"https:\/\/gazetaregionalna.com\/index.php?rest_route=%2Fwp%2Fv2%2Fcomments&post=71523"}],"version-history":[{"count":1,"href":"https:\/\/gazetaregionalna.com\/index.php?rest_route=\/wp\/v2\/posts\/71523\/revisions"}],"predecessor-version":[{"id":71524,"href":"https:\/\/gazetaregionalna.com\/index.php?rest_route=\/wp\/v2\/posts\/71523\/revisions\/71524"}],"wp:featuredmedia":[{"embeddable":true,"href":"https:\/\/gazetaregionalna.com\/index.php?rest_route=\/wp\/v2\/media\/71089"}],"wp:attachment":[{"href":"https:\/\/gazetaregionalna.com\/index.php?rest_route=%2Fwp%2Fv2%2Fmedia&parent=71523"}],"wp:term":[{"taxonomy":"category","embeddable":true,"href":"https:\/\/gazetaregionalna.com\/index.php?rest_route=%2Fwp%2Fv2%2Fcategories&post=71523"},{"taxonomy":"post_tag","embeddable":true,"href":"https:\/\/gazetaregionalna.com\/index.php?rest_route=%2Fwp%2Fv2%2Ftags&post=71523"}],"curies":[{"name":"wp","href":"https:\/\/api.w.org\/{rel}","templated":true}]}}