{"id":71350,"date":"2022-02-10T08:34:10","date_gmt":"2022-02-10T08:34:10","guid":{"rendered":"https:\/\/gazetaregionalna.com\/?p=71350"},"modified":"2022-02-10T08:34:11","modified_gmt":"2022-02-10T08:34:11","slug":"prowadzil-auto-na-podwojnym-gazie-mimo-sadowego-zakazu","status":"publish","type":"post","link":"https:\/\/gazetaregionalna.com\/?p=71350","title":{"rendered":"Prowadzi\u0142 auto na podw\u00f3jnym gazie mimo s\u0105dowego zakazu"},"content":{"rendered":"\n<h2 class=\"wp-block-heading\">Myszkowscy policjanci zatrzymali 50-letniego mieszka\u0144ca Myszkowa, kt\u00f3ry prowadzi\u0142 auto na podw\u00f3jnym gazie. M\u0119\u017cczyzna ma\u0142o, \u017ce wsiad\u0142 za k\u00f3\u0142ko po wypiciu alkoholu, to dodatkowo zrobi\u0142 to mimo s\u0105dowego zakazu prowadzenia pojazd\u00f3w mechanicznych.<\/h2>\n\n\n\n<p>Patrol Komendy Powiatowej Policji w Myszkowie zatrzyma\u0142 50-latka na ulicy Sikorskiego.<\/p>\n\n\n\n<p>W trakcie skontrolowali kierowcy skody fabia okaza\u0142o si\u0119, \u017ce jest on pijany. Badanie wykaza\u0142o ponad promil alkoholu w organizmie. Po sprawdzeniu w policyjnych systemach wysz\u0142o na jaw, \u017ce m\u0119\u017cczyzna nie powinien w og\u00f3le siada\u0107 \u201eza k\u00f3\u0142ko\u201d , bowiem S\u0105d Rejonowy w Myszkowie wyda\u0142 mu zakaz prowadzenia pojazd\u00f3w mechanicznych<\/p>\n\n\n\n<p>Teraz za jazd\u0119 pod wp\u0142ywem alkoholu i z\u0142amanie zakazu myszkowianin odpowie przed s\u0105dem.<\/p>\n","protected":false},"excerpt":{"rendered":"<p>Myszkowscy policjanci zatrzymali 50-letniego mieszka\u0144ca Myszkowa, kt\u00f3ry prowadzi\u0142 auto na podw\u00f3jnym gazie. M\u0119\u017cczyzna ma\u0142o, \u017ce wsiad\u0142 za k\u00f3\u0142ko po wypiciu alkoholu, to dodatkowo zrobi\u0142<\/p>\n","protected":false},"author":7,"featured_media":70747,"comment_status":"closed","ping_status":"open","sticky":false,"template":"","format":"standard","meta":{"_monsterinsights_skip_tracking":false,"_monsterinsights_sitenote_active":false,"_monsterinsights_sitenote_note":"","_monsterinsights_sitenote_category":0,"_uf_show_specific_survey":0,"_uf_disable_surveys":false,"footnotes":""},"categories":[94,26,4,2],"tags":[],"class_list":["post-71350","post","type-post","status-publish","format-standard","has-post-thumbnail","hentry","category-polecane","category-myszkow","category-region","category-wiadomosci"],"_links":{"self":[{"href":"https:\/\/gazetaregionalna.com\/index.php?rest_route=\/wp\/v2\/posts\/71350","targetHints":{"allow":["GET"]}}],"collection":[{"href":"https:\/\/gazetaregionalna.com\/index.php?rest_route=\/wp\/v2\/posts"}],"about":[{"href":"https:\/\/gazetaregionalna.com\/index.php?rest_route=\/wp\/v2\/types\/post"}],"author":[{"embeddable":true,"href":"https:\/\/gazetaregionalna.com\/index.php?rest_route=\/wp\/v2\/users\/7"}],"replies":[{"embeddable":true,"href":"https:\/\/gazetaregionalna.com\/index.php?rest_route=%2Fwp%2Fv2%2Fcomments&post=71350"}],"version-history":[{"count":2,"href":"https:\/\/gazetaregionalna.com\/index.php?rest_route=\/wp\/v2\/posts\/71350\/revisions"}],"predecessor-version":[{"id":71352,"href":"https:\/\/gazetaregionalna.com\/index.php?rest_route=\/wp\/v2\/posts\/71350\/revisions\/71352"}],"wp:featuredmedia":[{"embeddable":true,"href":"https:\/\/gazetaregionalna.com\/index.php?rest_route=\/wp\/v2\/media\/70747"}],"wp:attachment":[{"href":"https:\/\/gazetaregionalna.com\/index.php?rest_route=%2Fwp%2Fv2%2Fmedia&parent=71350"}],"wp:term":[{"taxonomy":"category","embeddable":true,"href":"https:\/\/gazetaregionalna.com\/index.php?rest_route=%2Fwp%2Fv2%2Fcategories&post=71350"},{"taxonomy":"post_tag","embeddable":true,"href":"https:\/\/gazetaregionalna.com\/index.php?rest_route=%2Fwp%2Fv2%2Ftags&post=71350"}],"curies":[{"name":"wp","href":"https:\/\/api.w.org\/{rel}","templated":true}]}}