{"id":71208,"date":"2022-02-07T23:14:28","date_gmt":"2022-02-07T23:14:28","guid":{"rendered":"https:\/\/gazetaregionalna.com\/?p=71208"},"modified":"2022-02-08T22:14:14","modified_gmt":"2022-02-08T22:14:14","slug":"umowa-centrum-dydaktyczne-nauk-medycznych","status":"publish","type":"post","link":"https:\/\/gazetaregionalna.com\/?p=71208","title":{"rendered":"W Cz\u0119stochowie podpisano umow\u0119 na budow\u0119 Centrum Dydaktycznego Nauk Medycznych i Nauk o Zdrowiu"},"content":{"rendered":"\n<h2 class=\"wp-block-heading\">Umowa na wykonanie dokumentacji zosta\u0142a podpisana. To krok do budowy  Centrum Dydaktycznego Nauk Medycznych i Nauk o Zdrowiu w Cz\u0119stochowie.<\/h2>\n\n\n\n<p>W czwartek, 3 lutego rektor Uniwersytetu Humanistyczno-Przyrodniczego im. D\u0142ugosza w Cz\u0119stochowie prof. dr hab. Anna Wypych-Gawro\u0144ska podpisa\u0142a umow\u0119 z biurem architektonicznym P2PA sp. z o.o. z Wroc\u0142awia na wykonanie dokumentacji projektowo-kosztorysowej. To konieczny krok do tego, by przej\u015b\u0107 do dalszego etapu realizacji inwestycji, czyli przyst\u0105pienia do budowy Centrum Dydaktycznego Nauk Medycznych i Nauk o Zdrowiu. Wykonawc\u0119 umowy reprezentowali: Maciej Pop\u0142awski oraz Jakub Podg\u00f3rski.<\/p>\n\n\n\n<figure class=\"wp-block-image size-large\"><img decoding=\"async\" width=\"897\" height=\"591\" data-src=\"https:\/\/gazetaregionalna.com\/wp-content\/uploads\/2022\/02\/3-b75bc275fd.jpg\" alt=\"\" class=\"wp-image-71211 lazyload\" data-srcset=\"https:\/\/gazetaregionalna.com\/wp-content\/uploads\/2022\/02\/3-b75bc275fd.jpg 897w, https:\/\/gazetaregionalna.com\/wp-content\/uploads\/2022\/02\/3-b75bc275fd-300x198.jpg 300w, https:\/\/gazetaregionalna.com\/wp-content\/uploads\/2022\/02\/3-b75bc275fd-768x506.jpg 768w, https:\/\/gazetaregionalna.com\/wp-content\/uploads\/2022\/02\/3-b75bc275fd-696x459.jpg 696w, https:\/\/gazetaregionalna.com\/wp-content\/uploads\/2022\/02\/3-b75bc275fd-637x420.jpg 637w\" data-sizes=\"(max-width: 897px) 100vw, 897px\" src=\"data:image\/svg+xml;base64,PHN2ZyB3aWR0aD0iMSIgaGVpZ2h0PSIxIiB4bWxucz0iaHR0cDovL3d3dy53My5vcmcvMjAwMC9zdmciPjwvc3ZnPg==\" style=\"--smush-placeholder-width: 897px; --smush-placeholder-aspect-ratio: 897\/591;\" \/><figcaption>Na zdj\u0119ciu od lewej: Jakub Podg\u00f3rski &#8211; Wiceprezes P2PA sp. z o.o , Maciej Pop\u0142awski &#8211; Prezes P2PA sp. z o.o i prof. dr hab. Anna Wypych-Gawro\u0144ska &#8211; JM Rektor (mat. UJD)<\/figcaption><\/figure>\n\n\n\n<p>W cz\u0119\u015bci roboczej uzgodniono plany uszczeg\u00f3\u0142owienia projektu, tak by jak najlepiej przystosowa\u0107 go do potrzeb i oczekiwa\u0144 naukowc\u00f3w oraz kszta\u0142conych w przysz\u0142o\u015bci student\u00f3w. Wed\u0142ug umowy, w ci\u0105gu dziesi\u0119ciu miesi\u0119cy powstanie pe\u0142na dokumentacja, wraz z uzyskaniem decyzji o pozwolenie na budow\u0119. W\u00f3wczas Uniwersytet b\u0119dzie m\u00f3g\u0142 rozpisa\u0107 post\u0119powanie przetargowe na budow\u0119 Centrum.<\/p>\n\n\n\n<p>Dodajmy tu, \u017ce og\u0142oszenie wynik\u00f3w konkursu na koncepcj\u0119 architektoniczn\u0105 budynku Centrum Dydaktycznego Nauk Medycznych i Nauk o Zdrowiu Uniwersytetu Humanistyczno-Przyrodniczego im. Jana D\u0142ugosza w Cz\u0119stochowie odby\u0142o si\u0119 22 czerwca 2021 r. Werdykt og\u0142osi\u0142 w\u00f3wczas Przewodnicz\u0105cy S\u0105du Konkursowego dr in\u017c. arch. Andrzej Grzybowski, prof. WST (SARP oddzia\u0142 Katowice). Zgodnie z nim pierwsz\u0105 nagrod\u0119 otrzyma\u0142a praca nades\u0142ana przez biuro architektoniczne P2PA sp. z o.o. z Wroc\u0142awia. Na konkurs nades\u0142ano w sumie 44 prace.<\/p>\n\n\n\n<figure class=\"wp-block-image size-large\"><img decoding=\"async\" width=\"1024\" height=\"676\" data-src=\"https:\/\/gazetaregionalna.com\/wp-content\/uploads\/2022\/02\/1-44ef7121e8-1024x676.jpg\" alt=\"\" class=\"wp-image-71210 lazyload\" data-srcset=\"https:\/\/gazetaregionalna.com\/wp-content\/uploads\/2022\/02\/1-44ef7121e8-1024x676.jpg 1024w, https:\/\/gazetaregionalna.com\/wp-content\/uploads\/2022\/02\/1-44ef7121e8-300x198.jpg 300w, https:\/\/gazetaregionalna.com\/wp-content\/uploads\/2022\/02\/1-44ef7121e8-768x507.jpg 768w, https:\/\/gazetaregionalna.com\/wp-content\/uploads\/2022\/02\/1-44ef7121e8-696x459.jpg 696w, https:\/\/gazetaregionalna.com\/wp-content\/uploads\/2022\/02\/1-44ef7121e8-1068x705.jpg 1068w, https:\/\/gazetaregionalna.com\/wp-content\/uploads\/2022\/02\/1-44ef7121e8-636x420.jpg 636w, https:\/\/gazetaregionalna.com\/wp-content\/uploads\/2022\/02\/1-44ef7121e8.jpg 1280w\" data-sizes=\"(max-width: 1024px) 100vw, 1024px\" src=\"data:image\/svg+xml;base64,PHN2ZyB3aWR0aD0iMSIgaGVpZ2h0PSIxIiB4bWxucz0iaHR0cDovL3d3dy53My5vcmcvMjAwMC9zdmciPjwvc3ZnPg==\" style=\"--smush-placeholder-width: 1024px; --smush-placeholder-aspect-ratio: 1024\/676;\" \/><figcaption>mat. UJD<\/figcaption><\/figure>\n\n\n\n<p>S\u0105d Konkursowy oceni\u0142, \u017ce praca wroc\u0142awskiej pracowni w najwi\u0119kszym stopniu spe\u0142nia\u0142a wymagania okre\u015blone w regulaminie konkursu. Prezentuje wysok\u0105 jako\u015b\u0107 rozwi\u0105za\u0144 funkcjonalno-przestrzennych, zw\u0142aszcza w\u0142a\u015bciwe strefowanie funkcji oraz czytelny i oszcz\u0119dny uk\u0142ad komunikacji wewn\u0119trznej. Charakteryzuje si\u0119 wsp\u00f3\u0142czesn\u0105, oryginaln\u0105 form\u0105 budynku, a w szczeg\u00f3lno\u015bci rozwi\u0105zaniem uk\u0142adu komunikacji pionowej. Projekt stwarza r\u00f3wnie\u017c mo\u017cliwo\u015bci uzyskania optymalnej relacji poniesionych nak\u0142ad\u00f3w do koszt\u00f3w widoczn\u0105 szczeg\u00f3lnie w zwartej bryle budynku.<\/p>\n\n\n\n<p>Centrum Dydaktyczne Nauk Medycznych i Nauk o Zdrowiu powstanie na terenie kampusu uniwersyteckiego, w miejscu gdzie obecnie znajduje si\u0119 dawny obiekt wykorzystywany przed laty przez Instytut Muzyki (ul. Ch\u0142opickiego 3). Obecnie jest on wy\u0142\u0105czony z eksploatacji. Nowy budynek o powierzchni ok. 3 tys. metr\u00f3w kwadratowych pomie\u015bci cho\u0107by sale wyk\u0142adowe i pracownie laboratoryjne (m.in. histologii, fizjologii, mikrobiologii czy biotechnologii medycznej). Szczeg\u00f3\u0142y: <a href=\"https:\/\/www.ujd.edu.pl\/\" target=\"_blank\" rel=\"noopener\">www.ujd.edu.pl<\/a>.<\/p>\n\n\n\n<p><strong>ZS<\/strong><\/p>\n","protected":false},"excerpt":{"rendered":"<p>Umowa na wykonanie dokumentacji zosta\u0142a podpisana. To krok do budowy Centrum Dydaktycznego Nauk Medycznych i Nauk o Zdrowiu w Cz\u0119stochowie. W czwartek, 3 lutego<\/p>\n","protected":false},"author":18,"featured_media":71212,"comment_status":"closed","ping_status":"open","sticky":false,"template":"","format":"standard","meta":{"_monsterinsights_skip_tracking":false,"_monsterinsights_sitenote_active":false,"_monsterinsights_sitenote_note":"","_monsterinsights_sitenote_category":0,"_uf_show_specific_survey":0,"_uf_disable_surveys":false,"footnotes":""},"categories":[41,3,94,2,37],"tags":[3916,3202,3915],"class_list":["post-71208","post","type-post","status-publish","format-standard","has-post-thumbnail","hentry","category-edukacja","category-czestochowa-informacje","category-polecane","category-wiadomosci","category-zdrowie","tag-centrum-dydaktyczne-nauk-medycznych-i-nauk-o-zdrowiu","tag-ujd","tag-umowa"],"_links":{"self":[{"href":"https:\/\/gazetaregionalna.com\/index.php?rest_route=\/wp\/v2\/posts\/71208","targetHints":{"allow":["GET"]}}],"collection":[{"href":"https:\/\/gazetaregionalna.com\/index.php?rest_route=\/wp\/v2\/posts"}],"about":[{"href":"https:\/\/gazetaregionalna.com\/index.php?rest_route=\/wp\/v2\/types\/post"}],"author":[{"embeddable":true,"href":"https:\/\/gazetaregionalna.com\/index.php?rest_route=\/wp\/v2\/users\/18"}],"replies":[{"embeddable":true,"href":"https:\/\/gazetaregionalna.com\/index.php?rest_route=%2Fwp%2Fv2%2Fcomments&post=71208"}],"version-history":[{"count":4,"href":"https:\/\/gazetaregionalna.com\/index.php?rest_route=\/wp\/v2\/posts\/71208\/revisions"}],"predecessor-version":[{"id":71264,"href":"https:\/\/gazetaregionalna.com\/index.php?rest_route=\/wp\/v2\/posts\/71208\/revisions\/71264"}],"wp:featuredmedia":[{"embeddable":true,"href":"https:\/\/gazetaregionalna.com\/index.php?rest_route=\/wp\/v2\/media\/71212"}],"wp:attachment":[{"href":"https:\/\/gazetaregionalna.com\/index.php?rest_route=%2Fwp%2Fv2%2Fmedia&parent=71208"}],"wp:term":[{"taxonomy":"category","embeddable":true,"href":"https:\/\/gazetaregionalna.com\/index.php?rest_route=%2Fwp%2Fv2%2Fcategories&post=71208"},{"taxonomy":"post_tag","embeddable":true,"href":"https:\/\/gazetaregionalna.com\/index.php?rest_route=%2Fwp%2Fv2%2Ftags&post=71208"}],"curies":[{"name":"wp","href":"https:\/\/api.w.org\/{rel}","templated":true}]}}