{"id":7116,"date":"2019-10-13T10:13:44","date_gmt":"2019-10-13T10:13:44","guid":{"rendered":"https:\/\/gazetaregionalna.com\/?p=7116"},"modified":"2019-10-13T10:13:48","modified_gmt":"2019-10-13T10:13:48","slug":"nowe-swiatla-na-skrzyzowaniu","status":"publish","type":"post","link":"https:\/\/gazetaregionalna.com\/?p=7116","title":{"rendered":"Nowe \u015bwiat\u0142a na skrzy\u017cowaniu"},"content":{"rendered":"\n<p>Miasto porozumia\u0142o si\u0119 z prywatnym inwestorem i na skrzy\u017cowaniu ulic: Jagiello\u0144skiej, Rydza \u2013 \u015amig\u0142ego i R\u00f3wnoleg\u0142ej w Cz\u0119stochowie powstaje sygnalizacja \u015bwietlna. Ma ona poprawi\u0107 bezpiecze\u0144stwo w tym rejonie miasta. Projekt zosta\u0142 zaakceptowany przez Miejski Zarz\u0105d Dr\u00f3g i Transportu. System b\u0119dzie zintegrowany i zsynchronizowany z dzia\u0142aniem sygnalizacji na s\u0105siednich skrzy\u017cowaniach, aby nie ruch w tym rejonie Cz\u0119stochowa by\u0142 mo\u017cliwie jak najbardziej p\u0142ynny.<br> Przy okazji wyremontowana b\u0119dzie te\u017c nawierzchnia ul. Rydza \u2013 \u015amig\u0142ego. <\/p>\n\n\n\n<figure class=\"wp-block-image\"><img decoding=\"async\" width=\"900\" height=\"598\" data-src=\"https:\/\/gazetaregionalna.com\/wp-content\/uploads\/2019\/10\/swiatla2-1.jpg\" alt=\"\" class=\"wp-image-7117 lazyload\" data-srcset=\"https:\/\/gazetaregionalna.com\/wp-content\/uploads\/2019\/10\/swiatla2-1.jpg 900w, https:\/\/gazetaregionalna.com\/wp-content\/uploads\/2019\/10\/swiatla2-1-300x199.jpg 300w, https:\/\/gazetaregionalna.com\/wp-content\/uploads\/2019\/10\/swiatla2-1-768x510.jpg 768w, https:\/\/gazetaregionalna.com\/wp-content\/uploads\/2019\/10\/swiatla2-1-696x462.jpg 696w, https:\/\/gazetaregionalna.com\/wp-content\/uploads\/2019\/10\/swiatla2-1-632x420.jpg 632w\" data-sizes=\"(max-width: 900px) 100vw, 900px\" src=\"data:image\/svg+xml;base64,PHN2ZyB3aWR0aD0iMSIgaGVpZ2h0PSIxIiB4bWxucz0iaHR0cDovL3d3dy53My5vcmcvMjAwMC9zdmciPjwvc3ZnPg==\" style=\"--smush-placeholder-width: 900px; --smush-placeholder-aspect-ratio: 900\/598;\" \/><\/figure>\n\n\n\n<p>\u2014 I<em>nwestycja powinna pozytywnie wp\u0142yn\u0105\u0107 na kanalizowanie si\u0119 ruchu w obr\u0119bie skrzy\u017cowania nawet po potencjalnym zwi\u0119kszeniu jego nat\u0119\u017cenia<\/em> \u2014 m\u00f3wi Maciej Hasik, rzecznik MZDiT.  \u2014  <em>Nat\u0119\u017cenie mo\u017ce si\u0119 zwi\u0119kszy\u0107 po rozpocz\u0119ciu dzia\u0142alno\u015bci firmy, kt\u00f3ra pokrywa koszty wymienionych zada\u0144 drogowych w ramach porozumienia, a kt\u00f3rej siedziba znajduje si\u0119 na terenie pobliskiej nieruchomo\u015bci. Realizacja obu inwestycji zostanie sfinalizowana najp\u00f3\u017aniej z ko\u0144cem listopada bie\u017c\u0105cego roku.<\/em><\/p>\n","protected":false},"excerpt":{"rendered":"<p>Miasto porozumia\u0142o si\u0119 z prywatnym inwestorem i na skrzy\u017cowaniu ulic: Jagiello\u0144skiej, Rydza \u2013 \u015amig\u0142ego i R\u00f3wnoleg\u0142ej w Cz\u0119stochowie powstaje sygnalizacja \u015bwietlna. Ma ona poprawi\u0107<\/p>\n","protected":false},"author":7,"featured_media":7118,"comment_status":"open","ping_status":"open","sticky":false,"template":"","format":"standard","meta":{"_monsterinsights_skip_tracking":false,"_monsterinsights_sitenote_active":false,"_monsterinsights_sitenote_note":"","_monsterinsights_sitenote_category":0,"_uf_show_specific_survey":0,"_uf_disable_surveys":false,"footnotes":""},"categories":[3,33,18,94,2],"tags":[],"class_list":["post-7116","post","type-post","status-publish","format-standard","has-post-thumbnail","hentry","category-czestochowa-informacje","category-inwestycje","category-motoryzacja","category-polecane","category-wiadomosci"],"_links":{"self":[{"href":"https:\/\/gazetaregionalna.com\/index.php?rest_route=\/wp\/v2\/posts\/7116","targetHints":{"allow":["GET"]}}],"collection":[{"href":"https:\/\/gazetaregionalna.com\/index.php?rest_route=\/wp\/v2\/posts"}],"about":[{"href":"https:\/\/gazetaregionalna.com\/index.php?rest_route=\/wp\/v2\/types\/post"}],"author":[{"embeddable":true,"href":"https:\/\/gazetaregionalna.com\/index.php?rest_route=\/wp\/v2\/users\/7"}],"replies":[{"embeddable":true,"href":"https:\/\/gazetaregionalna.com\/index.php?rest_route=%2Fwp%2Fv2%2Fcomments&post=7116"}],"version-history":[{"count":1,"href":"https:\/\/gazetaregionalna.com\/index.php?rest_route=\/wp\/v2\/posts\/7116\/revisions"}],"predecessor-version":[{"id":7119,"href":"https:\/\/gazetaregionalna.com\/index.php?rest_route=\/wp\/v2\/posts\/7116\/revisions\/7119"}],"wp:featuredmedia":[{"embeddable":true,"href":"https:\/\/gazetaregionalna.com\/index.php?rest_route=\/wp\/v2\/media\/7118"}],"wp:attachment":[{"href":"https:\/\/gazetaregionalna.com\/index.php?rest_route=%2Fwp%2Fv2%2Fmedia&parent=7116"}],"wp:term":[{"taxonomy":"category","embeddable":true,"href":"https:\/\/gazetaregionalna.com\/index.php?rest_route=%2Fwp%2Fv2%2Fcategories&post=7116"},{"taxonomy":"post_tag","embeddable":true,"href":"https:\/\/gazetaregionalna.com\/index.php?rest_route=%2Fwp%2Fv2%2Ftags&post=7116"}],"curies":[{"name":"wp","href":"https:\/\/api.w.org\/{rel}","templated":true}]}}